{"id":114788,"date":"2020-04-22T11:40:24","date_gmt":"2020-04-22T14:40:24","guid":{"rendered":"http:\/\/www.24baires.com\/?p=114788"},"modified":"2020-04-22T11:25:36","modified_gmt":"2020-04-22T14:25:36","slug":"por-la-caida-mundial-del-petroleo-reclaman-una-baja-de-precios-en-los-combustibles","status":"publish","type":"post","link":"https:\/\/www.24baires.com\/?p=114788","title":{"rendered":"Por la ca\u00edda mundial del petr\u00f3leo, reclaman una baja de precios en los combustibles"},"content":{"rendered":"<p><img data-recalc-dims=\"1\" loading=\"lazy\" decoding=\"async\" src=\"https:\/\/i0.wp.com\/www.24baires.com\/wp-content\/uploads\/2014\/07\/cami%C3%B3n-nafta.jpg?resize=560%2C371\" alt=\"\" width=\"560\" height=\"371\" class=\"aligncenter size-full wp-image-49222\" srcset=\"https:\/\/i0.wp.com\/www.24baires.com\/wp-content\/uploads\/2014\/07\/cami%C3%B3n-nafta.jpg?w=560&amp;ssl=1 560w, https:\/\/i0.wp.com\/www.24baires.com\/wp-content\/uploads\/2014\/07\/cami%C3%B3n-nafta.jpg?resize=300%2C198&amp;ssl=1 300w\" sizes=\"auto, (max-width: 560px) 100vw, 560px\" \/>Desde la Federaci\u00f3n Argentina de Entidades Empresarias del Autotransporte de Cargas consider\u00f3 que no existen motivos para que los precios no bajen y que ser\u00eda vital para contener una econom\u00eda local en crisis.<!--more--><\/p>\n<p>La hist\u00f3rica ca\u00edda de los precios internacionales del petr\u00f3leo como consecuencia de la pandemia por el coronavirus tuvo un correlato en un descenso de los precios dom\u00e9sticos del combustible. Desde la Federaci\u00f3n Argentina de Entidades Empresarias del Autotransporte de Cargas (FADEEAC) consider\u00f3 que no existen motivos para que los precios no bajen y que ser\u00eda vital para contener una econom\u00eda local en crisis.<\/p>\n<p>El informe \u00abEl descenso de los precios del combustible como pol\u00edtica antic\u00edclica\u00bb presentado por la FADEEAC muestra el por qu\u00e9 frente a la hist\u00f3rica baja de los precios internacionales del petr\u00f3leo el precio del gasoil en Argentina se encuentran en torno a un 30% m\u00e1s caros de lo que deber\u00eda, y plantea la urgente necesidad de rediscutir y recrear una mejora sustancial del esquema de precios del combustible surgido a partir de octubre de 2017.<\/p>\n<p>\u201cDesde la irrupci\u00f3n y diseminaci\u00f3n del coronavirus el petr\u00f3leo cay\u00f3 de un promedio de u$s 60 por barril que cotiz\u00f3 durante el a\u00f1o 2019 y principios del a\u00f1o 2020, hasta menos de u$s 25 (variedad Brent, referencia en la Argentina) este lunes, valor m\u00ednimo en 20 a\u00f1os. En la mayor\u00eda de los pa\u00edses del mundo frente a este escenario los precios del combustible bajan, pero en Argentina siguen subiendo\u201d, afirm\u00f3 Mart\u00edn Borbea Antelo, Secretario General de FADEEAC.<\/p>\n<p>Seg\u00fan el informe desarrollado por el Departamento de Estudios Econ\u00f3micos y Costos el \u00abdescenso en el precio de los combustibles en el mercado interno implicar\u00eda una ganancia competitiva para la econom\u00eda real e impactar\u00eda positivamente en el descenso m\u00e1s r\u00e1pido de la tasa de inflaci\u00f3n, una de las principales metas del Estado Nacional para normalizar la macroeconom\u00eda\u00bb.<\/p>\n<p>El informe asegura que frente a este contexto externo e interno, si se realiza un an\u00e1lisis de los precios de equilibrio del gasoil para el Transporte de Carga teniendo en cuenta la f\u00f3rmula establecida en los acuerdos de desregulaci\u00f3n y de alineamiento de los precios internos a los internacionales se puede inferir que los precios del gasoil en el mercado argentino se encuentran en torno a un 30 % m\u00e1s caros de lo que deber\u00edan.<\/p>\n","protected":false},"excerpt":{"rendered":"<p>Desde la Federaci\u00f3n Argentina de Entidades Empresarias del Autotransporte de Cargas consider\u00f3 que no existen motivos para que los precios no bajen y que ser\u00eda vital para contener una econom\u00eda local en crisis.<\/p>\n","protected":false},"author":8,"featured_media":0,"comment_status":"open","ping_status":"open","sticky":false,"template":"","format":"standard","meta":{"_jetpack_newsletter_access":"","_jetpack_dont_email_post_to_subs":false,"_jetpack_newsletter_tier_id":0,"_jetpack_memberships_contains_paywalled_content":false,"_jetpack_memberships_contains_paid_content":false,"footnotes":""},"categories":[45],"tags":[],"class_list":["post-114788","post","type-post","status-publish","format-standard","hentry","category-economia"],"jetpack_featured_media_url":"","jetpack_shortlink":"https:\/\/wp.me\/p2JWE0-tRq","jetpack-related-posts":[{"id":24779,"url":"https:\/\/www.24baires.com\/?p=24779","url_meta":{"origin":114788,"position":0},"title":"Presentaron la Expo Transporte &#038; Log\u00edstica Olavarr\u00eda 2013","author":"AF","date":"31\/05\/2013","format":false,"excerpt":"El intendente Eseverri encabez\u00f3 la presentaci\u00f3n en el auditorio de la Federaci\u00f3n Argentina de Entidades Empresarias del Autotransporte de Cargas, en Capital Federal. Se realizar\u00e1 del 14 al 16 de noviembre en el Centro de Exposiciones Municipal de Olavarr\u00eda. La primera exposici\u00f3n de transporte y log\u00edstica de Olavarr\u00eda para la\u2026","rel":"","context":"En \u00abLocales\u00bb","block_context":{"text":"Locales","link":"https:\/\/www.24baires.com\/?cat=38"},"img":{"alt_text":"","src":"","width":0,"height":0},"classes":[]},{"id":59002,"url":"https:\/\/www.24baires.com\/?p=59002","url_meta":{"origin":114788,"position":1},"title":"Es el \u201cmercado\u201d, pavotes","author":"GB","date":"22\/12\/2014","format":false,"excerpt":"En las \u00faltimas semanas, una entidad bastante olvidada por la falta de protagonismo en el rumbo de la econom\u00eda global volvi\u00f3 al centro de la escena. Se trata de nuestra querida OPEP. Quiz\u00e1 si nombro la Organizaci\u00f3n de Pa\u00edses Exportadores de Petr\u00f3leo usted no tenga idea de lo que estoy\u2026","rel":"","context":"En \u00abOpini\u00f3n\u00bb","block_context":{"text":"Opini\u00f3n","link":"https:\/\/www.24baires.com\/?cat=64"},"img":{"alt_text":"barril petroleo","src":"https:\/\/i0.wp.com\/www.24baires.com\/wp-content\/uploads\/2014\/12\/barril-petroleo.jpg?resize=350%2C200","width":350,"height":200,"srcset":"https:\/\/i0.wp.com\/www.24baires.com\/wp-content\/uploads\/2014\/12\/barril-petroleo.jpg?resize=350%2C200 1x, https:\/\/i0.wp.com\/www.24baires.com\/wp-content\/uploads\/2014\/12\/barril-petroleo.jpg?resize=525%2C300 1.5x"},"classes":[]},{"id":105572,"url":"https:\/\/www.24baires.com\/?p=105572","url_meta":{"origin":114788,"position":2},"title":"El Gobierno busca que las petroleras bajen 10% los precios de las naftas","author":"GB","date":"23\/11\/2018","format":false,"excerpt":"Con el precio internacional del petr\u00f3leo en baja y el d\u00f3lar estable, el Gobierno pretende que las distribuidoras locales recorten al menos un 10% el valor de los combustibles de venta al p\u00fablico en diciembre. El objetivo es que los valores de los combustibles, al menos los \"premium\" bajen el\u2026","rel":"","context":"En \u00abConsumidores\u00bb","block_context":{"text":"Consumidores","link":"https:\/\/www.24baires.com\/?cat=78"},"img":{"alt_text":"","src":"https:\/\/i0.wp.com\/www.24baires.com\/wp-content\/uploads\/2013\/02\/surtidor-nafta.jpg?resize=350%2C200","width":350,"height":200,"srcset":"https:\/\/i0.wp.com\/www.24baires.com\/wp-content\/uploads\/2013\/02\/surtidor-nafta.jpg?resize=350%2C200 1x, https:\/\/i0.wp.com\/www.24baires.com\/wp-content\/uploads\/2013\/02\/surtidor-nafta.jpg?resize=525%2C300 1.5x"},"classes":[]},{"id":106682,"url":"https:\/\/www.24baires.com\/?p=106682","url_meta":{"origin":114788,"position":3},"title":"YPF no se qued\u00f3 atr\u00e1s y aument\u00f3 sus combustibles","author":"GB","date":"05\/02\/2019","format":false,"excerpt":"Del mismo modo que lo hizo Shell, la petrolera que posee acciones del Estado resolvi\u00f3 incrementar el valor de sus naftas y gasoil desde este martes. Luego de que Shell anunciara el aumento de 2 por ciento en sus combustibles, YPF dio a conocer que tambi\u00e9n subi\u00f3 el valor de\u2026","rel":"","context":"En \u00abEconom\u00eda\u00bb","block_context":{"text":"Econom\u00eda","link":"https:\/\/www.24baires.com\/?cat=45"},"img":{"alt_text":"","src":"https:\/\/i0.wp.com\/www.24baires.com\/wp-content\/uploads\/2014\/03\/naftas-surtidores-300x180.jpg?resize=350%2C200","width":350,"height":200},"classes":[]},{"id":95719,"url":"https:\/\/www.24baires.com\/?p=95719","url_meta":{"origin":114788,"position":4},"title":"Camioneros acord\u00f3 un aumento salarial de 23 por ciento","author":"GB","date":"06\/07\/2017","format":false,"excerpt":"De acuerdo con lo anunciado este jueves, la recomposici\u00f3n salarial ser\u00e1 abonada en tres tramos: 11 por ciento en julio, 6 en noviembre y otro 6 por para marzo de 2018. El gremio de Camioneros acord\u00f3 este jueves con los empresarios del autotransporte de cargas una suba salarial del 23\u2026","rel":"","context":"En \u00abPol\u00edtica\u00bb","block_context":{"text":"Pol\u00edtica","link":"https:\/\/www.24baires.com\/?cat=51"},"img":{"alt_text":"","src":"https:\/\/i0.wp.com\/www.24baires.com\/wp-content\/uploads\/2013\/07\/camioneros1-300x180.jpg?resize=350%2C200","width":350,"height":200},"classes":[]},{"id":107800,"url":"https:\/\/www.24baires.com\/?p=107800","url_meta":{"origin":114788,"position":5},"title":"Aunque Macri prometi\u00f3 suspender aumentos, la nafta volver\u00eda a subir en mayo","author":"AF","date":"24\/04\/2019","format":false,"excerpt":"Es que con el aumento del petr\u00f3leo y la disparada del d\u00f3lar los precios quedaron atrasados con la \u00faltima suba de marzo. Un rubro con el que el Gobierno no quiere meterse. Con un spot casero y una conferencia de prensa de ministros, el Gobierno Nacional anunci\u00f3 la semana pasada\u2026","rel":"","context":"En \u00abEconom\u00eda\u00bb","block_context":{"text":"Econom\u00eda","link":"https:\/\/www.24baires.com\/?cat=45"},"img":{"alt_text":"","src":"https:\/\/i0.wp.com\/www.24baires.com\/wp-content\/uploads\/2013\/02\/surtidor-nafta.jpg?resize=350%2C200","width":350,"height":200,"srcset":"https:\/\/i0.wp.com\/www.24baires.com\/wp-content\/uploads\/2013\/02\/surtidor-nafta.jpg?resize=350%2C200 1x, https:\/\/i0.wp.com\/www.24baires.com\/wp-content\/uploads\/2013\/02\/surtidor-nafta.jpg?resize=525%2C300 1.5x"},"classes":[]}],"jetpack_sharing_enabled":true,"jetpack_likes_enabled":true,"_links":{"self":[{"href":"https:\/\/www.24baires.com\/index.php?rest_route=\/wp\/v2\/posts\/114788","targetHints":{"allow":["GET"]}}],"collection":[{"href":"https:\/\/www.24baires.com\/index.php?rest_route=\/wp\/v2\/posts"}],"about":[{"href":"https:\/\/www.24baires.com\/index.php?rest_route=\/wp\/v2\/types\/post"}],"author":[{"embeddable":true,"href":"https:\/\/www.24baires.com\/index.php?rest_route=\/wp\/v2\/users\/8"}],"replies":[{"embeddable":true,"href":"https:\/\/www.24baires.com\/index.php?rest_route=%2Fwp%2Fv2%2Fcomments&post=114788"}],"version-history":[{"count":1,"href":"https:\/\/www.24baires.com\/index.php?rest_route=\/wp\/v2\/posts\/114788\/revisions"}],"predecessor-version":[{"id":114789,"href":"https:\/\/www.24baires.com\/index.php?rest_route=\/wp\/v2\/posts\/114788\/revisions\/114789"}],"wp:attachment":[{"href":"https:\/\/www.24baires.com\/index.php?rest_route=%2Fwp%2Fv2%2Fmedia&parent=114788"}],"wp:term":[{"taxonomy":"category","embeddable":true,"href":"https:\/\/www.24baires.com\/index.php?rest_route=%2Fwp%2Fv2%2Fcategories&post=114788"},{"taxonomy":"post_tag","embeddable":true,"href":"https:\/\/www.24baires.com\/index.php?rest_route=%2Fwp%2Fv2%2Ftags&post=114788"}],"curies":[{"name":"wp","href":"https:\/\/api.w.org\/{rel}","templated":true}]}}