{"id":114786,"date":"2020-04-22T11:16:53","date_gmt":"2020-04-22T14:16:53","guid":{"rendered":"http:\/\/www.24baires.com\/?p=114786"},"modified":"2020-04-22T11:16:53","modified_gmt":"2020-04-22T14:16:53","slug":"el-gobierno-lanzo-el-proceso-con-emision-de-bonos-en-moneda-extranjera","status":"publish","type":"post","link":"https:\/\/www.24baires.com\/?p=114786","title":{"rendered":"El Gobierno lanz\u00f3 el proceso con emisi\u00f3n de bonos en moneda extranjera"},"content":{"rendered":"<p><img data-recalc-dims=\"1\" loading=\"lazy\" decoding=\"async\" src=\"https:\/\/i0.wp.com\/www.24baires.com\/wp-content\/uploads\/2017\/02\/casa-rosada.jpg?resize=560%2C314\" alt=\"\" width=\"560\" height=\"314\" class=\"aligncenter size-full wp-image-92298\" srcset=\"https:\/\/i0.wp.com\/www.24baires.com\/wp-content\/uploads\/2017\/02\/casa-rosada.jpg?w=560&amp;ssl=1 560w, https:\/\/i0.wp.com\/www.24baires.com\/wp-content\/uploads\/2017\/02\/casa-rosada.jpg?resize=300%2C168&amp;ssl=1 300w\" sizes=\"auto, (max-width: 560px) 100vw, 560px\" \/>Es la presentaci\u00f3n formal de la reestructuraci\u00f3n que se llev\u00f3 a cabo mediante el Decreto 391\/20 y que fue publicado este mi\u00e9rcoles en el Bolet\u00edn Oficial, oficializando as\u00ed la oferta presentada a sus acreedores privados el viernes pasado.<!--more--><\/p>\n<p>El Gobierno nacional lanz\u00f3 este martes la emisi\u00f3n de los nuevos t\u00edtulos de la deuda externa en d\u00f3lares y en euros, donde el Ejecutivo invita a los actuales tenedores de los bonos que se encuentran en circulaci\u00f3n a canjearlos, en el marco del proceso de reestructuraci\u00f3n que se anunci\u00f3 hace unos d\u00edas y que present\u00f3 a sus acreedores el pasado viernes.<\/p>\n<p>La oferta contempla una quita del 62 por ciento sobre los intereses y de 5,4 por ciento sobre el capital para comenzar a pagar en 2023, tras un pedido de gracia por tres a\u00f1os. La resoluci\u00f3n qued\u00f3 oficializada a trav\u00e9s del Decreto 391\/2020, el cual dispone la reestructuraci\u00f3n de la deuda externa para los t\u00edtulos legislados bajo ley extranjera.<\/p>\n<p>Se trata, entonces, del mecanismo que comenz\u00f3 la semana pasada cuando el Gobierno hizo p\u00fablica la oferta a los acreedores que se concret\u00f3 ayer ante la Securities and Exchange Comission (SEC). Tanto el presidente, Alberto Fern\u00e1ndez como el ministro de Econom\u00eda, Mart\u00edn Guzm\u00e1n aseguraron que se trata de una propuesta que \u00abArgentina puede cumplir\u00bb, mientras que los acreedores ya mostraron su rechazo.<\/p>\n<p>En su art\u00edculo 1, el Decreto expresa que los alcances, t\u00e9rminos y condiciones de los nuevos t\u00edtulos se encuentran en un extenso anexo denominado \u00abSuplemento del Prospecto\u00bb.<\/p>\n<p>El art\u00edculo 2 establece que \u00abel monto m\u00e1ximo de emisi\u00f3n para el conjunto de las series denominadas en d\u00f3lares, no podr\u00e1 ser superior a un valor nominal de 44.500.000.000 d\u00f3lares estadounidenses\u00bb. Por su parte, determina que \u00abel monto m\u00e1ximo de emisi\u00f3n para el conjunto de las series denominadas en Euros no podr\u00e1 ser superior a un valor nominal de 17.600.000.000 euros\u00bb.<\/p>\n<p>Por otro lado, en los considerandos del decreto publicado este martes se destaca que \u00abpor la Resoluci\u00f3n N\u00b0 130 del 12 de marzo de 2020 del Ministerio de Econom\u00eda se dispuso la registraci\u00f3n ante la Security Exchange Comission de un primer monto de 30.500.000.000 d\u00f3lares y que por la Nota N\u00b0 NO-2020-25494249-APN-MEC del 13 de abril de 2020, se ampli\u00f3 el antedicho monto por 20.000.000.000 d\u00f3lares\u00bb.<\/p>\n<p>M\u00e1s adelante, el gobierno nacional considera en el decreto 391\/2020, publicado este martes, \u00abque la propuesta dise\u00f1ada permitir\u00e1 al Estado Nacional restaurar la sostenibilidad de la deuda p\u00fablica emitida bajo Ley Extranjera, permiti\u00e9ndole de esta forma hacer frente a servicios de deuda acordes con la capacidad de pago de la Rep\u00fablica Argentina conforme fuera expuesto por Unidad de Gesti\u00f3n de Sostenibilidad de la Deuda P\u00fablica Externa\u00bb.<\/p>\n<p>Al mismo tiempo, la normativa oficial destaca que \u00aben virtud de las caracter\u00edsticas particulares de la oferta descripta, el mejoramiento en el perfil de vencimientos resultante es consistente con un sendero de crecimiento econ\u00f3mico sostenible, condici\u00f3n necesaria para restaurar la capacidad de pago de la Rep\u00fablica Argentina\u00bb.<\/p>\n","protected":false},"excerpt":{"rendered":"<p>Es la presentaci\u00f3n formal de la reestructuraci\u00f3n que se llev\u00f3 a cabo mediante el Decreto 391\/20 y que fue publicado este mi\u00e9rcoles en el Bolet\u00edn Oficial, oficializando as\u00ed la oferta presentada a sus acreedores privados el viernes pasado.<\/p>\n","protected":false},"author":8,"featured_media":0,"comment_status":"open","ping_status":"open","sticky":false,"template":"","format":"standard","meta":{"_jetpack_newsletter_access":"","_jetpack_dont_email_post_to_subs":false,"_jetpack_newsletter_tier_id":0,"_jetpack_memberships_contains_paywalled_content":false,"_jetpack_memberships_contains_paid_content":false,"footnotes":""},"categories":[45],"tags":[],"class_list":["post-114786","post","type-post","status-publish","format-standard","hentry","category-economia"],"jetpack_featured_media_url":"","jetpack_shortlink":"https:\/\/wp.me\/p2JWE0-tRo","jetpack-related-posts":[{"id":114843,"url":"https:\/\/www.24baires.com\/?p=114843","url_meta":{"origin":114786,"position":0},"title":"Un grupo de acreedores rechaz\u00f3 la oferta de canje de Kicillof","author":"AF","date":"27\/04\/2020","format":false,"excerpt":"El 40% de los tenedores de deuda rechaz\u00f3 la propuesta del gobierno bonaerense.\"No representa la verdadera capacidad de pago\u201d de la Provincia, aseguraron. Un grupo de acreedores de la provincia de Buenos Aires rechaz\u00f3 la propuesta de renegociaci\u00f3n de la deuda que present\u00f3 la semana pasada el gobierno de Axel\u2026","rel":"","context":"En \u00abEconom\u00eda\u00bb","block_context":{"text":"Econom\u00eda","link":"https:\/\/www.24baires.com\/?cat=45"},"img":{"alt_text":"","src":"https:\/\/i0.wp.com\/www.24baires.com\/wp-content\/uploads\/2018\/07\/d%C3%B3lar.jpg?resize=350%2C200","width":350,"height":200,"srcset":"https:\/\/i0.wp.com\/www.24baires.com\/wp-content\/uploads\/2018\/07\/d%C3%B3lar.jpg?resize=350%2C200 1x, https:\/\/i0.wp.com\/www.24baires.com\/wp-content\/uploads\/2018\/07\/d%C3%B3lar.jpg?resize=525%2C300 1.5x"},"classes":[]},{"id":116224,"url":"https:\/\/www.24baires.com\/?p=116224","url_meta":{"origin":114786,"position":1},"title":"Kicillof posterg\u00f3 el plazo para reestructurar la deuda","author":"AF","date":"14\/09\/2020","format":false,"excerpt":"Se trata de una negociaci\u00f3n que ser\u00e1 clave para definir el futuro de los bonos de otras once provincias del pa\u00eds. El gobernador de la provincia de Buenos Aires, Axel Kicillof, extendi\u00f3 este lunes, por s\u00e9ptima vez, el plazo de aceptaci\u00f3n de la oferta de reestructuraci\u00f3n de duda por US$\u2026","rel":"","context":"En \u00abProvincia\u00bb","block_context":{"text":"Provincia","link":"https:\/\/www.24baires.com\/?cat=40"},"img":{"alt_text":"","src":"https:\/\/i0.wp.com\/www.24baires.com\/wp-content\/uploads\/2020\/07\/kicillof-arroyo.jpeg?resize=350%2C200","width":350,"height":200,"srcset":"https:\/\/i0.wp.com\/www.24baires.com\/wp-content\/uploads\/2020\/07\/kicillof-arroyo.jpeg?resize=350%2C200 1x, https:\/\/i0.wp.com\/www.24baires.com\/wp-content\/uploads\/2020\/07\/kicillof-arroyo.jpeg?resize=525%2C300 1.5x"},"classes":[]},{"id":114020,"url":"https:\/\/www.24baires.com\/?p=114020","url_meta":{"origin":114786,"position":2},"title":"Provincia paga con fondos propios y reestructura deuda en moneda extranjera","author":"AF","date":"04\/02\/2020","format":false,"excerpt":"El gobierno bonaerense anunci\u00f3 que no alcanz\u00f3 cerrar la negociaci\u00f3n con el 75% necesario de los acreedores. Por lo tanto, pagar\u00e1 el BP21 con fondos propios. El resto de la deuda en moneda extrajera entrar\u00e1 en un proceso de reestructuraci\u00f3n. Apunt\u00f3 con dureza a Macri y Vidal por dejar \"una\u2026","rel":"","context":"En \u00abProvincia\u00bb","block_context":{"text":"Provincia","link":"https:\/\/www.24baires.com\/?cat=40"},"img":{"alt_text":"","src":"https:\/\/i0.wp.com\/www.24baires.com\/wp-content\/uploads\/2019\/11\/kicillof.jpg?resize=350%2C200","width":350,"height":200,"srcset":"https:\/\/i0.wp.com\/www.24baires.com\/wp-content\/uploads\/2019\/11\/kicillof.jpg?resize=350%2C200 1x, https:\/\/i0.wp.com\/www.24baires.com\/wp-content\/uploads\/2019\/11\/kicillof.jpg?resize=525%2C300 1.5x"},"classes":[]},{"id":114772,"url":"https:\/\/www.24baires.com\/?p=114772","url_meta":{"origin":114786,"position":3},"title":"Kicillof presenta la oferta para reestructurar la deuda","author":"GB","date":"21\/04\/2020","format":false,"excerpt":"La propuesta va en la misma l\u00ednea que la realizada por el Gobierno nacional. El gobernador bonaerense, Axel Kicillof, ultima con su ministro de Hacienda los detalles para la presentarle a los bonistas, en la jornada de hoy, la propuesta de reestructuraci\u00f3n de la deuda provincial por m\u00e1s de 7.100\u2026","rel":"","context":"En \u00abProvincia\u00bb","block_context":{"text":"Provincia","link":"https:\/\/www.24baires.com\/?cat=40"},"img":{"alt_text":"","src":"https:\/\/i0.wp.com\/www.24baires.com\/wp-content\/uploads\/2020\/04\/kicillof.jpg?resize=350%2C200","width":350,"height":200,"srcset":"https:\/\/i0.wp.com\/www.24baires.com\/wp-content\/uploads\/2020\/04\/kicillof.jpg?resize=350%2C200 1x, https:\/\/i0.wp.com\/www.24baires.com\/wp-content\/uploads\/2020\/04\/kicillof.jpg?resize=525%2C300 1.5x"},"classes":[]},{"id":115230,"url":"https:\/\/www.24baires.com\/?p=115230","url_meta":{"origin":114786,"position":4},"title":"FMI respalda a Argentina: \u00abNadie se beneficia de un pa\u00eds que cae al precipio de la deuda\u00bb","author":"AF","date":"03\/06\/2020","format":false,"excerpt":"La titular del FMI advirti\u00f3 a los acreedores que se arriesgan a no recuperar su dinero y advirti\u00f3 que \"en ocasiones es necesario realizar una reestructuraci\u00f3n reflexiva\". La directora Gerente del Fondo Monetario Internacional (FMI), Kristalina Georgieva, volvi\u00f3 a manifestar este mi\u00e9rcoles su respaldo al proceso de reestructuraci\u00f3n que lleva\u2026","rel":"","context":"En \u00abEconom\u00eda\u00bb","block_context":{"text":"Econom\u00eda","link":"https:\/\/www.24baires.com\/?cat=45"},"img":{"alt_text":"","src":"https:\/\/i0.wp.com\/www.24baires.com\/wp-content\/uploads\/2016\/04\/fmi.jpg?resize=350%2C200","width":350,"height":200,"srcset":"https:\/\/i0.wp.com\/www.24baires.com\/wp-content\/uploads\/2016\/04\/fmi.jpg?resize=350%2C200 1x, https:\/\/i0.wp.com\/www.24baires.com\/wp-content\/uploads\/2016\/04\/fmi.jpg?resize=525%2C300 1.5x"},"classes":[]},{"id":116476,"url":"https:\/\/www.24baires.com\/?p=116476","url_meta":{"origin":114786,"position":5},"title":"El Gobierno asistir\u00e1 a empresas con sus deudas","author":"GB","date":"15\/10\/2020","format":false,"excerpt":"Mediante el Ministerio de Desarrollo Productivo, el Gobierno asistir\u00e1 a las empresas que tengan que refinanciar sus deudas y este jueves lo oficializ\u00f3 con la resoluci\u00f3n 551\/2020. C\u00f3mo es el mecanismo. El Gobierno nacional cre\u00f3 el Programa de Asistencia a Empresas Estrat\u00e9gicas en proceso de Reestructuraci\u00f3n de Pasivos\u201d (PAEERP) que\u2026","rel":"","context":"En \u00abPol\u00edtica\u00bb","block_context":{"text":"Pol\u00edtica","link":"https:\/\/www.24baires.com\/?cat=51"},"img":{"alt_text":"","src":"https:\/\/i0.wp.com\/www.24baires.com\/wp-content\/uploads\/2020\/04\/alberto-pyme.jpg?resize=350%2C200","width":350,"height":200,"srcset":"https:\/\/i0.wp.com\/www.24baires.com\/wp-content\/uploads\/2020\/04\/alberto-pyme.jpg?resize=350%2C200 1x, https:\/\/i0.wp.com\/www.24baires.com\/wp-content\/uploads\/2020\/04\/alberto-pyme.jpg?resize=525%2C300 1.5x"},"classes":[]}],"jetpack_sharing_enabled":true,"jetpack_likes_enabled":true,"_links":{"self":[{"href":"https:\/\/www.24baires.com\/index.php?rest_route=\/wp\/v2\/posts\/114786","targetHints":{"allow":["GET"]}}],"collection":[{"href":"https:\/\/www.24baires.com\/index.php?rest_route=\/wp\/v2\/posts"}],"about":[{"href":"https:\/\/www.24baires.com\/index.php?rest_route=\/wp\/v2\/types\/post"}],"author":[{"embeddable":true,"href":"https:\/\/www.24baires.com\/index.php?rest_route=\/wp\/v2\/users\/8"}],"replies":[{"embeddable":true,"href":"https:\/\/www.24baires.com\/index.php?rest_route=%2Fwp%2Fv2%2Fcomments&post=114786"}],"version-history":[{"count":1,"href":"https:\/\/www.24baires.com\/index.php?rest_route=\/wp\/v2\/posts\/114786\/revisions"}],"predecessor-version":[{"id":114787,"href":"https:\/\/www.24baires.com\/index.php?rest_route=\/wp\/v2\/posts\/114786\/revisions\/114787"}],"wp:attachment":[{"href":"https:\/\/www.24baires.com\/index.php?rest_route=%2Fwp%2Fv2%2Fmedia&parent=114786"}],"wp:term":[{"taxonomy":"category","embeddable":true,"href":"https:\/\/www.24baires.com\/index.php?rest_route=%2Fwp%2Fv2%2Fcategories&post=114786"},{"taxonomy":"post_tag","embeddable":true,"href":"https:\/\/www.24baires.com\/index.php?rest_route=%2Fwp%2Fv2%2Ftags&post=114786"}],"curies":[{"name":"wp","href":"https:\/\/api.w.org\/{rel}","templated":true}]}}