{"id":114758,"date":"2020-04-20T10:13:19","date_gmt":"2020-04-20T13:13:19","guid":{"rendered":"http:\/\/www.24baires.com\/?p=114758"},"modified":"2020-04-20T10:13:19","modified_gmt":"2020-04-20T13:13:19","slug":"el-gobierno-amplia-la-asistencia-economica-para-llegar-a-pymes-y-sectores-medios","status":"publish","type":"post","link":"https:\/\/www.24baires.com\/?p=114758","title":{"rendered":"El gobierno amplia la asistencia econ\u00f3mica para llegar a Pymes y sectores medios"},"content":{"rendered":"<p>Se habilitar\u00e1n cr\u00e9ditos a \u00abTasa Cero\u00bb para aut\u00f3nomos y monotributistas y se crear\u00e1 un \u00abcomplementario\u00bb para el sector privado<br \/>\n<!--more--><\/p>\n<p>El presidente Alberto Fen\u00e1ndez firm\u00f3 un decreto que amplia la asistencia econ\u00f3mica dele Estado Nacional, para abarcar Pymes, aut\u00f3nomos y monotributistas, que hab\u00edan quedado afuera de los programas de ayuda impelmentados durante la primera etapa del aislamiento social preventivo y obligatorio.<\/p>\n<p>Las nuevas medidas incluyen cr\u00e9ditos a tasa cero para monotributistas y aut\u00f3nomos con garant\u00eda del Estado Nacional, que se har\u00e1 cargo de los intereses, un salario complementario para los trabajadores del sector privado y una modificaci\u00f3n de seguro de desempleo que pasara de 6 a 10 mim pesos, adem\u00e1s de que se mantendr\u00e1 la reducci\u00f3n de aportes patronales.<\/p>\n<p>El salario complementario ser\u00e1 abonado a trav\u00e9s de la ANSES, y representar\u00e1 un 50% del salario neto del trabajador correspondiente al mes de febrero de este a\u00f1o, no pudiendo adem\u00e1s ser inferior a una suma equivalente a un salario m\u00ednimo vital y m\u00f3vil ni superar dos veces ese n\u00famero. El decreto aclara que \u00abesta asignaci\u00f3n compensatoria al salario se considerar\u00e1 a cuenta del pago de las remuneraciones o de la asignaci\u00f3n en dinero prevista en el art\u00edculo 223 bis de la Ley de Contrato de Trabajo N\u00ba 20.744\u00bb.<\/p>\n<p>El Cr\u00e9dito a Tasa Cero para personas adheridas al R\u00e9gimen Simplificado para Peque\u00f1os Contribuyentes y para trabajadoras y trabajadores aut\u00f3nomos consistir\u00e1 en una financiaci\u00f3n a ser acreditada en la tarjeta de cr\u00e9dito del beneficiario o de la beneficiaria en los t\u00e9rminos que, para la implementaci\u00f3n de la medida, establezca el Banco Central y el monto de la financiaci\u00f3n no podr\u00e1 exceder una cuarta parte del l\u00edmite superior de ingresos brutos establecidos para cada categor\u00eda del R\u00e9gimen Simplificado para Peque\u00f1os Contribuyentes, con un l\u00edmite m\u00e1ximo de 150 mil pesos, que ser\u00e1 desembolsado en tres cuotas mensuales iguales y consecutivas.<\/p>\n<p>La aplicaci\u00f3n de estas medidas quedar\u00e1 en manos del Jefe de Gabinete, Santiago Cafiero, que podr\u00e1 extender los plazos, sumas o eliminar categor\u00edas alcanzadas por estos beneficios y determinar las dormas de aplicaci\u00f3n de cada uno de estos anuncios, en conjunto con el resto de los organismos pertinentes, como el Banco Central y la Anses.<\/p>\n","protected":false},"excerpt":{"rendered":"<p>Se habilitar\u00e1n cr\u00e9ditos a \u00abTasa Cero\u00bb para aut\u00f3nomos y monotributistas y se crear\u00e1 un \u00abcomplementario\u00bb para el sector privado<\/p>\n","protected":false},"author":8,"featured_media":0,"comment_status":"open","ping_status":"open","sticky":false,"template":"","format":"standard","meta":{"_jetpack_newsletter_access":"","_jetpack_dont_email_post_to_subs":false,"_jetpack_newsletter_tier_id":0,"_jetpack_memberships_contains_paywalled_content":false,"_jetpack_memberships_contains_paid_content":false,"footnotes":""},"categories":[45],"tags":[],"class_list":["post-114758","post","type-post","status-publish","format-standard","hentry","category-economia"],"jetpack_featured_media_url":"","jetpack_shortlink":"https:\/\/wp.me\/p2JWE0-tQW","jetpack-related-posts":[{"id":114768,"url":"https:\/\/www.24baires.com\/?p=114768","url_meta":{"origin":114758,"position":0},"title":"El Gobierno destina el 3% del PBI para enfrentar la pandemia","author":"AF","date":"20\/04\/2020","format":false,"excerpt":"Los ministros de Producci\u00f3n y de Trabajo anunciaron la ampliaci\u00f3n de pol\u00edticas de ayuda para empresas, monotributistas y aut\u00f3nomos. A trav\u00e9s de una conferencia de prensa, el titular de Desarrollo Productivo, Mat\u00edas Kulfas, y su par de Trabajo, Claudio Moroni, presentaron las nuevas medidas en el marco del programa de\u2026","rel":"","context":"En \u00abSociedad\u00bb","block_context":{"text":"Sociedad","link":"https:\/\/www.24baires.com\/?cat=1"},"img":{"alt_text":"","src":"https:\/\/i0.wp.com\/www.24baires.com\/wp-content\/uploads\/2020\/04\/kulfas-moroni.jpg?resize=350%2C200","width":350,"height":200,"srcset":"https:\/\/i0.wp.com\/www.24baires.com\/wp-content\/uploads\/2020\/04\/kulfas-moroni.jpg?resize=350%2C200 1x, https:\/\/i0.wp.com\/www.24baires.com\/wp-content\/uploads\/2020\/04\/kulfas-moroni.jpg?resize=525%2C300 1.5x"},"classes":[]},{"id":114710,"url":"https:\/\/www.24baires.com\/?p=114710","url_meta":{"origin":114758,"position":1},"title":"Anticipan que el Gobierno prev\u00e9 pagar parte de los sueldos privados de abril","author":"GB","date":"15\/04\/2020","format":false,"excerpt":"Lo har\u00e1 en el marco del programa de Asistencia de Emergencia al Trabajo y la Producci\u00f3n. El ministro de Desarrollo Productivo, Mat\u00edas Kulfas, adelant\u00f3 este mi\u00e9rcoles que el Gobierno nacional \u201cpiensa cubrir parte de los salarios del sector privado\u201d del mes de abril en el marco del programa de Asistencia\u2026","rel":"","context":"En \u00abEconom\u00eda\u00bb","block_context":{"text":"Econom\u00eda","link":"https:\/\/www.24baires.com\/?cat=45"},"img":{"alt_text":"","src":"https:\/\/i0.wp.com\/www.24baires.com\/wp-content\/uploads\/2020\/03\/guzmAN.jpg?resize=350%2C200","width":350,"height":200,"srcset":"https:\/\/i0.wp.com\/www.24baires.com\/wp-content\/uploads\/2020\/03\/guzmAN.jpg?resize=350%2C200 1x, https:\/\/i0.wp.com\/www.24baires.com\/wp-content\/uploads\/2020\/03\/guzmAN.jpg?resize=525%2C300 1.5x"},"classes":[]},{"id":114762,"url":"https:\/\/www.24baires.com\/?p=114762","url_meta":{"origin":114758,"position":2},"title":"Pymes celebraron el paquete de medidas que lanz\u00f3 el Gobierno \u00abes in\u00e9dito\u00bb","author":"GB","date":"20\/04\/2020","format":false,"excerpt":"El presidente de la Asociaci\u00f3n de Empresarios Nacionales (ENAC), Leo Bilanski analiz\u00f3 la situaci\u00f3n del sector y evalu\u00f3 el decreto que lanz\u00f3 el presidente Alberto Fern\u00e1ndez para las PyMEs. \"La verdad que es el segundo paquete que lanza el Gobierno. Aborda temas que todos est\u00e1bamos demandando, es un parque in\u00e9dito\u2026","rel":"","context":"En \u00abPol\u00edtica\u00bb","block_context":{"text":"Pol\u00edtica","link":"https:\/\/www.24baires.com\/?cat=51"},"img":{"alt_text":"","src":"https:\/\/i0.wp.com\/www.24baires.com\/wp-content\/uploads\/2020\/04\/alberto-pyme.jpg?resize=350%2C200","width":350,"height":200,"srcset":"https:\/\/i0.wp.com\/www.24baires.com\/wp-content\/uploads\/2020\/04\/alberto-pyme.jpg?resize=350%2C200 1x, https:\/\/i0.wp.com\/www.24baires.com\/wp-content\/uploads\/2020\/04\/alberto-pyme.jpg?resize=525%2C300 1.5x"},"classes":[]},{"id":114665,"url":"https:\/\/www.24baires.com\/?p=114665","url_meta":{"origin":114758,"position":3},"title":"Impulsan un Fondo Solidario para pagar sueldos de peque\u00f1as pymes y monotributistas","author":"GB","date":"10\/04\/2020","format":false,"excerpt":"Senadores opositores quieren crear un Fondo de asistencia para peque\u00f1as empresas paguen compensaciones salariales. Desde el bloque de senadores de Juntos por el Cambio en provincia de Buenos Aires presentaron un proyecto para la creaci\u00f3n de un Fondo Solidario Provincial para el pago de una asignaci\u00f3n compensatoria de salarios de\u2026","rel":"","context":"En \u00abProvincia\u00bb","block_context":{"text":"Provincia","link":"https:\/\/www.24baires.com\/?cat=40"},"img":{"alt_text":"","src":"","width":0,"height":0},"classes":[]},{"id":114698,"url":"https:\/\/www.24baires.com\/?p=114698","url_meta":{"origin":114758,"position":4},"title":"El Gobierno ampliar\u00e1 el universo de beneficiarios de bonos","author":"AF","date":"14\/04\/2020","format":false,"excerpt":"La intenci\u00f3n oficial es dise\u00f1ar una herramienta espec\u00edfica para brindar una ayuda a los trabajadores independientes en este momento de crisis econ\u00f3mica global, que se anunciar\u00e1 en los pr\u00f3ximos d\u00edas. El Gobierno prepara medidas de alivio para trabajadores aut\u00f3nomos y monotributistas de las dos categor\u00edas siguientes a las m\u00e1s bajas\u2026","rel":"","context":"En \u00abSociedad\u00bb","block_context":{"text":"Sociedad","link":"https:\/\/www.24baires.com\/?cat=1"},"img":{"alt_text":"","src":"https:\/\/i0.wp.com\/www.24baires.com\/wp-content\/uploads\/2020\/04\/gabinete.jpg?resize=350%2C200","width":350,"height":200,"srcset":"https:\/\/i0.wp.com\/www.24baires.com\/wp-content\/uploads\/2020\/04\/gabinete.jpg?resize=350%2C200 1x, https:\/\/i0.wp.com\/www.24baires.com\/wp-content\/uploads\/2020\/04\/gabinete.jpg?resize=525%2C300 1.5x"},"classes":[]},{"id":115561,"url":"https:\/\/www.24baires.com\/?p=115561","url_meta":{"origin":114758,"position":5},"title":"Ampl\u00edan el universo de beneficiarios de cr\u00e9ditos a tasa 0","author":"AF","date":"06\/07\/2020","format":false,"excerpt":"La l\u00ednea est\u00e1 orientada a monotributistas cuya facturaci\u00f3n haya ca\u00eddo como consencuencia de la pandemia de coronavirus Covid-19. El gobierno de Alberto Fern\u00e1ndez modific\u00f3 los per\u00edodos de facturaci\u00f3n considerados para otorgar los cr\u00e9ditos a tasa cero a monotributistas y trabajadores aut\u00f3nomos, de manera de ampliar el universo de beneficiarios. As\u00ed\u2026","rel":"","context":"En \u00abSociedad\u00bb","block_context":{"text":"Sociedad","link":"https:\/\/www.24baires.com\/?cat=1"},"img":{"alt_text":"","src":"https:\/\/i0.wp.com\/www.24baires.com\/wp-content\/uploads\/2020\/04\/afip.jpg?resize=350%2C200","width":350,"height":200,"srcset":"https:\/\/i0.wp.com\/www.24baires.com\/wp-content\/uploads\/2020\/04\/afip.jpg?resize=350%2C200 1x, https:\/\/i0.wp.com\/www.24baires.com\/wp-content\/uploads\/2020\/04\/afip.jpg?resize=525%2C300 1.5x"},"classes":[]}],"jetpack_sharing_enabled":true,"jetpack_likes_enabled":true,"_links":{"self":[{"href":"https:\/\/www.24baires.com\/index.php?rest_route=\/wp\/v2\/posts\/114758","targetHints":{"allow":["GET"]}}],"collection":[{"href":"https:\/\/www.24baires.com\/index.php?rest_route=\/wp\/v2\/posts"}],"about":[{"href":"https:\/\/www.24baires.com\/index.php?rest_route=\/wp\/v2\/types\/post"}],"author":[{"embeddable":true,"href":"https:\/\/www.24baires.com\/index.php?rest_route=\/wp\/v2\/users\/8"}],"replies":[{"embeddable":true,"href":"https:\/\/www.24baires.com\/index.php?rest_route=%2Fwp%2Fv2%2Fcomments&post=114758"}],"version-history":[{"count":1,"href":"https:\/\/www.24baires.com\/index.php?rest_route=\/wp\/v2\/posts\/114758\/revisions"}],"predecessor-version":[{"id":114759,"href":"https:\/\/www.24baires.com\/index.php?rest_route=\/wp\/v2\/posts\/114758\/revisions\/114759"}],"wp:attachment":[{"href":"https:\/\/www.24baires.com\/index.php?rest_route=%2Fwp%2Fv2%2Fmedia&parent=114758"}],"wp:term":[{"taxonomy":"category","embeddable":true,"href":"https:\/\/www.24baires.com\/index.php?rest_route=%2Fwp%2Fv2%2Fcategories&post=114758"},{"taxonomy":"post_tag","embeddable":true,"href":"https:\/\/www.24baires.com\/index.php?rest_route=%2Fwp%2Fv2%2Ftags&post=114758"}],"curies":[{"name":"wp","href":"https:\/\/api.w.org\/{rel}","templated":true}]}}