{"id":114731,"date":"2020-04-16T18:20:29","date_gmt":"2020-04-16T21:20:29","guid":{"rendered":"http:\/\/www.24baires.com\/?p=114731"},"modified":"2020-04-16T18:20:29","modified_gmt":"2020-04-16T21:20:29","slug":"no-habra-desembolsos-en-los-proximos-tres-anos","status":"publish","type":"post","link":"https:\/\/www.24baires.com\/?p=114731","title":{"rendered":"\u201cNo habr\u00e1 desembolsos en los pr\u00f3ximos tres a\u00f1os\u201d"},"content":{"rendered":"<p><img data-recalc-dims=\"1\" loading=\"lazy\" decoding=\"async\" src=\"https:\/\/i0.wp.com\/www.24baires.com\/wp-content\/uploads\/2016\/04\/fmi.jpg?resize=560%2C362\" alt=\"\" width=\"560\" height=\"362\" class=\"aligncenter size-full wp-image-81554\" srcset=\"https:\/\/i0.wp.com\/www.24baires.com\/wp-content\/uploads\/2016\/04\/fmi.jpg?w=560&amp;ssl=1 560w, https:\/\/i0.wp.com\/www.24baires.com\/wp-content\/uploads\/2016\/04\/fmi.jpg?resize=300%2C194&amp;ssl=1 300w\" sizes=\"auto, (max-width: 560px) 100vw, 560px\" \/>El ministro de Econom\u00eda, Mart\u00edn Guzm\u00e1n, asegur\u00f3 hoy que la Argentina tiene \u00abuna situaci\u00f3n de deuda que no podemos enfrentar con el Fondo Monetario Internacional\u00bb y que el Gobierno nacional trabaja \u00abun nuevo programa que implique no hacer ning\u00fan desembolso de capital adeudado en los pr\u00f3ximos tres a\u00f1os\u00bb. Los detalles de la propuesta.<!--more--><\/p>\n<p>En una reuni\u00f3n con los gobernadores provinciales y los titulares de ambas c\u00e1maras del Congreso en Olivos, el ministro de Econom\u00eda, Mart\u00edn Guzm\u00e1n, adelant\u00f3 que la oferta de la Argentina para los acreedores externos ser\u00e1 de una quita del 5,4% del capital y del 63% de los intereses de deuda.<\/p>\n<p>Guzm\u00e1n asegur\u00f3 que el \u00abl\u00edmite\u00bb en la negociaci\u00f3n ser\u00e1 la propuesta de la Argentina, para la que los acreedores tendr\u00e1n 20 d\u00edas para responder. El presidente Alberto Fern\u00e1ndez agradeci\u00f3 la presencia de los representantes de la oposici\u00f3n para respaldar la oferta que el pa\u00eds dar\u00e1 a los mercados.<\/p>\n<p>El titular del Palacio de Hacienda afirm\u00f3 que la propuesta para la reestructuraci\u00f3n de deuda implica una \u00abmayor reducci\u00f3n de intereses que de capital\u00bb y en ese sentido precis\u00f3 que se trata de una \u00abreducci\u00f3n de capital de US$ 3.600 millones de d\u00f3lares, que equivale a una quita de 5,4% sobre el stock adeudado y una reducci\u00f3n del pago de intereses de US$ 37.900 millones, que equivale a una quita de intereses del 62%\u00bb.<\/p>\n<p>Guzm\u00e1n se\u00f1al\u00f3 que la oferta que presentar\u00e1 ma\u00f1ana la Argentina busc\u00f3 \u00abentender las preferencias de los bonistas\u00bb, aunque reconoci\u00f3 que no se lleg\u00f3 a un acuerdo en las reuniones con los acreedores internacionales.<\/p>\n<p>\u00abDel otro lado, piden m\u00e1s ajuste fiscal, m\u00e1s r\u00e1pido y en m\u00e1s cantidad. Eso destruir\u00eda las oportunidades de millones de personas en la Argentina y es algo que no vamos a permitir\u00bb, defini\u00f3 el ministro y asegur\u00f3 que \u00abel l\u00edmite\u00bb de la negociaci\u00f3n ser\u00e1 la propuesta Argentina.<\/p>\n<p>La propuesta argentina adem\u00e1s contempla un nuevo per\u00edodo de gracia de 3 a\u00f1os, por lo que Argentina no comenzar\u00eda a pagar hasta 2023, y lo har\u00eda a un cup\u00f3n promedio del 2,3 por ciento.<\/p>\n<p>\u00abVa a haber gente jugando muy fuerte y las voces de esos acreedores en el pa\u00eds van a estar resonando. Tenemos que tomar el compromiso como sociedad de estar unidos con esta oferta. Es la base para la recuperaci\u00f3n y para un desarrollo sano de toda la Argentina\u00bb, asegur\u00f3 Guzm\u00e1n.<\/p>\n","protected":false},"excerpt":{"rendered":"<p>El ministro de Econom\u00eda, Mart\u00edn Guzm\u00e1n, asegur\u00f3 hoy que la Argentina tiene \u00abuna situaci\u00f3n de deuda que no podemos enfrentar con el Fondo Monetario Internacional\u00bb y que el Gobierno nacional trabaja \u00abun nuevo programa que implique no hacer ning\u00fan desembolso de capital adeudado en los pr\u00f3ximos tres a\u00f1os\u00bb. Los detalles de la propuesta.<\/p>\n","protected":false},"author":4,"featured_media":0,"comment_status":"open","ping_status":"open","sticky":false,"template":"","format":"standard","meta":{"_jetpack_newsletter_access":"","_jetpack_dont_email_post_to_subs":false,"_jetpack_newsletter_tier_id":0,"_jetpack_memberships_contains_paywalled_content":false,"_jetpack_memberships_contains_paid_content":false,"footnotes":""},"categories":[45],"tags":[],"class_list":["post-114731","post","type-post","status-publish","format-standard","hentry","category-economia"],"jetpack_featured_media_url":"","jetpack_shortlink":"https:\/\/wp.me\/p2JWE0-tQv","jetpack-related-posts":[{"id":115435,"url":"https:\/\/www.24baires.com\/?p=115435","url_meta":{"origin":114731,"position":0},"title":"\u00abEsperamos ser capaces de alcanzar un mejor entendimiento con los acreedores\u00bb","author":"AF","date":"23\/06\/2020","format":false,"excerpt":"As\u00ed lo indic\u00f3 el ministro de Econom\u00eda, durante su exposici\u00f3n en un encuentro virtual al que asistieron empresarios de la American Society, organizado por el Council of Americas. El ministro de Econom\u00eda, Martin Guzm\u00e1n, se mostr\u00f3 esperanzado en \u201ccontinuar con las negociaciones de la deuda extranjera, con un proceso constructivo,\u2026","rel":"","context":"En \u00abEconom\u00eda\u00bb","block_context":{"text":"Econom\u00eda","link":"https:\/\/www.24baires.com\/?cat=45"},"img":{"alt_text":"","src":"https:\/\/i0.wp.com\/www.24baires.com\/wp-content\/uploads\/2020\/05\/guzman-1.jpg?resize=350%2C200","width":350,"height":200,"srcset":"https:\/\/i0.wp.com\/www.24baires.com\/wp-content\/uploads\/2020\/05\/guzman-1.jpg?resize=350%2C200 1x, https:\/\/i0.wp.com\/www.24baires.com\/wp-content\/uploads\/2020\/05\/guzman-1.jpg?resize=525%2C300 1.5x"},"classes":[]},{"id":116121,"url":"https:\/\/www.24baires.com\/?p=116121","url_meta":{"origin":114731,"position":1},"title":"Guzm\u00e1n: \u00abRestauramos la sostenibilidad de la deuda p\u00fablica con acreedores privados\u00bb","author":"AF","date":"01\/09\/2020","format":false,"excerpt":"El ministro de Econom\u00eda destac\u00f3 el alcance de la reestructuraci\u00f3n de la deuda con los bonistas privados. A trav\u00e9s de sus cuentas en las redes sociales, el ministro de Econom\u00eda de la Naci\u00f3n, Mart\u00edn Guzm\u00e1n, destac\u00f3 este martes el acuerdo alcanzado con los bonistas privados para reestructurar parte de la\u2026","rel":"","context":"En \u00abEconom\u00eda\u00bb","block_context":{"text":"Econom\u00eda","link":"https:\/\/www.24baires.com\/?cat=45"},"img":{"alt_text":"","src":"https:\/\/i0.wp.com\/www.24baires.com\/wp-content\/uploads\/2020\/05\/guzman-1.jpg?resize=350%2C200","width":350,"height":200,"srcset":"https:\/\/i0.wp.com\/www.24baires.com\/wp-content\/uploads\/2020\/05\/guzman-1.jpg?resize=350%2C200 1x, https:\/\/i0.wp.com\/www.24baires.com\/wp-content\/uploads\/2020\/05\/guzman-1.jpg?resize=525%2C300 1.5x"},"classes":[]},{"id":118112,"url":"https:\/\/www.24baires.com\/?p=118112","url_meta":{"origin":114731,"position":2},"title":"Guzm\u00e1n: \u00abLas cargas de deuda impiden la recuperaci\u00f3n y crean una din\u00e1mica desestabilizadora\u00bb","author":"AF","date":"06\/10\/2021","format":false,"excerpt":"El ministro de Econom\u00eda particip\u00f3 de la XV Conferencia de las Naciones Unidas sobre Comercio y Desarrollo (Unctad) y habl\u00f3 sobre la reestructuraci\u00f3n llevada adelante por Argentina el a\u00f1o pasado. \"Hacen falta reformas en la arquitectura financiera internacional\", expres\u00f3. El ministro de Econom\u00eda, Mart\u00edn Guzm\u00e1n, advirti\u00f3 este mi\u00e9rcoles que \"las\u2026","rel":"","context":"En \u00abEconom\u00eda\u00bb","block_context":{"text":"Econom\u00eda","link":"https:\/\/www.24baires.com\/?cat=45"},"img":{"alt_text":"","src":"https:\/\/i0.wp.com\/www.24baires.com\/wp-content\/uploads\/2020\/05\/guzman-1.jpg?resize=350%2C200","width":350,"height":200,"srcset":"https:\/\/i0.wp.com\/www.24baires.com\/wp-content\/uploads\/2020\/05\/guzman-1.jpg?resize=350%2C200 1x, https:\/\/i0.wp.com\/www.24baires.com\/wp-content\/uploads\/2020\/05\/guzman-1.jpg?resize=525%2C300 1.5x"},"classes":[]},{"id":113944,"url":"https:\/\/www.24baires.com\/?p=113944","url_meta":{"origin":114731,"position":3},"title":"Acreedores proponen que Provincia haga un pago parcial del bono","author":"GB","date":"29\/01\/2020","format":false,"excerpt":"Bonistas le presentaron al ministerio de Econom\u00eda bonaerense una alternativa para resguardar las finanzas propias y las de la \u00f3rbita provincial. Un grupo de acreedores le propuso al Gobierno bonaerense que pague al menos una parte del capital del bono 2021 para evitar un default en ocho d\u00edas. Allegados a\u2026","rel":"","context":"En \u00abEconom\u00eda\u00bb","block_context":{"text":"Econom\u00eda","link":"https:\/\/www.24baires.com\/?cat=45"},"img":{"alt_text":"","src":"https:\/\/i0.wp.com\/www.24baires.com\/wp-content\/uploads\/2019\/11\/kicillof.jpg?resize=350%2C200","width":350,"height":200,"srcset":"https:\/\/i0.wp.com\/www.24baires.com\/wp-content\/uploads\/2019\/11\/kicillof.jpg?resize=350%2C200 1x, https:\/\/i0.wp.com\/www.24baires.com\/wp-content\/uploads\/2019\/11\/kicillof.jpg?resize=525%2C300 1.5x"},"classes":[]},{"id":115177,"url":"https:\/\/www.24baires.com\/?p=115177","url_meta":{"origin":114731,"position":4},"title":"El Gobierno anunci\u00f3 avances con un grupo de bonistas","author":"GB","date":"29\/05\/2020","format":false,"excerpt":"El Ministerio de Econom\u00eda de la Naci\u00f3n detall\u00f3 las reuniones que mantuvieron con los acreedores en los \u00faltimos d\u00edas. El ministro de Econom\u00eda, Mart\u00edn Guzm\u00e1n, asegur\u00f3 el jueves por la tarde que logr\u00f3 avanzar en la renegociaci\u00f3n de la deuda con un grupo de bonistas. No obstante, aclar\u00f3 que todav\u00eda\u2026","rel":"","context":"En \u00abEconom\u00eda\u00bb","block_context":{"text":"Econom\u00eda","link":"https:\/\/www.24baires.com\/?cat=45"},"img":{"alt_text":"","src":"https:\/\/i0.wp.com\/www.24baires.com\/wp-content\/uploads\/2020\/05\/guzman-1.jpg?resize=350%2C200","width":350,"height":200,"srcset":"https:\/\/i0.wp.com\/www.24baires.com\/wp-content\/uploads\/2020\/05\/guzman-1.jpg?resize=350%2C200 1x, https:\/\/i0.wp.com\/www.24baires.com\/wp-content\/uploads\/2020\/05\/guzman-1.jpg?resize=525%2C300 1.5x"},"classes":[]},{"id":115230,"url":"https:\/\/www.24baires.com\/?p=115230","url_meta":{"origin":114731,"position":5},"title":"FMI respalda a Argentina: \u00abNadie se beneficia de un pa\u00eds que cae al precipio de la deuda\u00bb","author":"AF","date":"03\/06\/2020","format":false,"excerpt":"La titular del FMI advirti\u00f3 a los acreedores que se arriesgan a no recuperar su dinero y advirti\u00f3 que \"en ocasiones es necesario realizar una reestructuraci\u00f3n reflexiva\". La directora Gerente del Fondo Monetario Internacional (FMI), Kristalina Georgieva, volvi\u00f3 a manifestar este mi\u00e9rcoles su respaldo al proceso de reestructuraci\u00f3n que lleva\u2026","rel":"","context":"En \u00abEconom\u00eda\u00bb","block_context":{"text":"Econom\u00eda","link":"https:\/\/www.24baires.com\/?cat=45"},"img":{"alt_text":"","src":"https:\/\/i0.wp.com\/www.24baires.com\/wp-content\/uploads\/2016\/04\/fmi.jpg?resize=350%2C200","width":350,"height":200,"srcset":"https:\/\/i0.wp.com\/www.24baires.com\/wp-content\/uploads\/2016\/04\/fmi.jpg?resize=350%2C200 1x, https:\/\/i0.wp.com\/www.24baires.com\/wp-content\/uploads\/2016\/04\/fmi.jpg?resize=525%2C300 1.5x"},"classes":[]}],"jetpack_sharing_enabled":true,"jetpack_likes_enabled":true,"_links":{"self":[{"href":"https:\/\/www.24baires.com\/index.php?rest_route=\/wp\/v2\/posts\/114731","targetHints":{"allow":["GET"]}}],"collection":[{"href":"https:\/\/www.24baires.com\/index.php?rest_route=\/wp\/v2\/posts"}],"about":[{"href":"https:\/\/www.24baires.com\/index.php?rest_route=\/wp\/v2\/types\/post"}],"author":[{"embeddable":true,"href":"https:\/\/www.24baires.com\/index.php?rest_route=\/wp\/v2\/users\/4"}],"replies":[{"embeddable":true,"href":"https:\/\/www.24baires.com\/index.php?rest_route=%2Fwp%2Fv2%2Fcomments&post=114731"}],"version-history":[{"count":1,"href":"https:\/\/www.24baires.com\/index.php?rest_route=\/wp\/v2\/posts\/114731\/revisions"}],"predecessor-version":[{"id":114732,"href":"https:\/\/www.24baires.com\/index.php?rest_route=\/wp\/v2\/posts\/114731\/revisions\/114732"}],"wp:attachment":[{"href":"https:\/\/www.24baires.com\/index.php?rest_route=%2Fwp%2Fv2%2Fmedia&parent=114731"}],"wp:term":[{"taxonomy":"category","embeddable":true,"href":"https:\/\/www.24baires.com\/index.php?rest_route=%2Fwp%2Fv2%2Fcategories&post=114731"},{"taxonomy":"post_tag","embeddable":true,"href":"https:\/\/www.24baires.com\/index.php?rest_route=%2Fwp%2Fv2%2Ftags&post=114731"}],"curies":[{"name":"wp","href":"https:\/\/api.w.org\/{rel}","templated":true}]}}