{"id":114713,"date":"2020-04-15T16:36:55","date_gmt":"2020-04-15T19:36:55","guid":{"rendered":"http:\/\/www.24baires.com\/?p=114713"},"modified":"2020-04-15T17:41:50","modified_gmt":"2020-04-15T20:41:50","slug":"la-inflacion-escalo-un-33-en-marzo","status":"publish","type":"post","link":"https:\/\/www.24baires.com\/?p=114713","title":{"rendered":"La inflaci\u00f3n escal\u00f3 un 3,3% en marzo"},"content":{"rendered":"<p><img data-recalc-dims=\"1\" loading=\"lazy\" decoding=\"async\" src=\"https:\/\/i0.wp.com\/www.24baires.com\/wp-content\/uploads\/2020\/04\/supermercado.jpg?resize=560%2C373\" alt=\"\" width=\"560\" height=\"373\" class=\"aligncenter size-full wp-image-114714\" srcset=\"https:\/\/i0.wp.com\/www.24baires.com\/wp-content\/uploads\/2020\/04\/supermercado.jpg?w=560&amp;ssl=1 560w, https:\/\/i0.wp.com\/www.24baires.com\/wp-content\/uploads\/2020\/04\/supermercado.jpg?resize=300%2C200&amp;ssl=1 300w\" sizes=\"auto, (max-width: 560px) 100vw, 560px\" \/>La inflaci\u00f3n se ubic\u00f3 por encima de lo esperado y ya acumula un 48,4% en los \u00faltimos doce meses.<!--more--><\/p>\n<p>El impacto del coronavirus y su cuarentena se vieron reflejados en la inflaci\u00f3n de marzo, que dio a conocer este mi\u00e9rcoles el INDEC. Seg\u00fan detall\u00f3 el organismo, los precios se aceleraron un 3,3%, con un total acumulado en los \u00faltimos 12 meses del 48,4%.<\/p>\n","protected":false},"excerpt":{"rendered":"<p>La inflaci\u00f3n se ubic\u00f3 por encima de lo esperado y ya acumula un 48,4% en los \u00faltimos doce meses.<\/p>\n","protected":false},"author":4,"featured_media":0,"comment_status":"open","ping_status":"open","sticky":false,"template":"","format":"standard","meta":{"_jetpack_newsletter_access":"","_jetpack_dont_email_post_to_subs":false,"_jetpack_newsletter_tier_id":0,"_jetpack_memberships_contains_paywalled_content":false,"_jetpack_memberships_contains_paid_content":false,"footnotes":""},"categories":[45],"tags":[],"class_list":["post-114713","post","type-post","status-publish","format-standard","hentry","category-economia"],"jetpack_featured_media_url":"","jetpack_shortlink":"https:\/\/wp.me\/p2JWE0-tQd","jetpack-related-posts":[{"id":113001,"url":"https:\/\/www.24baires.com\/?p=113001","url_meta":{"origin":114713,"position":0},"title":"Seg\u00fan el Indec, la inflaci\u00f3n de octubre fue del 3,3%","author":"AF","date":"14\/11\/2019","format":false,"excerpt":"El instituto de estad\u00edstica dio a conocer la suba de precios del \u00faltimo mes, que qued\u00f3 muy por debajo de las estimaciones de gremios y privados, que hab\u00edan calculado 4%. La inflaci\u00f3n de octubre fue del 3,3% y acumul\u00f3 en lo que va del a\u00f1o un alza del 42,2%, inform\u00f3\u2026","rel":"","context":"En \u00abEconom\u00eda\u00bb","block_context":{"text":"Econom\u00eda","link":"https:\/\/www.24baires.com\/?cat=45"},"img":{"alt_text":"","src":"https:\/\/i0.wp.com\/www.24baires.com\/wp-content\/uploads\/2018\/08\/supermercado.jpg?resize=350%2C200","width":350,"height":200,"srcset":"https:\/\/i0.wp.com\/www.24baires.com\/wp-content\/uploads\/2018\/08\/supermercado.jpg?resize=350%2C200 1x, https:\/\/i0.wp.com\/www.24baires.com\/wp-content\/uploads\/2018\/08\/supermercado.jpg?resize=525%2C300 1.5x"},"classes":[]},{"id":116891,"url":"https:\/\/www.24baires.com\/?p=116891","url_meta":{"origin":114713,"position":1},"title":"La inflaci\u00f3n de noviembre fue de 3,2% y acumula 30,9%","author":"AF","date":"15\/12\/2020","format":false,"excerpt":"La inflaci\u00f3n de noviembre lleg\u00f3 al 3,2% y acumul\u00f3 en un a\u00f1o un alza del 35,8%, inform\u00f3 esta tarde el INDEC. Seg\u00fan la informaci\u00f3n oficial, entre enero y noviembre, el \u00cdndice de Precios al Consumidor (IPC) registr\u00f3 un incremento del 30,9%. La suba de precios de noviembre fue inferior al\u2026","rel":"","context":"En \u00abEconom\u00eda\u00bb","block_context":{"text":"Econom\u00eda","link":"https:\/\/www.24baires.com\/?cat=45"},"img":{"alt_text":"","src":"https:\/\/i0.wp.com\/www.24baires.com\/wp-content\/uploads\/2020\/05\/supermercado.jpg?resize=350%2C200","width":350,"height":200,"srcset":"https:\/\/i0.wp.com\/www.24baires.com\/wp-content\/uploads\/2020\/05\/supermercado.jpg?resize=350%2C200 1x, https:\/\/i0.wp.com\/www.24baires.com\/wp-content\/uploads\/2020\/05\/supermercado.jpg?resize=525%2C300 1.5x"},"classes":[]},{"id":115183,"url":"https:\/\/www.24baires.com\/?p=115183","url_meta":{"origin":114713,"position":2},"title":"Seg\u00fan el Indec, los salarios subieron 13,4% y le ganaron a la inflaci\u00f3n","author":"AF","date":"29\/05\/2020","format":false,"excerpt":"Se espera que los datos de abril comiencen a mostrar un retroceso y ca\u00edda frente al avance de los precios merced del impacto de la cuarentena en la econom\u00eda. El Instituto Nacional de Estad\u00edsticas y Censos (Indec) inform\u00f3 este viernes que durante el primer trimestre del a\u00f1o, justo antes del\u2026","rel":"","context":"En \u00abEconom\u00eda\u00bb","block_context":{"text":"Econom\u00eda","link":"https:\/\/www.24baires.com\/?cat=45"},"img":{"alt_text":"","src":"https:\/\/i0.wp.com\/www.24baires.com\/wp-content\/uploads\/2013\/02\/indec.jpg?resize=350%2C200","width":350,"height":200,"srcset":"https:\/\/i0.wp.com\/www.24baires.com\/wp-content\/uploads\/2013\/02\/indec.jpg?resize=350%2C200 1x, https:\/\/i0.wp.com\/www.24baires.com\/wp-content\/uploads\/2013\/02\/indec.jpg?resize=525%2C300 1.5x"},"classes":[]},{"id":111417,"url":"https:\/\/www.24baires.com\/?p=111417","url_meta":{"origin":114713,"position":3},"title":"El d\u00f3lar arranca agosto con una fuerte suba","author":"AF","date":"01\/08\/2019","format":false,"excerpt":"La moneda estadounidense se vende este jueves 50 centavos m\u00e1s cara respecto al valor con el cerr\u00f3 ayer. El d\u00f3lar sigue este jueves en alza luego de que en julio acumulara una suba de $1,33, la mayor en cuatro meses. Seg\u00fan informa \u00e1mbito.com, la moneda estadounidense se consigue a un\u2026","rel":"","context":"En \u00abEconom\u00eda\u00bb","block_context":{"text":"Econom\u00eda","link":"https:\/\/www.24baires.com\/?cat=45"},"img":{"alt_text":"","src":"https:\/\/i0.wp.com\/www.24baires.com\/wp-content\/uploads\/2018\/04\/d%C3%B3lar.jpg?resize=350%2C200","width":350,"height":200,"srcset":"https:\/\/i0.wp.com\/www.24baires.com\/wp-content\/uploads\/2018\/04\/d%C3%B3lar.jpg?resize=350%2C200 1x, https:\/\/i0.wp.com\/www.24baires.com\/wp-content\/uploads\/2018\/04\/d%C3%B3lar.jpg?resize=525%2C300 1.5x"},"classes":[]},{"id":108195,"url":"https:\/\/www.24baires.com\/?p=108195","url_meta":{"origin":114713,"position":4},"title":"La inflaci\u00f3n sigue subiendo y acumula 55,8% en los \u00faltimos doce meses","author":"AF","date":"15\/05\/2019","format":false,"excerpt":"Las prendas de vestir y el calzado fue lo que m\u00e1s subi\u00f3 el mes pasado, seguido por transporte, restaurantes y salud. Entre los alimentos, los l\u00e1cteos lideraron las alzas con los quesos a la cabeza. Las consultoras privadas hab\u00edan estimado entre 4% y 4,7% de aumento de precios en abril.\u2026","rel":"","context":"En \u00abSociedad\u00bb","block_context":{"text":"Sociedad","link":"https:\/\/www.24baires.com\/?cat=1"},"img":{"alt_text":"","src":"https:\/\/i0.wp.com\/www.24baires.com\/wp-content\/uploads\/2016\/05\/supermercado-vac%C3%ADo.jpg?resize=350%2C200","width":350,"height":200,"srcset":"https:\/\/i0.wp.com\/www.24baires.com\/wp-content\/uploads\/2016\/05\/supermercado-vac%C3%ADo.jpg?resize=350%2C200 1x, https:\/\/i0.wp.com\/www.24baires.com\/wp-content\/uploads\/2016\/05\/supermercado-vac%C3%ADo.jpg?resize=525%2C300 1.5x"},"classes":[]},{"id":101318,"url":"https:\/\/www.24baires.com\/?p=101318","url_meta":{"origin":114713,"position":5},"title":"El costo de la canasta b\u00e1sica se increment\u00f3 un 3,3% durante febrero","author":"AF","date":"27\/03\/2018","format":false,"excerpt":"En febrero la Canasta B\u00e1sica Total que marca la l\u00ednea de pobreza subi\u00f3 casi un punto porcentual por encima de la inflaci\u00f3n general. Este mi\u00e9rcoles, Macri presentar\u00e1 el nuevo \u00edndice de pobreza. El costo la Canasta B\u00e1sica Total -que incluye alimentos, tarifas de servicios p\u00fablicos e indumentaria y marca la\u2026","rel":"","context":"En \u00abEconom\u00eda\u00bb","block_context":{"text":"Econom\u00eda","link":"https:\/\/www.24baires.com\/?cat=45"},"img":{"alt_text":"","src":"https:\/\/i0.wp.com\/www.24baires.com\/wp-content\/uploads\/2016\/03\/carrito-canasta.jpg?resize=350%2C200","width":350,"height":200,"srcset":"https:\/\/i0.wp.com\/www.24baires.com\/wp-content\/uploads\/2016\/03\/carrito-canasta.jpg?resize=350%2C200 1x, https:\/\/i0.wp.com\/www.24baires.com\/wp-content\/uploads\/2016\/03\/carrito-canasta.jpg?resize=525%2C300 1.5x"},"classes":[]}],"jetpack_sharing_enabled":true,"jetpack_likes_enabled":true,"_links":{"self":[{"href":"https:\/\/www.24baires.com\/index.php?rest_route=\/wp\/v2\/posts\/114713","targetHints":{"allow":["GET"]}}],"collection":[{"href":"https:\/\/www.24baires.com\/index.php?rest_route=\/wp\/v2\/posts"}],"about":[{"href":"https:\/\/www.24baires.com\/index.php?rest_route=\/wp\/v2\/types\/post"}],"author":[{"embeddable":true,"href":"https:\/\/www.24baires.com\/index.php?rest_route=\/wp\/v2\/users\/4"}],"replies":[{"embeddable":true,"href":"https:\/\/www.24baires.com\/index.php?rest_route=%2Fwp%2Fv2%2Fcomments&post=114713"}],"version-history":[{"count":1,"href":"https:\/\/www.24baires.com\/index.php?rest_route=\/wp\/v2\/posts\/114713\/revisions"}],"predecessor-version":[{"id":114715,"href":"https:\/\/www.24baires.com\/index.php?rest_route=\/wp\/v2\/posts\/114713\/revisions\/114715"}],"wp:attachment":[{"href":"https:\/\/www.24baires.com\/index.php?rest_route=%2Fwp%2Fv2%2Fmedia&parent=114713"}],"wp:term":[{"taxonomy":"category","embeddable":true,"href":"https:\/\/www.24baires.com\/index.php?rest_route=%2Fwp%2Fv2%2Fcategories&post=114713"},{"taxonomy":"post_tag","embeddable":true,"href":"https:\/\/www.24baires.com\/index.php?rest_route=%2Fwp%2Fv2%2Ftags&post=114713"}],"curies":[{"name":"wp","href":"https:\/\/api.w.org\/{rel}","templated":true}]}}