{"id":114710,"date":"2020-04-15T13:23:23","date_gmt":"2020-04-15T16:23:23","guid":{"rendered":"http:\/\/www.24baires.com\/?p=114710"},"modified":"2020-04-15T12:27:33","modified_gmt":"2020-04-15T15:27:33","slug":"anticipan-que-el-gobierno-preve-pagar-parte-de-los-sueldos-privados-de-abril","status":"publish","type":"post","link":"https:\/\/www.24baires.com\/?p=114710","title":{"rendered":"Anticipan que el Gobierno prev\u00e9 pagar parte de los sueldos privados de abril"},"content":{"rendered":"<p><img data-recalc-dims=\"1\" loading=\"lazy\" decoding=\"async\" src=\"https:\/\/i0.wp.com\/www.24baires.com\/wp-content\/uploads\/2020\/03\/guzmAN.jpg?resize=560%2C313\" alt=\"\" width=\"560\" height=\"313\" class=\"aligncenter size-full wp-image-114485\" srcset=\"https:\/\/i0.wp.com\/www.24baires.com\/wp-content\/uploads\/2020\/03\/guzmAN.jpg?w=560&amp;ssl=1 560w, https:\/\/i0.wp.com\/www.24baires.com\/wp-content\/uploads\/2020\/03\/guzmAN.jpg?resize=300%2C168&amp;ssl=1 300w\" sizes=\"auto, (max-width: 560px) 100vw, 560px\" \/>Lo har\u00e1 en el marco del programa de Asistencia de Emergencia al Trabajo y la Producci\u00f3n.<!--more--><\/p>\n<p>El ministro de Desarrollo Productivo, Mat\u00edas Kulfas, adelant\u00f3 este mi\u00e9rcoles que el Gobierno nacional \u201cpiensa cubrir parte de los salarios del sector privado\u201d del mes de abril en el marco del programa de Asistencia de Emergencia al Trabajo y la Producci\u00f3n (ATP), ante la demora de los bancos en conceder los pr\u00e9stamos a pymes a tasa del 24% anual.<\/p>\n<p>Kulfas justific\u00f3 esas nuevas medidas, que incluir\u00eda adem\u00e1s reducci\u00f3n y diferimiento de impuestos, porque \u201cuna cosa es pensar herramientas para una cuarentena de 15 o 20 d\u00edas, y otra es ahora, en que ya pensamos en todo abril; por eso estamos trabajando para que a principios de mayo haya recursos para sostener el trabajo y la producci\u00f3n\u201d.<\/p>\n<p>Y agreg\u00f3: \u201cVemos alternativas, el Banco Central tiene herramientas adicionales para que esto se refuerce\u201d, dijo hoy Kulfas en declaraciones al canal Am\u00e9rica 24.<\/p>\n<p>Asimismo, Kulfas confirm\u00f3 que \u201cestamos terminando de estudiar con el gabinete econ\u00f3mico\u201d la inclusi\u00f3n de los monotributistas de las categor\u00edas C y D en el Ingreso Familiar de Emergencia (IFE).<\/p>\n<p>\u201cEfectivamente, hay un sector importante de aut\u00f3nomos y monotributistas que est\u00e1n padeciendo la crisis, profesionales que no pueden abrir sus oficinas y consultorios, que facturan cero o muy poco, y para los cuales preparamos herramientas que vamos a comunicar en los pr\u00f3ximos d\u00edas\u201d, asegur\u00f3 Kulfas.<\/p>\n<p>El martes en una serie de mensajes en su cuenta personal de Twitter, el ministro destac\u00f3 el programa de Asistencia de Emergencia al Trabajo y la Producci\u00f3n y detall\u00f3 que \u201cel ATP se cre\u00f3 para apoyar a las pymes que tengan afectado su funcionamiento por la emergencia sanitaria. Ya se inscribieron m\u00e1s de 300.000 empresas\u201d.<\/p>\n","protected":false},"excerpt":{"rendered":"<p>Lo har\u00e1 en el marco del programa de Asistencia de Emergencia al Trabajo y la Producci\u00f3n.<\/p>\n","protected":false},"author":8,"featured_media":0,"comment_status":"open","ping_status":"open","sticky":false,"template":"","format":"standard","meta":{"_jetpack_newsletter_access":"","_jetpack_dont_email_post_to_subs":false,"_jetpack_newsletter_tier_id":0,"_jetpack_memberships_contains_paywalled_content":false,"_jetpack_memberships_contains_paid_content":false,"footnotes":""},"categories":[45],"tags":[],"class_list":["post-114710","post","type-post","status-publish","format-standard","hentry","category-economia"],"jetpack_featured_media_url":"","jetpack_shortlink":"https:\/\/wp.me\/p2JWE0-tQa","jetpack-related-posts":[{"id":114692,"url":"https:\/\/www.24baires.com\/?p=114692","url_meta":{"origin":114710,"position":0},"title":"El gobierno recibi\u00f3 a representantes de cl\u00ednicas privadas y analiza medidas","author":"GB","date":"14\/04\/2020","format":false,"excerpt":"El objetivo es incluirlas en el Programa de Asistencia al Trabajo y la Producci\u00f3n (ATP) de la AFIP. El jefe de Gabinete de Ministros de la Naci\u00f3n, Santiago Cafiero, encabez\u00f3 una reuni\u00f3n en el Sal\u00f3n Eva Per\u00f3n de la Casa Rosada junto al colectivo Uni\u00f3n Argentina de Salud, que nuclea\u2026","rel":"","context":"En \u00abPol\u00edtica\u00bb","block_context":{"text":"Pol\u00edtica","link":"https:\/\/www.24baires.com\/?cat=51"},"img":{"alt_text":"","src":"https:\/\/i0.wp.com\/www.24baires.com\/wp-content\/uploads\/2020\/04\/reunion-gob.jpg?resize=350%2C200","width":350,"height":200,"srcset":"https:\/\/i0.wp.com\/www.24baires.com\/wp-content\/uploads\/2020\/04\/reunion-gob.jpg?resize=350%2C200 1x, https:\/\/i0.wp.com\/www.24baires.com\/wp-content\/uploads\/2020\/04\/reunion-gob.jpg?resize=525%2C300 1.5x"},"classes":[]},{"id":114768,"url":"https:\/\/www.24baires.com\/?p=114768","url_meta":{"origin":114710,"position":1},"title":"El Gobierno destina el 3% del PBI para enfrentar la pandemia","author":"AF","date":"20\/04\/2020","format":false,"excerpt":"Los ministros de Producci\u00f3n y de Trabajo anunciaron la ampliaci\u00f3n de pol\u00edticas de ayuda para empresas, monotributistas y aut\u00f3nomos. A trav\u00e9s de una conferencia de prensa, el titular de Desarrollo Productivo, Mat\u00edas Kulfas, y su par de Trabajo, Claudio Moroni, presentaron las nuevas medidas en el marco del programa de\u2026","rel":"","context":"En \u00abSociedad\u00bb","block_context":{"text":"Sociedad","link":"https:\/\/www.24baires.com\/?cat=1"},"img":{"alt_text":"","src":"https:\/\/i0.wp.com\/www.24baires.com\/wp-content\/uploads\/2020\/04\/kulfas-moroni.jpg?resize=350%2C200","width":350,"height":200,"srcset":"https:\/\/i0.wp.com\/www.24baires.com\/wp-content\/uploads\/2020\/04\/kulfas-moroni.jpg?resize=350%2C200 1x, https:\/\/i0.wp.com\/www.24baires.com\/wp-content\/uploads\/2020\/04\/kulfas-moroni.jpg?resize=525%2C300 1.5x"},"classes":[]},{"id":115906,"url":"https:\/\/www.24baires.com\/?p=115906","url_meta":{"origin":114710,"position":2},"title":"La UIA y la CGT convienen extender las suspensiones masivas","author":"AF","date":"10\/08\/2020","format":false,"excerpt":"El mecanismo seguir\u00e1 vigente hasta finales de septiembre dentro del sector privado. Durante la jornada de hoy, la Uni\u00f3n Industrial y la Confederaci\u00f3n General del Trabajo acordaron extender la posibilidad de suspensiones masivas dentro de la actividad privada hasta finales de septiembre. El mecanismo tambi\u00e9n prev\u00e9 una reducci\u00f3n salarial de\u2026","rel":"","context":"En \u00abSociedad\u00bb","block_context":{"text":"Sociedad","link":"https:\/\/www.24baires.com\/?cat=1"},"img":{"alt_text":"","src":"https:\/\/i0.wp.com\/www.24baires.com\/wp-content\/uploads\/2020\/08\/uia-cgt.jpg?resize=350%2C200","width":350,"height":200,"srcset":"https:\/\/i0.wp.com\/www.24baires.com\/wp-content\/uploads\/2020\/08\/uia-cgt.jpg?resize=350%2C200 1x, https:\/\/i0.wp.com\/www.24baires.com\/wp-content\/uploads\/2020\/08\/uia-cgt.jpg?resize=525%2C300 1.5x"},"classes":[]},{"id":114622,"url":"https:\/\/www.24baires.com\/?p=114622","url_meta":{"origin":114710,"position":3},"title":"Formalizan el programa de asistencia a las Pymes golpeadas por la cuarentena","author":"GB","date":"06\/04\/2020","format":false,"excerpt":"El Estado nacional formaliz\u00f3 el Comit\u00e9 de Evaluaci\u00f3n y Monitoreo del Programa de Asistencia de Emergencia al Trabajo y la Producci\u00f3n, la herramienta de asistencia que podr\u00e1n contar algunas Pymes y empresas para pagar sueldos a sus trabajadores. Ser\u00e1 exclusivamente para los sectores m\u00e1s golpeados por la cuarentena. El gobierno\u2026","rel":"","context":"En \u00abPol\u00edtica\u00bb","block_context":{"text":"Pol\u00edtica","link":"https:\/\/www.24baires.com\/?cat=51"},"img":{"alt_text":"","src":"https:\/\/i0.wp.com\/www.24baires.com\/wp-content\/uploads\/2020\/04\/albeto.cafiero.jpg?resize=350%2C200","width":350,"height":200,"srcset":"https:\/\/i0.wp.com\/www.24baires.com\/wp-content\/uploads\/2020\/04\/albeto.cafiero.jpg?resize=350%2C200 1x, https:\/\/i0.wp.com\/www.24baires.com\/wp-content\/uploads\/2020\/04\/albeto.cafiero.jpg?resize=525%2C300 1.5x"},"classes":[]},{"id":115142,"url":"https:\/\/www.24baires.com\/?p=115142","url_meta":{"origin":114710,"position":4},"title":"El Gobierno asegur\u00f3 que el 90% de los hogares del pa\u00eds recibe alg\u00fan ingreso del Estado","author":"GB","date":"27\/05\/2020","format":false,"excerpt":"El ministro Kulfas destac\u00f3 los alcances del programa Ayuda Econ\u00f3mica para el Trabajo y la Producci\u00f3n (ATP). El ministro de Desarrollo Productivo, Mat\u00edas Kulfas, particip\u00f3 de una videoconferencia organizada por la Comisi\u00f3n de Econom\u00edas Regionales, Econom\u00eda Social, Micro, Peque\u00f1a y Mediana Empresa del Senado de la Naci\u00f3n. All\u00ed, asegur\u00f3 que\u2026","rel":"","context":"En \u00abPol\u00edtica\u00bb","block_context":{"text":"Pol\u00edtica","link":"https:\/\/www.24baires.com\/?cat=51"},"img":{"alt_text":"","src":"https:\/\/i0.wp.com\/www.24baires.com\/wp-content\/uploads\/2020\/05\/gobierno-trabajo.jpg?resize=350%2C200","width":350,"height":200,"srcset":"https:\/\/i0.wp.com\/www.24baires.com\/wp-content\/uploads\/2020\/05\/gobierno-trabajo.jpg?resize=350%2C200 1x, https:\/\/i0.wp.com\/www.24baires.com\/wp-content\/uploads\/2020\/05\/gobierno-trabajo.jpg?resize=525%2C300 1.5x"},"classes":[]},{"id":115283,"url":"https:\/\/www.24baires.com\/?p=115283","url_meta":{"origin":114710,"position":5},"title":"El Gobierno eval\u00faa extender el congelamiento de las tarifas","author":"GB","date":"09\/06\/2020","format":false,"excerpt":"A poco de asumir, el presidente Alberto Fern\u00e1nez estableci\u00f3 que los servicios de energ\u00eda el\u00e9ctrica y gas quedar\u00edan congelados por 180 d\u00edas (hasta el 30 de junio). El ministro de Desarrollo Productivo, Mat\u00edas Kulfas, ratific\u00f3 este martes que el Gobierno eval\u00faa extender el congelamiento de las tarifas de servicios p\u00fablicos,\u2026","rel":"","context":"En \u00abPol\u00edtica\u00bb","block_context":{"text":"Pol\u00edtica","link":"https:\/\/www.24baires.com\/?cat=51"},"img":{"alt_text":"","src":"https:\/\/i0.wp.com\/www.24baires.com\/wp-content\/uploads\/2016\/08\/gas.jpg?resize=350%2C200","width":350,"height":200,"srcset":"https:\/\/i0.wp.com\/www.24baires.com\/wp-content\/uploads\/2016\/08\/gas.jpg?resize=350%2C200 1x, https:\/\/i0.wp.com\/www.24baires.com\/wp-content\/uploads\/2016\/08\/gas.jpg?resize=525%2C300 1.5x"},"classes":[]}],"jetpack_sharing_enabled":true,"jetpack_likes_enabled":true,"_links":{"self":[{"href":"https:\/\/www.24baires.com\/index.php?rest_route=\/wp\/v2\/posts\/114710","targetHints":{"allow":["GET"]}}],"collection":[{"href":"https:\/\/www.24baires.com\/index.php?rest_route=\/wp\/v2\/posts"}],"about":[{"href":"https:\/\/www.24baires.com\/index.php?rest_route=\/wp\/v2\/types\/post"}],"author":[{"embeddable":true,"href":"https:\/\/www.24baires.com\/index.php?rest_route=\/wp\/v2\/users\/8"}],"replies":[{"embeddable":true,"href":"https:\/\/www.24baires.com\/index.php?rest_route=%2Fwp%2Fv2%2Fcomments&post=114710"}],"version-history":[{"count":1,"href":"https:\/\/www.24baires.com\/index.php?rest_route=\/wp\/v2\/posts\/114710\/revisions"}],"predecessor-version":[{"id":114711,"href":"https:\/\/www.24baires.com\/index.php?rest_route=\/wp\/v2\/posts\/114710\/revisions\/114711"}],"wp:attachment":[{"href":"https:\/\/www.24baires.com\/index.php?rest_route=%2Fwp%2Fv2%2Fmedia&parent=114710"}],"wp:term":[{"taxonomy":"category","embeddable":true,"href":"https:\/\/www.24baires.com\/index.php?rest_route=%2Fwp%2Fv2%2Fcategories&post=114710"},{"taxonomy":"post_tag","embeddable":true,"href":"https:\/\/www.24baires.com\/index.php?rest_route=%2Fwp%2Fv2%2Ftags&post=114710"}],"curies":[{"name":"wp","href":"https:\/\/api.w.org\/{rel}","templated":true}]}}