{"id":114654,"date":"2020-04-09T11:00:25","date_gmt":"2020-04-09T14:00:25","guid":{"rendered":"http:\/\/www.24baires.com\/?p=114654"},"modified":"2020-04-09T10:49:48","modified_gmt":"2020-04-09T13:49:48","slug":"kicillof-multara-a-danica-por-despedir-trabajadores-en-medio-de-la-pandemia","status":"publish","type":"post","link":"https:\/\/www.24baires.com\/?p=114654","title":{"rendered":"Kicillof multar\u00e1 a D\u00e1nica por despedir trabajadores en medio de la pandemia"},"content":{"rendered":"<p><img data-recalc-dims=\"1\" loading=\"lazy\" decoding=\"async\" src=\"https:\/\/i0.wp.com\/www.24baires.com\/wp-content\/uploads\/2020\/04\/danica.jpeg?resize=560%2C313\" alt=\"\" width=\"560\" height=\"313\" class=\"aligncenter size-full wp-image-114655\" srcset=\"https:\/\/i0.wp.com\/www.24baires.com\/wp-content\/uploads\/2020\/04\/danica.jpeg?w=560&amp;ssl=1 560w, https:\/\/i0.wp.com\/www.24baires.com\/wp-content\/uploads\/2020\/04\/danica.jpeg?resize=300%2C168&amp;ssl=1 300w\" sizes=\"auto, (max-width: 560px) 100vw, 560px\" \/>La empresa alimenticia falt\u00f3 al decreto que dispuso el Presidente el pasado 1 de abril que proh\u00edbe despidos y suspensiones sin justa causa y por fuerza mayor.<!--more--><\/p>\n<p>El Gobierno bonaerense abri\u00f3 un procedimiento que podr\u00eda terminar en una fuerte multa contra la compa\u00f1\u00eda D\u00e1nica por violar una conciliaci\u00f3n obligatoria dispuesta para frenar una seria de despidos de personal realizados durante la emergencia por la pandemia del coronavirus.<\/p>\n<p>Las actuaciones del Ejecutivo est\u00e1n a cargo del ministerio de Trabajo, que comanda Mara Ruiz Malec, ya que la planta donde se produjeron los despidos est\u00e1 ubicada en territorio bonaerense.<\/p>\n<p>Por ahora, las actuaciones est\u00e1n en tr\u00e1mite, el ministerio comprob\u00f3 que los despidos se produjeron y que se viol\u00f3 la conciliaci\u00f3n, medida por la que deber\u00edan haberse revertido. Pero la empresa a\u00fan dispone de instancias de apelaci\u00f3n antes de que se defina una sanci\u00f3n.<\/p>\n<p>D\u00e1nica es una compa\u00f1\u00eda que permanece activa durante la cuarentena total porque pertenece al rubro alimenticio, uno de los primeros exceptuados. Desde el 20 de marzo, su f\u00e1brica estuvo abierta. Mientras tanto, el presidente Alberto Fern\u00e1ndez firm\u00f3 un decreto el pasado 1 de abril que proh\u00edbe despidos y suspensiones sin justa causa y por fuerza mayor.<\/p>\n<p>Pese a \u00e9sto, la empresa alimenticia expuso que no deber\u00eda haber sanci\u00f3n, dado que los despidos fueron \u201ccon causa\u201d ya que, alegan, los trabajadores se negaron a relizar tareas en jornadas suplementarias para poder suplir a la plantilla que tuvo ser licenciada por pertenecer a grupos de riesgo o por estar a cargo del cuidado de ni\u00f1os en edad escolar<\/p>\n","protected":false},"excerpt":{"rendered":"<p>La empresa alimenticia falt\u00f3 al decreto que dispuso el Presidente el pasado 1 de abril que proh\u00edbe despidos y suspensiones sin justa causa y por fuerza mayor.<\/p>\n","protected":false},"author":8,"featured_media":0,"comment_status":"open","ping_status":"open","sticky":false,"template":"","format":"standard","meta":{"_jetpack_newsletter_access":"","_jetpack_dont_email_post_to_subs":false,"_jetpack_newsletter_tier_id":0,"_jetpack_memberships_contains_paywalled_content":false,"_jetpack_memberships_contains_paid_content":false,"footnotes":""},"categories":[40],"tags":[],"class_list":["post-114654","post","type-post","status-publish","format-standard","hentry","category-provincia"],"jetpack_shortlink":"https:\/\/wp.me\/p2JWE0-tPg","jetpack-related-posts":[{"id":107856,"url":"https:\/\/www.24baires.com\/?p=107856","url_meta":{"origin":114654,"position":0},"title":"D\u00e1nica despidi\u00f3 33 trabajadores de su planta de Lavallol","author":"GB","date":"27\/04\/2019","format":false,"excerpt":"La empresa argumenta una crisis econ\u00f3mica y financiera que los trabajadores desmienten por los altos niveles de producci\u00f3n. Tambi\u00e9n despidieron treinta obreros en San Luis. La empresa D\u00e1nica despidi\u00f3 hoy a 33 trabajadores en su planta de Lavallol, partido de Lomas de Zamora, y desde el Sindicato de Aceiteros denunciaron\u2026","rel":"","context":"En \u00abPol\u00edtica\u00bb","block_context":{"text":"Pol\u00edtica","link":"https:\/\/www.24baires.com\/?cat=51"},"img":{"alt_text":"","src":"https:\/\/i0.wp.com\/www.24baires.com\/wp-content\/uploads\/2019\/04\/danica.jpeg?resize=350%2C200","width":350,"height":200,"srcset":"https:\/\/i0.wp.com\/www.24baires.com\/wp-content\/uploads\/2019\/04\/danica.jpeg?resize=350%2C200 1x, https:\/\/i0.wp.com\/www.24baires.com\/wp-content\/uploads\/2019\/04\/danica.jpeg?resize=525%2C300 1.5x"},"classes":[]},{"id":105406,"url":"https:\/\/www.24baires.com\/?p=105406","url_meta":{"origin":114654,"position":1},"title":"Despidos en SIAM: denuncian que la empresa incumple con la conciliaci\u00f3n obligatoria","author":"GB","date":"13\/11\/2018","format":false,"excerpt":"Los 20 trabajadores de SIAM despedidos ayer denunciaron este martes que la empresa incumpli\u00f3 con la conciliaci\u00f3n obligatoria dictada por el Ministerio de Trabajo y que contin\u00faan sin poder ingresar a sus puestos de trabajo. Cabe se\u00f1alar que ayer, los operarios fueron notificados de las desvinculaciones por el personal de\u2026","rel":"","context":"En \u00abProvincia\u00bb","block_context":{"text":"Provincia","link":"https:\/\/www.24baires.com\/?cat=40"},"img":{"alt_text":"","src":"https:\/\/i0.wp.com\/www.24baires.com\/wp-content\/uploads\/2018\/08\/siam.jpg?resize=350%2C200","width":350,"height":200,"srcset":"https:\/\/i0.wp.com\/www.24baires.com\/wp-content\/uploads\/2018\/08\/siam.jpg?resize=350%2C200 1x, https:\/\/i0.wp.com\/www.24baires.com\/wp-content\/uploads\/2018\/08\/siam.jpg?resize=525%2C300 1.5x"},"classes":[]},{"id":103294,"url":"https:\/\/www.24baires.com\/?p=103294","url_meta":{"origin":114654,"position":2},"title":"Una conciliaci\u00f3n obligatoria pone en suspenso 200 despidos en Bah\u00eda Blanca","author":"Grupo Sierra","date":"12\/07\/2018","format":false,"excerpt":"Los 200 despidos en la refiner\u00eda Eli\u00e7abe -ex Petrobras- de Bah\u00eda Blanca quedaron en suspenso luego que en las \u00faltimas horas el Ministerio de Trabajo dictara la conciliaci\u00f3n obligatoria en el conflicto que mantiene paralizada la planta. Seg\u00fan explic\u00f3 el titular del Sindicato de Petr\u00f3leo y Gas Biocombustible de Bah\u00eda\u2026","rel":"","context":"En \u00abSindicales\u00bb","block_context":{"text":"Sindicales","link":"https:\/\/www.24baires.com\/?cat=326"},"img":{"alt_text":"","src":"https:\/\/i0.wp.com\/www.dib.com.ar\/gestion\/images\/blogmanagement\/noticias\/thumb\/5b473ab6c99ff1531394742.jpg?resize=350%2C200","width":350,"height":200,"srcset":"https:\/\/i0.wp.com\/www.dib.com.ar\/gestion\/images\/blogmanagement\/noticias\/thumb\/5b473ab6c99ff1531394742.jpg?resize=350%2C200 1x, https:\/\/i0.wp.com\/www.dib.com.ar\/gestion\/images\/blogmanagement\/noticias\/thumb\/5b473ab6c99ff1531394742.jpg?resize=525%2C300 1.5x"},"classes":[]},{"id":105434,"url":"https:\/\/www.24baires.com\/?p=105434","url_meta":{"origin":114654,"position":3},"title":"Chivilcoy: dictaron la conciliaci\u00f3n obligatoria en el conflicto con Paquet\u00e1","author":"GB","date":"14\/11\/2018","format":false,"excerpt":"El Ministerio de Trabajo dict\u00f3 la conciliaci\u00f3n obligatoria en el conflicto con la empresa de zapatillas Paquet\u00e1, donde crece la incertidumbre por los 600 trabajadores que se desempe\u00f1an en la planta, ubicada en la localidad bonaerense de Chivilcoy. La medida fue establecida hasta el 27 de noviembre, por lo que\u2026","rel":"","context":"En \u00abSociedad\u00bb","block_context":{"text":"Sociedad","link":"https:\/\/www.24baires.com\/?cat=1"},"img":{"alt_text":"","src":"https:\/\/i0.wp.com\/www.24baires.com\/wp-content\/uploads\/2018\/11\/paqueta-300x200.jpg?resize=350%2C200","width":350,"height":200},"classes":[]},{"id":61118,"url":"https:\/\/www.24baires.com\/?p=61118","url_meta":{"origin":114654,"position":4},"title":"Ezeiza: intiman a empresa av\u00edcola por el despido de 700 trabajadores","author":"AF","date":"02\/02\/2015","format":false,"excerpt":"Se trata de la empresa Rasic Hermanos S. A., intimada por el Ministerio de Trabajo bonaerense a cumplir la conciliaci\u00f3n obligatoria dictada el 26 de enero y disponer la \"inmediata reapertura de la planta\" y la reincorporaci\u00f3n de los trabajadores que fueron despedidos. El Ministerio de Trabajo que conduce Oscar\u2026","rel":"","context":"En \u00abLocales\u00bb","block_context":{"text":"Locales","link":"https:\/\/www.24baires.com\/?cat=38"},"img":{"alt_text":"","src":"","width":0,"height":0},"classes":[]},{"id":114569,"url":"https:\/\/www.24baires.com\/?p=114569","url_meta":{"origin":114654,"position":5},"title":"El Gobierno lanz\u00f3 la prohibici\u00f3n de despidos y suspensiones \u201csin justa causa\u201d por 60 d\u00edas","author":"GB","date":"01\/04\/2020","format":false,"excerpt":"La medida de oficializ\u00f3 en las \u00faltimas horas con el objetivo de mitigar el impacto econ\u00f3mico en medio de la pandemia de coronavirus. Finalmente el Gobierno nacional resolvi\u00f3 la prohibici\u00f3n de los despidos y suspensiones por 60 d\u00edas para morigerar las consecuencias de la ca\u00edda de la econom\u00eda en el\u2026","rel":"","context":"En \u00abPol\u00edtica\u00bb","block_context":{"text":"Pol\u00edtica","link":"https:\/\/www.24baires.com\/?cat=51"},"img":{"alt_text":"","src":"https:\/\/i0.wp.com\/www.24baires.com\/wp-content\/uploads\/2020\/03\/alberto-conferencia-1.jpg?resize=350%2C200","width":350,"height":200,"srcset":"https:\/\/i0.wp.com\/www.24baires.com\/wp-content\/uploads\/2020\/03\/alberto-conferencia-1.jpg?resize=350%2C200 1x, https:\/\/i0.wp.com\/www.24baires.com\/wp-content\/uploads\/2020\/03\/alberto-conferencia-1.jpg?resize=525%2C300 1.5x"},"classes":[]}],"jetpack_sharing_enabled":true,"jetpack_likes_enabled":true,"jetpack_featured_media_url":"","_links":{"self":[{"href":"https:\/\/www.24baires.com\/index.php?rest_route=\/wp\/v2\/posts\/114654","targetHints":{"allow":["GET"]}}],"collection":[{"href":"https:\/\/www.24baires.com\/index.php?rest_route=\/wp\/v2\/posts"}],"about":[{"href":"https:\/\/www.24baires.com\/index.php?rest_route=\/wp\/v2\/types\/post"}],"author":[{"embeddable":true,"href":"https:\/\/www.24baires.com\/index.php?rest_route=\/wp\/v2\/users\/8"}],"replies":[{"embeddable":true,"href":"https:\/\/www.24baires.com\/index.php?rest_route=%2Fwp%2Fv2%2Fcomments&post=114654"}],"version-history":[{"count":1,"href":"https:\/\/www.24baires.com\/index.php?rest_route=\/wp\/v2\/posts\/114654\/revisions"}],"predecessor-version":[{"id":114656,"href":"https:\/\/www.24baires.com\/index.php?rest_route=\/wp\/v2\/posts\/114654\/revisions\/114656"}],"wp:attachment":[{"href":"https:\/\/www.24baires.com\/index.php?rest_route=%2Fwp%2Fv2%2Fmedia&parent=114654"}],"wp:term":[{"taxonomy":"category","embeddable":true,"href":"https:\/\/www.24baires.com\/index.php?rest_route=%2Fwp%2Fv2%2Fcategories&post=114654"},{"taxonomy":"post_tag","embeddable":true,"href":"https:\/\/www.24baires.com\/index.php?rest_route=%2Fwp%2Fv2%2Ftags&post=114654"}],"curies":[{"name":"wp","href":"https:\/\/api.w.org\/{rel}","templated":true}]}}