{"id":11463,"date":"2013-01-07T19:15:48","date_gmt":"2013-01-07T22:15:48","guid":{"rendered":"http:\/\/www.24baires.com\/?p=11463"},"modified":"2013-01-07T19:15:51","modified_gmt":"2013-01-07T22:15:51","slug":"el-gobernador-se-reunio-con-su-gabinete","status":"publish","type":"post","link":"https:\/\/www.24baires.com\/?p=11463","title":{"rendered":"El Gobernador se reuni\u00f3 con su gabinete"},"content":{"rendered":"<p>Analizaron la marcha del Operativo Sol y la optimizaci\u00f3n del gasto en distintas \u00e1reas del gobierno bonaerense.<!--more--><\/p>\n<p>Daniel Scioli y su gabinete se reunieron para analizar la marcha del Operativo Sol, los controles de nocturnidad y la optimizaci\u00f3n del gasto en distintas \u00e1reas del gobierno bonaerense.<\/p>\n<p>El secretario de Comunicaci\u00f3n P\u00fablica, Juan Courel, indic\u00f3 que \u201cen materia de seguridad vial en la primera semana de enero ha habido muy pocos accidentes y ha habido una reducci\u00f3n del 40 por ciento con respecto al a\u00f1o pasado\u201d.<\/p>\n<p>Agreg\u00f3 que \u201cel ministro Arl\u00eda anunci\u00f3 que durante esta semana se adjudicar\u00e1n las obras de la Ruta 6 y en febrero se har\u00e1n los primeros anticipos financieros para que las empresas empiecen con las obras\u201d.<\/p>\n<p>Courel precis\u00f3 que \u201cen materia de optimizaci\u00f3n del gasto se plante\u00f3 que en breve se liquidar\u00e1n tres aeronaves y un helic\u00f3ptero de la provincia, lo que implicar\u00e1 una reducci\u00f3n de gastos de mantenimiento\u201d.<\/p>\n<p>Finalmente, precis\u00f3 que \u201cen telefon\u00eda celular se logr\u00f3 un acuerdo para reducir lo que se abona por el minuto y tambi\u00e9n habr\u00e1 reducciones en el uso de combustible de los automotores de la provincia\u201d.<\/p>\n<p>&nbsp;<\/p>\n<p>&nbsp;<\/p>\n<p>&nbsp;<\/p>\n<p>&nbsp;<\/p>\n","protected":false},"excerpt":{"rendered":"<p>Analizaron la marcha del Operativo Sol y la optimizaci\u00f3n del gasto en distintas \u00e1reas del gobierno bonaerense.<\/p>\n","protected":false},"author":11,"featured_media":0,"comment_status":"open","ping_status":"open","sticky":false,"template":"","format":"standard","meta":{"_jetpack_newsletter_access":"","_jetpack_dont_email_post_to_subs":false,"_jetpack_newsletter_tier_id":0,"_jetpack_memberships_contains_paywalled_content":false,"_jetpack_memberships_contains_paid_content":false,"footnotes":""},"categories":[40],"tags":[],"class_list":["post-11463","post","type-post","status-publish","format-standard","hentry","category-provincia"],"jetpack_featured_media_url":"","jetpack_shortlink":"https:\/\/wp.me\/p2JWE0-2YT","jetpack-related-posts":[{"id":20490,"url":"https:\/\/www.24baires.com\/?p=20490","url_meta":{"origin":11463,"position":0},"title":"Courel: \u201cEs mentira que el juez Arias haya dado una lista alternativa (de v\u00edctimas)\u201d","author":"AF","date":"08\/04\/2013","format":false,"excerpt":"El secretario de Comunicaci\u00f3n P\u00fablica provincial, Juan Courel, afirm\u00f3 hoy que \"es mentira que el juez (Luis) Arias haya dado una lista alternativa\" de v\u00edctimas del temporal en La Plata y reafirm\u00f3 la postura del gobierno provincial sobre que \"si hubiere m\u00e1s v\u00edctimas comprobadas se dar\u00e1n a conocer\". \"Es terrible\u2026","rel":"","context":"En \u00abPol\u00edtica\u00bb","block_context":{"text":"Pol\u00edtica","link":"https:\/\/www.24baires.com\/?cat=51"},"img":{"alt_text":"","src":"","width":0,"height":0},"classes":[]},{"id":11502,"url":"https:\/\/www.24baires.com\/?p=11502","url_meta":{"origin":11463,"position":1},"title":"Scioli vender\u00e1 tres aviones y un helic\u00f3ptero para achicar gastos","author":"AF","date":"08\/01\/2013","format":false,"excerpt":"El recorte tambi\u00e9n alcanzar\u00e1 al consumo de combustible de los automotores oficiales. La reducci\u00f3n de gastos en la Provincia comenz\u00f3 a mediados del a\u00f1o pasado, cuando la crisis financiera complic\u00f3 el pago de sueldos y aguinaldos. El gobierno bonaerense inform\u00f3 que vender\u00e1 tres aviones y un helic\u00f3ptero de la flota\u2026","rel":"","context":"En \u00abEconom\u00eda\u00bb","block_context":{"text":"Econom\u00eda","link":"https:\/\/www.24baires.com\/?cat=45"},"img":{"alt_text":"","src":"","width":0,"height":0},"classes":[]},{"id":13148,"url":"https:\/\/www.24baires.com\/?p=13148","url_meta":{"origin":11463,"position":2},"title":"Scioli y su gabinete se reunieron para comenzar a digitar el a\u00f1o","author":"AF","date":"22\/01\/2013","format":false,"excerpt":"El gobernador Daniel Scioli reuni\u00f3 este martes en la Gobernaci\u00f3n a su gabinete de ministros para analizar la puesta en marcha y el desarrollo de distintos planes de gesti\u00f3n a poco de culminar el mes de enero. En ese sentido, el mandatario charl\u00f3 en la Casa de Gobierno sobre distintos\u2026","rel":"","context":"En \u00abPol\u00edtica\u00bb","block_context":{"text":"Pol\u00edtica","link":"https:\/\/www.24baires.com\/?cat=51"},"img":{"alt_text":"","src":"","width":0,"height":0},"classes":[]},{"id":113977,"url":"https:\/\/www.24baires.com\/?p=113977","url_meta":{"origin":11463,"position":3},"title":"Olavarr\u00eda se convirti\u00f3 en el primer municipio en sancionar la Emergencia de G\u00e9nero","author":"GB","date":"31\/01\/2020","format":false,"excerpt":"Los dos femicidios en una semana y la presi\u00f3n de organizaciones de mujeres llev\u00f3 al Concejo Deliberante a tomar medidas en la materia. El Concejo Deliberante de Olavarr\u00eda declar\u00f3, este jueves, la Emergencia en Violencia de G\u00e9nero de forma un\u00e1nime, producto de los asesinatos de Mabel Olgu\u00edn y Valentina Gallina\u2026","rel":"","context":"En \u00abMunicipios\u00bb","block_context":{"text":"Municipios","link":"https:\/\/www.24baires.com\/?cat=44"},"img":{"alt_text":"","src":"https:\/\/i0.wp.com\/www.24baires.com\/wp-content\/uploads\/2020\/01\/olavarria-emergencia-genro.jpg?resize=350%2C200","width":350,"height":200,"srcset":"https:\/\/i0.wp.com\/www.24baires.com\/wp-content\/uploads\/2020\/01\/olavarria-emergencia-genro.jpg?resize=350%2C200 1x, https:\/\/i0.wp.com\/www.24baires.com\/wp-content\/uploads\/2020\/01\/olavarria-emergencia-genro.jpg?resize=525%2C300 1.5x"},"classes":[]},{"id":105317,"url":"https:\/\/www.24baires.com\/?p=105317","url_meta":{"origin":11463,"position":4},"title":"Comienza la audiencia p\u00fablica por el desembarco de Farmacity en la Provincia","author":"GB","date":"07\/11\/2018","format":false,"excerpt":"La Corte Suprema escuchar\u00e1 a los \"amicus curiae\" de las partes. La ley que regula la actividad farmac\u00e9utica impide la instalaci\u00f3n de sociedades an\u00f3nimas. Los farmac\u00e9uticos marchar\u00e1n en defensa del \"modelo sanitario\". Lorenzino denunci\u00f3 que Rosenkrantz no lo dej\u00f3 entrar. Este mi\u00e9rcoles comienza la primera audiencia p\u00fablica convocada por la\u2026","rel":"","context":"En \u00abProvincia\u00bb","block_context":{"text":"Provincia","link":"https:\/\/www.24baires.com\/?cat=40"},"img":{"alt_text":"","src":"https:\/\/i0.wp.com\/www.24baires.com\/wp-content\/uploads\/2018\/04\/farmaceuticos-300x200.jpg?resize=350%2C200","width":350,"height":200},"classes":[]},{"id":103260,"url":"https:\/\/www.24baires.com\/?p=103260","url_meta":{"origin":11463,"position":5},"title":"Macri \u00abcongel\u00f3\u00bb el Estado por decreto","author":"AF","date":"10\/07\/2018","format":false,"excerpt":"El Presidente decidi\u00f3 -por decreto- bloquear el ingreso de personal al Estado Nacional. \"No podr\u00e1n efectuar nuevas designaciones ni contrataciones, hasta el 31 de diciembre de 2019\". En una acci\u00f3n que puede ser le\u00edda como austera o demag\u00f3gica, el Gobierno congel\u00f3 el ingreso de nuevo personal al Estado Nacional. Desde\u2026","rel":"","context":"En \u00abPol\u00edtica\u00bb","block_context":{"text":"Pol\u00edtica","link":"https:\/\/www.24baires.com\/?cat=51"},"img":{"alt_text":"","src":"https:\/\/i0.wp.com\/www.24baires.com\/wp-content\/uploads\/2018\/05\/macri.jpg?resize=350%2C200","width":350,"height":200,"srcset":"https:\/\/i0.wp.com\/www.24baires.com\/wp-content\/uploads\/2018\/05\/macri.jpg?resize=350%2C200 1x, https:\/\/i0.wp.com\/www.24baires.com\/wp-content\/uploads\/2018\/05\/macri.jpg?resize=525%2C300 1.5x"},"classes":[]}],"jetpack_sharing_enabled":true,"jetpack_likes_enabled":true,"_links":{"self":[{"href":"https:\/\/www.24baires.com\/index.php?rest_route=\/wp\/v2\/posts\/11463","targetHints":{"allow":["GET"]}}],"collection":[{"href":"https:\/\/www.24baires.com\/index.php?rest_route=\/wp\/v2\/posts"}],"about":[{"href":"https:\/\/www.24baires.com\/index.php?rest_route=\/wp\/v2\/types\/post"}],"author":[{"embeddable":true,"href":"https:\/\/www.24baires.com\/index.php?rest_route=\/wp\/v2\/users\/11"}],"replies":[{"embeddable":true,"href":"https:\/\/www.24baires.com\/index.php?rest_route=%2Fwp%2Fv2%2Fcomments&post=11463"}],"version-history":[{"count":2,"href":"https:\/\/www.24baires.com\/index.php?rest_route=\/wp\/v2\/posts\/11463\/revisions"}],"predecessor-version":[{"id":11471,"href":"https:\/\/www.24baires.com\/index.php?rest_route=\/wp\/v2\/posts\/11463\/revisions\/11471"}],"wp:attachment":[{"href":"https:\/\/www.24baires.com\/index.php?rest_route=%2Fwp%2Fv2%2Fmedia&parent=11463"}],"wp:term":[{"taxonomy":"category","embeddable":true,"href":"https:\/\/www.24baires.com\/index.php?rest_route=%2Fwp%2Fv2%2Fcategories&post=11463"},{"taxonomy":"post_tag","embeddable":true,"href":"https:\/\/www.24baires.com\/index.php?rest_route=%2Fwp%2Fv2%2Ftags&post=11463"}],"curies":[{"name":"wp","href":"https:\/\/api.w.org\/{rel}","templated":true}]}}