{"id":114564,"date":"2020-03-31T16:26:40","date_gmt":"2020-03-31T19:26:40","guid":{"rendered":"http:\/\/www.24baires.com\/?p=114564"},"modified":"2020-03-31T19:31:08","modified_gmt":"2020-03-31T22:31:08","slug":"kicillof-con-el-tiempo-de-la-cuarentena-duplicamos-la-capacidad-del-sistema-de-salud-de-la-provincia","status":"publish","type":"post","link":"https:\/\/www.24baires.com\/?p=114564","title":{"rendered":"Kicillof: \u00abCon el tiempo de la cuarentena duplicamos la capacidad del sistema de salud de la Provincia\u00bb"},"content":{"rendered":"<p><img data-recalc-dims=\"1\" loading=\"lazy\" decoding=\"async\" src=\"https:\/\/i0.wp.com\/www.24baires.com\/wp-content\/uploads\/2020\/03\/kicilloffff.jpg?resize=560%2C372\" alt=\"\" width=\"560\" height=\"372\" class=\"aligncenter size-full wp-image-114565\" srcset=\"https:\/\/i0.wp.com\/www.24baires.com\/wp-content\/uploads\/2020\/03\/kicilloffff.jpg?w=560&amp;ssl=1 560w, https:\/\/i0.wp.com\/www.24baires.com\/wp-content\/uploads\/2020\/03\/kicilloffff.jpg?resize=300%2C199&amp;ssl=1 300w\" sizes=\"auto, (max-width: 560px) 100vw, 560px\" \/>El Gobernador visit\u00f3 las obras de ampliaci\u00f3n del Hospital Rossi de La Plata.<!--more--><\/p>\n<p>El gobernador de la provincia de Buenos Aires, Axel Kicillof, visit\u00f3 esta ma\u00f1ana las obras de ampliaci\u00f3n del Hospital Rossi de La Plata y expres\u00f3 que \u00abesta ampliaci\u00f3n nos permite contar con mejores est\u00e1ndares de seguridad, los casos de pacientes con coronavirus ser\u00e1n separados de los casos generales que es lo que se recomienda\u201d.<\/p>\n<p>El Gobernador estuvo acompa\u00f1ado por el ministro de Salud bonaerense, Daniel Goll\u00e1n, el viceministro Nicol\u00e1s Kreplak, y el ministro de Infraestructura y Servicios P\u00fablicos, Agust\u00edn Simone. Las obras para ampliar la guardia del Hospital Dr. Rodolfo Rossi se encontraban paradas desde octubre de 2019 y estar\u00e1n finalizadas en los pr\u00f3ximos quince d\u00edas. La inversi\u00f3n total supera los 170 millones de pesos.<\/p>\n<p>Kicillof explic\u00f3 que en el laboratorio del Hospital se podr\u00e1n realizar los test PCR para diagn\u00f3stico de coronavirus: \u00abEn una primera etapa son 4 centros de referencia en la Provincia de Buenos Aires para hacer los ex\u00e1menes de coronavirus. Este es uno de los hospitales m\u00e1s importantes de la Provincia, que nos va a permitir hacer los ex\u00e1menes descentralizados y nos dar\u00e1 mayor celeridad\u00bb.<\/p>\n<p>El mandatario provincial destac\u00f3 la solidaridad y el esfuerzo de diferentes sectores para colaborar con la situaci\u00f3n de emergencia: \u00abVen\u00edamos de a\u00f1os de abandono, esta obra por ejemplo tuvimos que finalizarla en tiempo r\u00e9cord. Hemos abierto un centro de reparaci\u00f3n de respiradores trabajando con universidades de la Provincia, hubo quienes adaptaron respiradores para emergencias y de la misma manera lo estamos haciendo con todas las posibilidades que existen. Tambi\u00e9n una empresa automotriz se propuso hacer respiradores y todo sirve porque estamos esperando el pico de la infecci\u00f3n\u00bb. <\/p>\n<p>\u00abEn los \u00faltimos a\u00f1os perdimos la soberan\u00eda sanitaria, es decir que empresas nacionales tengan la capacidad de producir insumos m\u00e9dicos y equipamiento. Hay tres empresas que fabrican respiradores en el pa\u00eds y es importante abastecer primero las necesidades locales porque es muy dif\u00edcil importar\u00bb, remarc\u00f3 Kicillof. <\/p>\n<p>Kicillof manifest\u00f3 que \u00aben Argentina contamos con la decisi\u00f3n y las medidas de Alberto Fern\u00e1ndez que lograron posponer el momento de los contagios masivos ganando tiempo con la cuarentena para hacer cosas como esta\u00bb. \u00abNos estamos dedicando a equipar a nuestro sistema de salud y apuntamos a duplicar la capacidad de la Provincia de Buenos Aires. No sabemos cu\u00e1l va a ser el ritmo pero esperamos estar mucho m\u00e1s listos de lo que est\u00e1bamos\u00bb, concluy\u00f3. <\/p>\n","protected":false},"excerpt":{"rendered":"<p>El Gobernador visit\u00f3 las obras de ampliaci\u00f3n del Hospital Rossi de La Plata.<\/p>\n","protected":false},"author":4,"featured_media":0,"comment_status":"open","ping_status":"open","sticky":false,"template":"","format":"standard","meta":{"_jetpack_newsletter_access":"","_jetpack_dont_email_post_to_subs":false,"_jetpack_newsletter_tier_id":0,"_jetpack_memberships_contains_paywalled_content":false,"_jetpack_memberships_contains_paid_content":false,"footnotes":""},"categories":[40],"tags":[],"class_list":["post-114564","post","type-post","status-publish","format-standard","hentry","category-provincia"],"jetpack_shortlink":"https:\/\/wp.me\/p2JWE0-tNO","jetpack-related-posts":[{"id":116594,"url":"https:\/\/www.24baires.com\/?p=116594","url_meta":{"origin":114564,"position":0},"title":"Que ignorantes que son, no es cuesti\u00f3n de que vuelvan las clases, porque nunca dejaron de funcionar\u201d","author":"GB","date":"03\/11\/2020","format":false,"excerpt":"El gobernador encabez\u00f3 desde Moreno la inauguraci\u00f3n de nuevos edificios educativos y obras de ampliaci\u00f3n en el marco del programa \u201cEscuelas a la Obra\u201d. El gobernador de la provincia de Buenos Aires, Axel Kicillof, encabez\u00f3 esta tarde desde Moreno la inauguraci\u00f3n de nuevos edificios educativos y obras de ampliaci\u00f3n en\u2026","rel":"","context":"En \u00abProvincia\u00bb","block_context":{"text":"Provincia","link":"https:\/\/www.24baires.com\/?cat=40"},"img":{"alt_text":"","src":"https:\/\/i0.wp.com\/www.24baires.com\/wp-content\/uploads\/2020\/07\/kicillof-arroyo.jpeg?resize=350%2C200","width":350,"height":200,"srcset":"https:\/\/i0.wp.com\/www.24baires.com\/wp-content\/uploads\/2020\/07\/kicillof-arroyo.jpeg?resize=350%2C200 1x, https:\/\/i0.wp.com\/www.24baires.com\/wp-content\/uploads\/2020\/07\/kicillof-arroyo.jpeg?resize=525%2C300 1.5x"},"classes":[]},{"id":114718,"url":"https:\/\/www.24baires.com\/?p=114718","url_meta":{"origin":114564,"position":1},"title":"Kicillof aclara que \u00abno tiene\u00bb s\u00edntomas de COVID-19","author":"GB","date":"16\/04\/2020","format":false,"excerpt":"La inquietud se gener\u00f3 luego de que se conocieran varios casos positivos en un hospital de San Mart\u00edn donde el Gobernador estuvo la semana pasada. Esta tarde participar\u00e1 pero de manera virtual de la reuni\u00f3n con Alberto Fern\u00e1ndez. Frente a los rumores y sospechas sobre la salud de Axel Kicillof,\u2026","rel":"","context":"En \u00abProvincia\u00bb","block_context":{"text":"Provincia","link":"https:\/\/www.24baires.com\/?cat=40"},"img":{"alt_text":"","src":"https:\/\/i0.wp.com\/www.24baires.com\/wp-content\/uploads\/2020\/04\/kicillof-hospital.jpg?resize=350%2C200","width":350,"height":200,"srcset":"https:\/\/i0.wp.com\/www.24baires.com\/wp-content\/uploads\/2020\/04\/kicillof-hospital.jpg?resize=350%2C200 1x, https:\/\/i0.wp.com\/www.24baires.com\/wp-content\/uploads\/2020\/04\/kicillof-hospital.jpg?resize=525%2C300 1.5x"},"classes":[]},{"id":119990,"url":"https:\/\/www.24baires.com\/?p=119990","url_meta":{"origin":114564,"position":2},"title":"Kicillof: \u201cEstamos transformando los hospitales de la Provincia\u201d","author":"GB","date":"10\/04\/2023","format":false,"excerpt":"El gobernador de la provincia de Buenos Aires, Axel Kicillof, se refiri\u00f3 a la gran inversi\u00f3n que su gesti\u00f3n destin\u00f3 para mejorar los hospitales p\u00fablicos. Este domingo, Axel Kicillof manifest\u00f3 que su gesti\u00f3n est\u00e1 \u201ctransformado los hospitales de la Provincia\u201d, haciendo referencia a la gran inversi\u00f3n que su gobierno est\u00e1\u2026","rel":"","context":"En \u00abProvincia\u00bb","block_context":{"text":"Provincia","link":"https:\/\/www.24baires.com\/?cat=40"},"img":{"alt_text":"","src":"https:\/\/i0.wp.com\/www.24baires.com\/wp-content\/uploads\/2022\/07\/kicillof.jpg?resize=350%2C200","width":350,"height":200,"srcset":"https:\/\/i0.wp.com\/www.24baires.com\/wp-content\/uploads\/2022\/07\/kicillof.jpg?resize=350%2C200 1x, https:\/\/i0.wp.com\/www.24baires.com\/wp-content\/uploads\/2022\/07\/kicillof.jpg?resize=525%2C300 1.5x, https:\/\/i0.wp.com\/www.24baires.com\/wp-content\/uploads\/2022\/07\/kicillof.jpg?resize=700%2C400 2x"},"classes":[]},{"id":115718,"url":"https:\/\/www.24baires.com\/?p=115718","url_meta":{"origin":114564,"position":3},"title":"Kicillof inaugura cinco centros de atenci\u00f3n primaria para la salud","author":"GB","date":"23\/07\/2020","format":false,"excerpt":"El gobernador estar\u00e1 acompa\u00f1ado por el intendente Mariano Cascallares en lo que ser\u00e1 la inauguraci\u00f3n de los CAPS este jueves. Una ser\u00e1 de manera presencial, mientras que las otras cuatro por videoconferencia. El gobernador de la provincia de Buenos Aires, Axel Kicillof, inaugurar\u00e1 este jueves cinco centros de atenci\u00f3n primaria\u2026","rel":"","context":"En \u00abMunicipios\u00bb","block_context":{"text":"Municipios","link":"https:\/\/www.24baires.com\/?cat=44"},"img":{"alt_text":"","src":"https:\/\/i0.wp.com\/www.24baires.com\/wp-content\/uploads\/2020\/07\/atencion-primaria.jpg?resize=350%2C200","width":350,"height":200,"srcset":"https:\/\/i0.wp.com\/www.24baires.com\/wp-content\/uploads\/2020\/07\/atencion-primaria.jpg?resize=350%2C200 1x, https:\/\/i0.wp.com\/www.24baires.com\/wp-content\/uploads\/2020\/07\/atencion-primaria.jpg?resize=525%2C300 1.5x"},"classes":[]},{"id":121460,"url":"https:\/\/www.24baires.com\/?p=121460","url_meta":{"origin":114564,"position":4},"title":"La Provincia se har\u00e1 cargo de una obra, en la Universidad de Mar del Plata, abandonada por Milei","author":"GB","date":"04\/07\/2024","format":false,"excerpt":"El ministro de Infraestructura bonaerense, Gabriel Katopodis, anunci\u00f3 que el gobierno de Axel Kicillof retomar\u00e1 la obra de la biblioteca central de la Universidad Nacional de Mar del Plata (UNMDP). El ministro de Infraestructura y Servicios P\u00fablicos bonaerense, Gabriel Katopodis, anunci\u00f3 que la Provincia girar\u00e1 $700 millones para reiniciar la\u2026","rel":"","context":"En \u00abProvincia\u00bb","block_context":{"text":"Provincia","link":"https:\/\/www.24baires.com\/?cat=40"},"img":{"alt_text":"","src":"https:\/\/i0.wp.com\/www.24baires.com\/wp-content\/uploads\/2017\/05\/unmdp.jpg?resize=350%2C200","width":350,"height":200,"srcset":"https:\/\/i0.wp.com\/www.24baires.com\/wp-content\/uploads\/2017\/05\/unmdp.jpg?resize=350%2C200 1x, https:\/\/i0.wp.com\/www.24baires.com\/wp-content\/uploads\/2017\/05\/unmdp.jpg?resize=525%2C300 1.5x, https:\/\/i0.wp.com\/www.24baires.com\/wp-content\/uploads\/2017\/05\/unmdp.jpg?resize=700%2C400 2x"},"classes":[]},{"id":122138,"url":"https:\/\/www.24baires.com\/?p=122138","url_meta":{"origin":114564,"position":5},"title":"Axel Avellaneda: \u201cSin igualdad de oportunidades, hablar de libertad es una estafa\u201d","author":"GB","date":"13\/03\/2025","format":false,"excerpt":"El gobernador bonaerense inaugur\u00f3 obras en escuelas, entreg\u00f3 escrituras y reafirm\u00f3 el rol del Estado para garantizar derechos en Avellaneda. El gobernador de la provincia de Buenos Aires, Axel Kicillof, encabez\u00f3 este mi\u00e9rcoles una jornada de gesti\u00f3n en Avellaneda, donde inaugur\u00f3 obras de ampliaci\u00f3n y refacci\u00f3n en dos escuelas primarias\u2026","rel":"","context":"En \u00abProvincia\u00bb","block_context":{"text":"Provincia","link":"https:\/\/www.24baires.com\/?cat=40"},"img":{"alt_text":"","src":"https:\/\/i0.wp.com\/www.24baires.com\/wp-content\/uploads\/2025\/03\/primaria-53-kici.jpg?resize=350%2C200","width":350,"height":200,"srcset":"https:\/\/i0.wp.com\/www.24baires.com\/wp-content\/uploads\/2025\/03\/primaria-53-kici.jpg?resize=350%2C200 1x, https:\/\/i0.wp.com\/www.24baires.com\/wp-content\/uploads\/2025\/03\/primaria-53-kici.jpg?resize=525%2C300 1.5x, https:\/\/i0.wp.com\/www.24baires.com\/wp-content\/uploads\/2025\/03\/primaria-53-kici.jpg?resize=700%2C400 2x"},"classes":[]}],"jetpack_sharing_enabled":true,"jetpack_likes_enabled":true,"jetpack_featured_media_url":"","_links":{"self":[{"href":"https:\/\/www.24baires.com\/index.php?rest_route=\/wp\/v2\/posts\/114564","targetHints":{"allow":["GET"]}}],"collection":[{"href":"https:\/\/www.24baires.com\/index.php?rest_route=\/wp\/v2\/posts"}],"about":[{"href":"https:\/\/www.24baires.com\/index.php?rest_route=\/wp\/v2\/types\/post"}],"author":[{"embeddable":true,"href":"https:\/\/www.24baires.com\/index.php?rest_route=\/wp\/v2\/users\/4"}],"replies":[{"embeddable":true,"href":"https:\/\/www.24baires.com\/index.php?rest_route=%2Fwp%2Fv2%2Fcomments&post=114564"}],"version-history":[{"count":1,"href":"https:\/\/www.24baires.com\/index.php?rest_route=\/wp\/v2\/posts\/114564\/revisions"}],"predecessor-version":[{"id":114566,"href":"https:\/\/www.24baires.com\/index.php?rest_route=\/wp\/v2\/posts\/114564\/revisions\/114566"}],"wp:attachment":[{"href":"https:\/\/www.24baires.com\/index.php?rest_route=%2Fwp%2Fv2%2Fmedia&parent=114564"}],"wp:term":[{"taxonomy":"category","embeddable":true,"href":"https:\/\/www.24baires.com\/index.php?rest_route=%2Fwp%2Fv2%2Fcategories&post=114564"},{"taxonomy":"post_tag","embeddable":true,"href":"https:\/\/www.24baires.com\/index.php?rest_route=%2Fwp%2Fv2%2Ftags&post=114564"}],"curies":[{"name":"wp","href":"https:\/\/api.w.org\/{rel}","templated":true}]}}