{"id":114552,"date":"2020-03-30T16:46:36","date_gmt":"2020-03-30T19:46:36","guid":{"rendered":"http:\/\/www.24baires.com\/?p=114552"},"modified":"2020-03-30T18:50:02","modified_gmt":"2020-03-30T21:50:02","slug":"kicillof-visito-tres-distritos-del-conurbano-para-dar-respuesta-a-la-pandemia","status":"publish","type":"post","link":"https:\/\/www.24baires.com\/?p=114552","title":{"rendered":"Kicillof visit\u00f3 tres distritos del conurbano para dar respuesta a la pandemia"},"content":{"rendered":"<p><img data-recalc-dims=\"1\" loading=\"lazy\" decoding=\"async\" src=\"https:\/\/i0.wp.com\/www.24baires.com\/wp-content\/uploads\/2020\/03\/kicillofff.jpg?resize=560%2C372\" alt=\"\" width=\"560\" height=\"372\" class=\"aligncenter size-full wp-image-114553\" srcset=\"https:\/\/i0.wp.com\/www.24baires.com\/wp-content\/uploads\/2020\/03\/kicillofff.jpg?w=560&amp;ssl=1 560w, https:\/\/i0.wp.com\/www.24baires.com\/wp-content\/uploads\/2020\/03\/kicillofff.jpg?resize=300%2C199&amp;ssl=1 300w\" sizes=\"auto, (max-width: 560px) 100vw, 560px\" \/>Acompa\u00f1ado por Sergio Berni, el gobernador bonaerense visit\u00f3 los comit\u00e9s de emergencia de Almirante Brown, Lomas de Zamora y Esteban Echeverr\u00eda.<!--more--><\/p>\n<p>El gobernador bonaerense, Axel Kicillof, desembarc\u00f3 este lunes en el Conurbano, con visitas a los comit\u00e9s de emergencia de Almirante Brown, Lomas de Zamora y Esteban Echeverr\u00eda, desde donde cada gobierno local avanza con medidas contra la pandemia.   \u201cLos municipios est\u00e1n trabajando muy bien en coordinaci\u00f3n con la Provincia en cada una de estas \u00e1reas, as\u00ed como tambi\u00e9n con la Naci\u00f3n\u201d, valor\u00f3 el mandatario bonaerense.<\/p>\n<p>Acompa\u00f1ado por el ministro de Seguridad, Sergio Berni, Kicillof visit\u00f3 primero Almirante Brown, donde fue recibido por el intendente Mariano Cascallares. Juntos recorrieron un centro de formaci\u00f3n docente, est\u00e1 siendo acondicionado para brindar asistencia primaria a pacientes afectados por el COVID 19.<\/p>\n<p> \u201cEstamos participando de los comit\u00e9s de emergencia en los municipios que vienen a replicar lo que hacemos a nivel provincial, donde confluyen las cuestiones de seguridad, salud, educaci\u00f3n y desarrollo social. Son temas \u00edntimamente ligados con el coronavirus en la situaci\u00f3n de cuarentena\u201d, dijo Kicillof. \u201cLos municipios est\u00e1n trabajando muy bien en coordinaci\u00f3n con la Provincia en cada una de estas \u00e1reas, as\u00ed como tambi\u00e9n con la Naci\u00f3n\u201d, celebr\u00f3.<\/p>\n<p>En Lomas de Zamora, Kicillof visit\u00f3 del comit\u00e9 de emergencia con el jefe comunal a la cabeza Mart\u00edn Insaurralde y luego mantuvieron un encuentro con miembros de la polic\u00eda bonaerense, quienes hoy se encuentra reforzando la distribuci\u00f3n alimentaria y controlando el cumplimiento de la cuarentena.<\/p>\n<p>\u201cEstamos trabajando en cada uno de los municipios para duplicar la cantidad de atenci\u00f3n y esto gracias a que el gobierno nacional a trav\u00e9s de la cuarentena nos dio un plazo que no exist\u00eda y que no tuvieron otros pa\u00edses. Estamos trabajando en la prevenci\u00f3n y al mismo tiempo en las medidas de distribuci\u00f3n alimentaria, AUH, jubilaci\u00f3n, ahora tambi\u00e9n el ingreso familiar de emergencia\u201d, explic\u00f3 Kicillof.<\/p>\n<p>\u201cTanto en los hospitales provinciales como municipales estamos gestionando la ampliaci\u00f3n de las camas y tambi\u00e9n estamos tras los insumos para poder proveer de respiradores e instrumentos para la protecci\u00f3n del personal, no solamente de salud, tambi\u00e9n de educaci\u00f3n y seguridad\u201d, agreg\u00f3.<\/p>\n<p>En Esteban Echeverr\u00eda en tanto, el mandatario bonaerense recorri\u00f3 el Centro Operativo de Monitoreo de Monte Grande, junto al intendente Fernando Gray, desde donde se monitorean todos los accesos y se controlan los operativos en la v\u00eda p\u00fablica.<\/p>\n<p>Tras esta gira, Kicillof resalt\u00f3 la tarea encarada por el Gobierno provincial para enfrentar la pandemia. \u201cEst\u00e1n las 330 camas del Sanatorio Ant\u00e1rtida, y gracias al trabajo que est\u00e1 haciendo cada intendente en los municipios tenemos nuevas camas de terapia intensiva, camas comunes y hemos visitado centros de aislamiento para situaciones no cr\u00edticas de coronavirus\u201d.<\/p>\n<p>Por su parte, Berni expres\u00f3: \u201cNo es lo mismo el aislamiento de una familia que vive en un departamento con comodidades que el conurbano profundo, es ah\u00ed donde estamos haciendo un trabajo muy fuerte con los intendentes y la Naci\u00f3n\u201d. Y, ante ese panorama, puntualiz\u00f3: \u201cEsto es la cuarentena comunitaria, para impedir que grupos de un barrio circulen con los de otro barrio. Esta es nuestra realidad y la tenemos que acompa\u00f1ar, por eso es muy importante el trabajo territorial de los intendentes\u201d.<\/p>\n","protected":false},"excerpt":{"rendered":"<p>Acompa\u00f1ado por Sergio Berni, el gobernador bonaerense visit\u00f3 los comit\u00e9s de emergencia de Almirante Brown, Lomas de Zamora y Esteban Echeverr\u00eda.<\/p>\n","protected":false},"author":4,"featured_media":0,"comment_status":"open","ping_status":"open","sticky":false,"template":"","format":"standard","meta":{"_jetpack_newsletter_access":"","_jetpack_dont_email_post_to_subs":false,"_jetpack_newsletter_tier_id":0,"_jetpack_memberships_contains_paywalled_content":false,"_jetpack_memberships_contains_paid_content":false,"footnotes":""},"categories":[40],"tags":[],"class_list":["post-114552","post","type-post","status-publish","format-standard","hentry","category-provincia"],"jetpack_shortlink":"https:\/\/wp.me\/p2JWE0-tNC","jetpack-related-posts":[{"id":115023,"url":"https:\/\/www.24baires.com\/?p=115023","url_meta":{"origin":114552,"position":0},"title":"El Gobierno finaliz\u00f3 la construcci\u00f3n de 12 hospitales modulares","author":"AF","date":"14\/05\/2020","format":false,"excerpt":"Est\u00e1n ubicados en el conurbano bonaerense, Santa Fe, Chaco y C\u00f3rdoba. Permitir\u00e1n sumar 840 camas de internaci\u00f3n y terapia al sistema sanitario y as\u00ed mejorar las condiciones para afrontar la pandemia de coronavirus. El presidente Alberto Fern\u00e1ndez visit\u00f3 este jueves el nuevo Hospital Modular de Emergencia de Almirante Brown, uno\u2026","rel":"","context":"En \u00abSociedad\u00bb","block_context":{"text":"Sociedad","link":"https:\/\/www.24baires.com\/?cat=1"},"img":{"alt_text":"","src":"https:\/\/i0.wp.com\/www.24baires.com\/wp-content\/uploads\/2020\/05\/hospital-modular.jpg?resize=350%2C200","width":350,"height":200,"srcset":"https:\/\/i0.wp.com\/www.24baires.com\/wp-content\/uploads\/2020\/05\/hospital-modular.jpg?resize=350%2C200 1x, https:\/\/i0.wp.com\/www.24baires.com\/wp-content\/uploads\/2020\/05\/hospital-modular.jpg?resize=525%2C300 1.5x"},"classes":[]},{"id":114242,"url":"https:\/\/www.24baires.com\/?p=114242","url_meta":{"origin":114552,"position":1},"title":"Kicillof se reuni\u00f3 con intendentes del Frente de Todos","author":"AF","date":"28\/02\/2020","format":false,"excerpt":"El Gobernador bonaerense mantuvo un encuentro con jefes comunales de la Tercera Secci\u00f3n Electoral. Para avanzar en la construcci\u00f3n de una agenda en com\u00fan y conformar equipos de trabajo, Axel Kicillof recibi\u00f3 este viernes en La Plata a intendentes e intendentas del Frente de Todos. \u201cComo venimos haciendo desde el\u2026","rel":"","context":"En \u00abProvincia\u00bb","block_context":{"text":"Provincia","link":"https:\/\/www.24baires.com\/?cat=40"},"img":{"alt_text":"","src":"https:\/\/i0.wp.com\/www.24baires.com\/wp-content\/uploads\/2020\/02\/4e70b823aa9969498199c0d0698b57b6.jpg?resize=350%2C200","width":350,"height":200,"srcset":"https:\/\/i0.wp.com\/www.24baires.com\/wp-content\/uploads\/2020\/02\/4e70b823aa9969498199c0d0698b57b6.jpg?resize=350%2C200 1x, https:\/\/i0.wp.com\/www.24baires.com\/wp-content\/uploads\/2020\/02\/4e70b823aa9969498199c0d0698b57b6.jpg?resize=525%2C300 1.5x"},"classes":[]},{"id":115179,"url":"https:\/\/www.24baires.com\/?p=115179","url_meta":{"origin":114552,"position":2},"title":"Fern\u00e1ndez: \u00abJusticia es tener acceso a la educaci\u00f3n, a la salud y al agua\u00bb","author":"AF","date":"29\/05\/2020","format":false,"excerpt":"\"Tanto demoramos para entender que hay 2 millones y medio de bonaerenses que necesitan estas obras\", expres\u00f3 el Presidente acompa\u00f1ado por Kicillof y Galmarini. El presidente de la Naci\u00f3n, Alberto Fern\u00e1ndez, encabez\u00f3 este viernes, en el partido bonaerense de Quilmes, el acto de bajada de una tunelera de AySA, que\u2026","rel":"","context":"En \u00abPol\u00edtica\u00bb","block_context":{"text":"Pol\u00edtica","link":"https:\/\/www.24baires.com\/?cat=51"},"img":{"alt_text":"","src":"https:\/\/i0.wp.com\/www.24baires.com\/wp-content\/uploads\/2020\/05\/aysa-1.jpg?resize=350%2C200","width":350,"height":200,"srcset":"https:\/\/i0.wp.com\/www.24baires.com\/wp-content\/uploads\/2020\/05\/aysa-1.jpg?resize=350%2C200 1x, https:\/\/i0.wp.com\/www.24baires.com\/wp-content\/uploads\/2020\/05\/aysa-1.jpg?resize=525%2C300 1.5x"},"classes":[]},{"id":116527,"url":"https:\/\/www.24baires.com\/?p=116527","url_meta":{"origin":114552,"position":3},"title":"Intendentes del PJ se reunieron para respaldar al Gobierno y evaluar aperturas","author":"AF","date":"22\/10\/2020","format":false,"excerpt":"Se reunieron en Berazategui para efectuar un respaldo al presidente Alberto Fern\u00e1ndez y al gobernador bonaerense Axel Kicillof. Adem\u00e1s evaluaron la implementaci\u00f3n en los distritos de las distintas aperturas tras la flexibilizaci\u00f3n de las restricciones sociales. Una treintena de intendentes peronistas del Conurbano se reunieron en Berazategui para respaldar al\u2026","rel":"","context":"En \u00abProvincia\u00bb","block_context":{"text":"Provincia","link":"https:\/\/www.24baires.com\/?cat=40"},"img":{"alt_text":"","src":"https:\/\/i0.wp.com\/www.24baires.com\/wp-content\/uploads\/2020\/10\/5f9236f601237_1004x565.jpg?resize=350%2C200","width":350,"height":200,"srcset":"https:\/\/i0.wp.com\/www.24baires.com\/wp-content\/uploads\/2020\/10\/5f9236f601237_1004x565.jpg?resize=350%2C200 1x, https:\/\/i0.wp.com\/www.24baires.com\/wp-content\/uploads\/2020\/10\/5f9236f601237_1004x565.jpg?resize=525%2C300 1.5x"},"classes":[]},{"id":115539,"url":"https:\/\/www.24baires.com\/?p=115539","url_meta":{"origin":114552,"position":4},"title":"Kicillof y Arroyo implementar\u00e1n programas sociales de empleo","author":"GB","date":"03\/07\/2020","format":false,"excerpt":"El Gobernador y el ministro de Desarrollo Social de la Naci\u00f3n acordar\u00e1n poner en marcha programas sociales de empleo en la Provincia. El gobernador, Axel Kicillof, encabezar\u00e1 este viernes junto al ministro de Desarrollo Social de la Naci\u00f3n, Daniel Arroyo, la firma de convenios para implementar el programa Potenciar Trabajo.\u2026","rel":"","context":"En \u00abProvincia\u00bb","block_context":{"text":"Provincia","link":"https:\/\/www.24baires.com\/?cat=40"},"img":{"alt_text":"","src":"https:\/\/i0.wp.com\/www.24baires.com\/wp-content\/uploads\/2020\/07\/kicillof-arroyo.jpeg?resize=350%2C200","width":350,"height":200,"srcset":"https:\/\/i0.wp.com\/www.24baires.com\/wp-content\/uploads\/2020\/07\/kicillof-arroyo.jpeg?resize=350%2C200 1x, https:\/\/i0.wp.com\/www.24baires.com\/wp-content\/uploads\/2020\/07\/kicillof-arroyo.jpeg?resize=525%2C300 1.5x"},"classes":[]},{"id":110831,"url":"https:\/\/www.24baires.com\/?p=110831","url_meta":{"origin":114552,"position":5},"title":"M\u00e1s de 30 mil personas siguen sin luz en Capital y en el Conurbano","author":"GB","date":"18\/06\/2019","format":false,"excerpt":"Tras el hist\u00f3rico apag\u00f3n en todo el pa\u00eds, miles de usuarios contin\u00faan sin suministro el\u00e9ctrico en el \u00e1rea metropolitana. Tras el hist\u00f3rico apag\u00f3n que se registr\u00f3 el fin de semana en todo el pa\u00eds, m\u00e1s de 30 mil personas contin\u00faan sin energ\u00eda el\u00e9ctrica en Capital Federal y en el Conurbano\u2026","rel":"","context":"En \u00abSociedad\u00bb","block_context":{"text":"Sociedad","link":"https:\/\/www.24baires.com\/?cat=1"},"img":{"alt_text":"","src":"https:\/\/i0.wp.com\/www.24baires.com\/wp-content\/uploads\/2019\/06\/apagon-1.jpg?resize=350%2C200","width":350,"height":200,"srcset":"https:\/\/i0.wp.com\/www.24baires.com\/wp-content\/uploads\/2019\/06\/apagon-1.jpg?resize=350%2C200 1x, https:\/\/i0.wp.com\/www.24baires.com\/wp-content\/uploads\/2019\/06\/apagon-1.jpg?resize=525%2C300 1.5x"},"classes":[]}],"jetpack_sharing_enabled":true,"jetpack_likes_enabled":true,"jetpack_featured_media_url":"","_links":{"self":[{"href":"https:\/\/www.24baires.com\/index.php?rest_route=\/wp\/v2\/posts\/114552","targetHints":{"allow":["GET"]}}],"collection":[{"href":"https:\/\/www.24baires.com\/index.php?rest_route=\/wp\/v2\/posts"}],"about":[{"href":"https:\/\/www.24baires.com\/index.php?rest_route=\/wp\/v2\/types\/post"}],"author":[{"embeddable":true,"href":"https:\/\/www.24baires.com\/index.php?rest_route=\/wp\/v2\/users\/4"}],"replies":[{"embeddable":true,"href":"https:\/\/www.24baires.com\/index.php?rest_route=%2Fwp%2Fv2%2Fcomments&post=114552"}],"version-history":[{"count":1,"href":"https:\/\/www.24baires.com\/index.php?rest_route=\/wp\/v2\/posts\/114552\/revisions"}],"predecessor-version":[{"id":114554,"href":"https:\/\/www.24baires.com\/index.php?rest_route=\/wp\/v2\/posts\/114552\/revisions\/114554"}],"wp:attachment":[{"href":"https:\/\/www.24baires.com\/index.php?rest_route=%2Fwp%2Fv2%2Fmedia&parent=114552"}],"wp:term":[{"taxonomy":"category","embeddable":true,"href":"https:\/\/www.24baires.com\/index.php?rest_route=%2Fwp%2Fv2%2Fcategories&post=114552"},{"taxonomy":"post_tag","embeddable":true,"href":"https:\/\/www.24baires.com\/index.php?rest_route=%2Fwp%2Fv2%2Ftags&post=114552"}],"curies":[{"name":"wp","href":"https:\/\/api.w.org\/{rel}","templated":true}]}}