{"id":114497,"date":"2020-03-24T19:18:49","date_gmt":"2020-03-24T22:18:49","guid":{"rendered":"http:\/\/www.24baires.com\/?p=114497"},"modified":"2020-03-24T19:18:49","modified_gmt":"2020-03-24T22:18:49","slug":"hagamos-memoria","status":"publish","type":"post","link":"https:\/\/www.24baires.com\/?p=114497","title":{"rendered":"Hagamos memoria"},"content":{"rendered":"<p><img data-recalc-dims=\"1\" loading=\"lazy\" decoding=\"async\" src=\"https:\/\/i0.wp.com\/www.24baires.com\/wp-content\/uploads\/2020\/03\/MARCHA-24-2.jpg?resize=560%2C373\" alt=\"\" width=\"560\" height=\"373\" class=\"aligncenter size-full wp-image-114498\" srcset=\"https:\/\/i0.wp.com\/www.24baires.com\/wp-content\/uploads\/2020\/03\/MARCHA-24-2.jpg?w=560&amp;ssl=1 560w, https:\/\/i0.wp.com\/www.24baires.com\/wp-content\/uploads\/2020\/03\/MARCHA-24-2.jpg?resize=300%2C200&amp;ssl=1 300w\" sizes=\"auto, (max-width: 560px) 100vw, 560px\" \/>La memoria puede ser el cementerio m\u00e1s grande y oscuro. La memoria puede ser el pozo sin fondo donde algunos arrojan la Historia, para que se pierda en tanta negrura. Puede ser una herida de sangre fresca y dolor constante, como toda llaga abierta.<!--more--><\/p>\n<p>Pero resulta que tambi\u00e9n puede ser otras cosas. Como un bloque de piedra, depender\u00e1 de las manos que la trabajen para conocer la forma que tomar\u00e1. Entonces, la memoria puede ser la transformaci\u00f3n de la pena, porque el recuerdo del pasado desgarra, pero es necesario mostrarlo, pensarlo de nuevo, hacer algo m\u00e1s para que no se repita y abra otras heridas de esas que son para siempre. Entonces, la memoria sana. <\/p>\n<p>La memoria engendra vida, mientras se nutre de los recuerdos. Entonces la memoria educa, ense\u00f1a a no repetir el odio sistem\u00e1tico. Entonces la memoria ya es otra cosa. Porque, cuando la memoria demuestra que puede ser abrazo amoroso y acompa\u00f1amiento solidario, ya no es m\u00e1s aquel camposanto de miedo e indiferencia, sino tierra f\u00e9rtil y generosa.<\/p>\n<p>Entonces, la memoria es un ejercicio. Es algo que se hace, no una mera situaci\u00f3n ocurrida o anclada en otra \u00e9poca. Es algo que se construye, se elabora, se amasa como un pan, que luego se parte y reparte. Para que alimente, para que crezca, para que de fuerzas. <\/p>\n<p>En d\u00edas en que el sano ejercicio de la memoria no podr\u00e1 encontrarnos practic\u00e1ndolo en las calles, como acostumbramos, la marcha ir\u00e1 por dentro. En nuestras casas, cuid\u00e1ndonos en comunidad, teniendo memoria.<\/p>\n<p>Porque hoy no podemos salir porque la salud de nuestras sociedades peligra. No podemos estar afuera, levantando las banderas, cantando las canciones, abrazando a nuestras Madres y Abuelas en esa reconfortante pr\u00e1ctica emp\u00edrica que tanto nos gusta. Hoy marchamos en casa.<\/p>\n<p>Porque no nos han vencido, despu\u00e9s de 44 a\u00f1os de lucha. Porque estamos ac\u00e1, por los que ya no est\u00e1n y por las y los 30,000 que no sabemos d\u00f3nde est\u00e1n. Y por las y nietas y nietos, hermanas y hermanos nuestros: no los dejaremos de buscar.<\/p>\n<p>Entonces, no nos vamos a ahogar en la tristeza. Hagamos de los dolores y las penas m\u00e1s crueles las semillas de otras cosas, y que sean bellas, que sean buenas, que sean para todos y todas. Transformemos el aislamiento forzoso en un aprendizaje cari\u00f1oso, en palabras solidarias, en acciones generosas. Que esta manera necesaria de separaci\u00f3n f\u00edsica fortalezca los lazos sociales y reacomode algunas prioridades.<\/p>\n<p>Hagamos memoria, ya sabemos c\u00f3mo ponernos de pie. Hagamos memoria, ya sabemos que nadie se salva solo ni sola. Hagamos memoria, y pronto, vas a ver, nos volveremos a abrazar.<\/p>\n<p>Hoy en nuestras casas, en esta misma baldosa, marchamos igual. Como aprendimos de esas mujeres que cambiaron la historia, haciendo una ronda, resistiendo todo, dando vueltas y vueltas, siempre en el mismo lugar.<\/p>\n","protected":false},"excerpt":{"rendered":"<p>La memoria puede ser el cementerio m\u00e1s grande y oscuro. La memoria puede ser el pozo sin fondo donde algunos arrojan la Historia, para que se pierda en tanta negrura. Puede ser una herida de sangre fresca y dolor constante, como toda llaga abierta.<\/p>\n","protected":false},"author":4,"featured_media":0,"comment_status":"open","ping_status":"open","sticky":false,"template":"","format":"standard","meta":{"_jetpack_newsletter_access":"","_jetpack_dont_email_post_to_subs":false,"_jetpack_newsletter_tier_id":0,"_jetpack_memberships_contains_paywalled_content":false,"_jetpack_memberships_contains_paid_content":false,"footnotes":""},"categories":[64],"tags":[],"class_list":["post-114497","post","type-post","status-publish","format-standard","hentry","category-opinion"],"jetpack_featured_media_url":"","jetpack_shortlink":"https:\/\/wp.me\/p2JWE0-tMJ","jetpack-related-posts":[{"id":42818,"url":"https:\/\/www.24baires.com\/?p=42818","url_meta":{"origin":114497,"position":0},"title":"La felicidad es la desmemoria para el Salieri de Quino y Caloi","author":"GB","date":"26\/03\/2014","format":false,"excerpt":"Si les digo Cristian Dzwonik, no van a saber de qui\u00e9n les hablo. Si se los nombro por su seud\u00f3nimo, tal vez s\u00ed: Nik. Aunque si siguen sin ubicar a esta persona, pueden andar sin cuidado, no es importante. Pero me gustar\u00eda transmitirles algunas cosas en las que este se\u00f1or,\u2026","rel":"","context":"En \u00abOpini\u00f3n\u00bb","block_context":{"text":"Opini\u00f3n","link":"https:\/\/www.24baires.com\/?cat=64"},"img":{"alt_text":"BjkN-YnCMAAg9aT","src":"https:\/\/i0.wp.com\/www.24baires.com\/wp-content\/uploads\/2014\/03\/BjkN-YnCMAAg9aT.png?resize=350%2C200","width":350,"height":200,"srcset":"https:\/\/i0.wp.com\/www.24baires.com\/wp-content\/uploads\/2014\/03\/BjkN-YnCMAAg9aT.png?resize=350%2C200 1x, https:\/\/i0.wp.com\/www.24baires.com\/wp-content\/uploads\/2014\/03\/BjkN-YnCMAAg9aT.png?resize=525%2C300 1.5x"},"classes":[]},{"id":2498,"url":"https:\/\/www.24baires.com\/?p=2498","url_meta":{"origin":114497,"position":1},"title":"La Comisi\u00f3n por la Memoria denuncia al Gobierno bonaerense","author":"AF","date":"18\/10\/2012","format":false,"excerpt":"La Comisi\u00f3n Provincial por la Memoria (CPM) denunci\u00f3 que el Gobierno bonaerense subejecut\u00f3 en un 34% el presupuesto del organismo y reclam\u00f3 por el cumplimiento de las obligaciones pautadas para el ejercicio 2012. Mediante una carta p\u00fablica titulada \"No al ajuste en los derechos humanos de la Provincia\", el organismo\u2026","rel":"","context":"En \u00abMemoria\u00bb","block_context":{"text":"Memoria","link":"https:\/\/www.24baires.com\/?cat=50"},"img":{"alt_text":"","src":"","width":0,"height":0},"classes":[]},{"id":71481,"url":"https:\/\/www.24baires.com\/?p=71481","url_meta":{"origin":114497,"position":2},"title":"Inauguran un espacio por la memoria de los pueblos originarios","author":"GB","date":"01\/09\/2015","format":false,"excerpt":"MOR\u00d3N-Funciona dentro de la Casa de la Memoria y la Vida, donde funcion\u00f3 el centro clandestino mansi\u00f3n Ser\u00e9. All\u00ed se realizar\u00e1n acciones vinculadas a la herencia de los pueblos ind\u00edgenas. \u201cLo que se plantea es darle visibilidad y empezar a reconocer conceptos ancestrales\u201d, explic\u00f3 el director de Derechos Humanos de\u2026","rel":"","context":"En \u00abMemoria\u00bb","block_context":{"text":"Memoria","link":"https:\/\/www.24baires.com\/?cat=50"},"img":{"alt_text":"memoria originarios","src":"https:\/\/i0.wp.com\/www.24baires.com\/wp-content\/uploads\/2015\/09\/memoria-originarios.jpg?resize=350%2C200","width":350,"height":200,"srcset":"https:\/\/i0.wp.com\/www.24baires.com\/wp-content\/uploads\/2015\/09\/memoria-originarios.jpg?resize=350%2C200 1x, https:\/\/i0.wp.com\/www.24baires.com\/wp-content\/uploads\/2015\/09\/memoria-originarios.jpg?resize=525%2C300 1.5x"},"classes":[]},{"id":66115,"url":"https:\/\/www.24baires.com\/?p=66115","url_meta":{"origin":114497,"position":3},"title":"Cristina inaugurar\u00e1 el Sitio de Memoria en la ex ESMA","author":"AF","date":"18\/05\/2015","format":false,"excerpt":"La presidenta Cristina Fern\u00e1ndez de Kirchner encabezar\u00e1 ma\u00f1ana al mediod\u00eda el acto de inauguraci\u00f3n del Sitio de Memoria emplazado en el edificio del ex Casino de Oficiales que funciona dentro del Espacio de la Memoria en las instalaciones del ex centro clandestino de detenci\u00f3n de la Escuela de Mec\u00e1nica de\u2026","rel":"","context":"En \u00abMemoria\u00bb","block_context":{"text":"Memoria","link":"https:\/\/www.24baires.com\/?cat=50"},"img":{"alt_text":"","src":"","width":0,"height":0},"classes":[]},{"id":91866,"url":"https:\/\/www.24baires.com\/?p=91866","url_meta":{"origin":114497,"position":4},"title":"\u201cYa no saben qu\u00e9 hacer para tapar la historia de nuestro pa\u00eds\u201d","author":"GB","date":"24\/01\/2017","format":false,"excerpt":"La titular de Madres de Plaza de Mayo L\u00ednea Fundadora, Nora Corti\u00f1as, repudi\u00f3 la decisi\u00f3n del Gobierno de establecer como \u201cmovibles\u201d algunos feriados como el del \u201cD\u00eda de la Memoria\u201d o el \u201cD\u00eda del Veterano y de los Ca\u00eddos en Malvinas\u201d. \u201cEllos quieren cambiar la historia, pero no lo van\u2026","rel":"","context":"En \u00abMemoria\u00bb","block_context":{"text":"Memoria","link":"https:\/\/www.24baires.com\/?cat=50"},"img":{"alt_text":"","src":"https:\/\/i0.wp.com\/www.24baires.com\/wp-content\/uploads\/2017\/01\/nora-corti%C3%B1as.jpg?resize=350%2C200","width":350,"height":200,"srcset":"https:\/\/i0.wp.com\/www.24baires.com\/wp-content\/uploads\/2017\/01\/nora-corti%C3%B1as.jpg?resize=350%2C200 1x, https:\/\/i0.wp.com\/www.24baires.com\/wp-content\/uploads\/2017\/01\/nora-corti%C3%B1as.jpg?resize=525%2C300 1.5x"},"classes":[]},{"id":71450,"url":"https:\/\/www.24baires.com\/?p=71450","url_meta":{"origin":114497,"position":5},"title":"Inauguran en Mor\u00f3n un espacio por la memoria de los pueblos originarios","author":"AF","date":"01\/09\/2015","format":false,"excerpt":"Funciona dentro de la Casa de la Memoria y la Vida, donde estuvo al ex Mansi\u00f3n Ser\u00e9. \u201cLo que se plantea es darle visibilidad y empezar a reconocer conceptos ancestrales\u201d, explic\u00f3 el director de Derechos Humanos de Mor\u00f3n, Gustavo Moreno. El espacio funciona en el predio de la Casa de\u2026","rel":"","context":"En \u00abLocales\u00bb","block_context":{"text":"Locales","link":"https:\/\/www.24baires.com\/?cat=38"},"img":{"alt_text":"pueblos originarios mor\u00f3n","src":"https:\/\/i0.wp.com\/www.24baires.com\/wp-content\/uploads\/2015\/09\/pueblos-originarios-mor%C3%B3n.jpg?resize=350%2C200","width":350,"height":200,"srcset":"https:\/\/i0.wp.com\/www.24baires.com\/wp-content\/uploads\/2015\/09\/pueblos-originarios-mor%C3%B3n.jpg?resize=350%2C200 1x, https:\/\/i0.wp.com\/www.24baires.com\/wp-content\/uploads\/2015\/09\/pueblos-originarios-mor%C3%B3n.jpg?resize=525%2C300 1.5x"},"classes":[]}],"jetpack_sharing_enabled":true,"jetpack_likes_enabled":true,"_links":{"self":[{"href":"https:\/\/www.24baires.com\/index.php?rest_route=\/wp\/v2\/posts\/114497","targetHints":{"allow":["GET"]}}],"collection":[{"href":"https:\/\/www.24baires.com\/index.php?rest_route=\/wp\/v2\/posts"}],"about":[{"href":"https:\/\/www.24baires.com\/index.php?rest_route=\/wp\/v2\/types\/post"}],"author":[{"embeddable":true,"href":"https:\/\/www.24baires.com\/index.php?rest_route=\/wp\/v2\/users\/4"}],"replies":[{"embeddable":true,"href":"https:\/\/www.24baires.com\/index.php?rest_route=%2Fwp%2Fv2%2Fcomments&post=114497"}],"version-history":[{"count":1,"href":"https:\/\/www.24baires.com\/index.php?rest_route=\/wp\/v2\/posts\/114497\/revisions"}],"predecessor-version":[{"id":114499,"href":"https:\/\/www.24baires.com\/index.php?rest_route=\/wp\/v2\/posts\/114497\/revisions\/114499"}],"wp:attachment":[{"href":"https:\/\/www.24baires.com\/index.php?rest_route=%2Fwp%2Fv2%2Fmedia&parent=114497"}],"wp:term":[{"taxonomy":"category","embeddable":true,"href":"https:\/\/www.24baires.com\/index.php?rest_route=%2Fwp%2Fv2%2Fcategories&post=114497"},{"taxonomy":"post_tag","embeddable":true,"href":"https:\/\/www.24baires.com\/index.php?rest_route=%2Fwp%2Fv2%2Ftags&post=114497"}],"curies":[{"name":"wp","href":"https:\/\/api.w.org\/{rel}","templated":true}]}}