{"id":114484,"date":"2020-03-24T11:20:29","date_gmt":"2020-03-24T14:20:29","guid":{"rendered":"http:\/\/www.24baires.com\/?p=114484"},"modified":"2020-03-24T10:47:30","modified_gmt":"2020-03-24T13:47:30","slug":"lanzan-el-ingreso-familiar-de-emergencia-para-trabajadores-informales","status":"publish","type":"post","link":"https:\/\/www.24baires.com\/?p=114484","title":{"rendered":"Lanzan el \u00abIngreso Familiar de Emergencia\u00bb para trabajadores informales"},"content":{"rendered":"<p><img data-recalc-dims=\"1\" loading=\"lazy\" decoding=\"async\" src=\"https:\/\/i0.wp.com\/www.24baires.com\/wp-content\/uploads\/2020\/03\/guzmAN.jpg?resize=560%2C313\" alt=\"\" width=\"560\" height=\"313\" class=\"aligncenter size-full wp-image-114485\" srcset=\"https:\/\/i0.wp.com\/www.24baires.com\/wp-content\/uploads\/2020\/03\/guzmAN.jpg?w=560&amp;ssl=1 560w, https:\/\/i0.wp.com\/www.24baires.com\/wp-content\/uploads\/2020\/03\/guzmAN.jpg?resize=300%2C168&amp;ssl=1 300w\" sizes=\"auto, (max-width: 560px) 100vw, 560px\" \/>El ministro de Econom\u00eda, Mart\u00edn Guzm\u00e1n, junto a su par de Trabajo, Claudio Moroni, anunci\u00f3 la creaci\u00f3n de un ingreso familiar de emergencia que alcanzar\u00e1 a los monostributistas de las categor\u00edas A y B y a los trabajadores informales cuyas familias no perciban otro tipo de ingreso ni de ayuda social que les permita sortear la situaci\u00f3n creada por la pandemia de coronavirus.<br \/>\n<!--more--><\/p>\n<p>\u00abLa prioridad n\u00famero 1 es la salud y por eso es fundamental reducir la circulacion de gente y la circulaci\u00f3n de bienes.  La consecuencia obvia de esto es que la actividad econ\u00f3mica se reduce fuertemente y deja a mucha gente que depende del dia a dia, que depende da la demanda en una situaci\u00f3n de desesperacion\u00bb, explic\u00f3 Guzman y anunci\u00f3 que \u00abestamos haciendo que toda persona que vive en  Argentina quede protegida en situaci\u00f3n de crisis\u00bb.<\/p>\n<p>El funcionario explic\u00f3 que en el mundo se han tomado tres tipos de medidas para proteger a las familias ante la crisis econ\u00f3mica, que son las tranferencias directas de recursos, la protecci\u00f3n del empleo y el refuerzo de los seguros de desempleo, por lo que consider\u00f3 que Argentina sea \u00abquiz\u00e1 el \u00fanico que est\u00e1 adoptando los tres modelos, tomando medidas en las tres direcciones al mismo tiempo\u00bb.<\/p>\n<p>El Ingreso Familiar de Emergencia alcanzar\u00e1 a trabajadores informales en relaci\u00f3n de dependencia y a monostributistas de las categor\u00edas A y B, y se materializar\u00e1 a trav\u00e9s de un pago \u00fanico de 10 mil pesos durante el mes de abril, aunque podr\u00eda repetirse si se extienden las condiciones de excepci\u00f3n por el coronavirus.<\/p>\n<p>Sobre la implementaci\u00f3n del programa, Moroni aclar\u00f3 que \u00abno hay que llenar ninguna planilla\u00bb y adelant\u00f3 que se va a habilitar una incripci\u00f3n online en la p\u00e1gina de la Anses, aunque aclar\u00f3 que muchos de los beneficiarios ya tienen sus datos cargados, por lo que el registro deber\u00eda ser relativamente r\u00e1pido. Adem\u00e1s el titular de Trabajo indic\u00f3 que se van a implementar medios de pago alternativos para los que no posean cuenta bancaria.<\/p>\n<p>La medida solo alcanzar\u00e1 a aquellos trabajadores y monotributistas cuyas familias no perciban otro ingreso que le permita sortear la situaci\u00f3n de emergencia econ\u00f3mica, para lo cual se utilizar\u00e1n las bases de datos de la Anses, en tanto que medidas para otras categor\u00edas del monotributo todav\u00eda est\u00e1n en estudio.<\/p>\n","protected":false},"excerpt":{"rendered":"<p>El ministro de Econom\u00eda, Mart\u00edn Guzm\u00e1n, junto a su par de Trabajo, Claudio Moroni, anunci\u00f3 la creaci\u00f3n de un ingreso familiar de emergencia que alcanzar\u00e1 a los monostributistas de las categor\u00edas A y B y a los trabajadores informales cuyas familias no perciban otro tipo de ingreso ni de ayuda social que les permita sortear la situaci\u00f3n creada por la [&#8230;]<\/p>\n","protected":false},"author":8,"featured_media":0,"comment_status":"open","ping_status":"open","sticky":false,"template":"","format":"standard","meta":{"_jetpack_newsletter_access":"","_jetpack_dont_email_post_to_subs":false,"_jetpack_newsletter_tier_id":0,"_jetpack_memberships_contains_paywalled_content":false,"_jetpack_memberships_contains_paid_content":false,"footnotes":""},"categories":[45],"tags":[],"class_list":["post-114484","post","type-post","status-publish","format-standard","hentry","category-economia"],"jetpack_featured_media_url":"","jetpack_shortlink":"https:\/\/wp.me\/p2JWE0-tMw","jetpack-related-posts":[{"id":115199,"url":"https:\/\/www.24baires.com\/?p=115199","url_meta":{"origin":114484,"position":0},"title":"Se renueva el IFE a partir de la pr\u00f3xima semana","author":"AF","date":"01\/06\/2020","format":false,"excerpt":"La directora ejecutiva del Anses, Fernanda Raverta, junto a funcionarios del Ministerio de Econom\u00eda, anunci\u00f3 el refuerzo del Ingreso Familiar de Emergencia. Desde el Poder Ejecutivo Nacional se confirm\u00f3 el cronograma de pago del segundo bono, el cual se empezar\u00e1 a cobrar a partir de la semana que viene, mientras\u2026","rel":"","context":"En \u00abSociedad\u00bb","block_context":{"text":"Sociedad","link":"https:\/\/www.24baires.com\/?cat=1"},"img":{"alt_text":"","src":"https:\/\/i0.wp.com\/www.24baires.com\/wp-content\/uploads\/2018\/12\/anses.jpg?resize=350%2C200","width":350,"height":200,"srcset":"https:\/\/i0.wp.com\/www.24baires.com\/wp-content\/uploads\/2018\/12\/anses.jpg?resize=350%2C200 1x, https:\/\/i0.wp.com\/www.24baires.com\/wp-content\/uploads\/2018\/12\/anses.jpg?resize=525%2C300 1.5x"},"classes":[]},{"id":120500,"url":"https:\/\/www.24baires.com\/?p=120500","url_meta":{"origin":114484,"position":1},"title":"Massa anunci\u00f3 un IFE de $94 mil para trabajadores informales","author":"AF","date":"26\/09\/2023","format":false,"excerpt":"El ministro de Econom\u00eda anunci\u00f3 un beneficio de 94.000 pesos para trabajadores y trabajadoras informales. Qui\u00e9nes pueden acceder a este beneficio y qui\u00e9nes no. C\u00f3mo y cu\u00e1ndo inscribirse. El ministro de Econom\u00eda Sergio Massa anunci\u00f3 este martes un refuerzo de ingresos para trabajadores informales de 94.000 pesos. La inscripci\u00f3n estar\u00e1\u2026","rel":"","context":"En \u00abSociedad\u00bb","block_context":{"text":"Sociedad","link":"https:\/\/www.24baires.com\/?cat=1"},"img":{"alt_text":"","src":"https:\/\/i0.wp.com\/www.24baires.com\/wp-content\/uploads\/2023\/09\/WhatsApp-Image-2023-09-26-at-23.50.16.jpeg?resize=350%2C200","width":350,"height":200,"srcset":"https:\/\/i0.wp.com\/www.24baires.com\/wp-content\/uploads\/2023\/09\/WhatsApp-Image-2023-09-26-at-23.50.16.jpeg?resize=350%2C200 1x, https:\/\/i0.wp.com\/www.24baires.com\/wp-content\/uploads\/2023\/09\/WhatsApp-Image-2023-09-26-at-23.50.16.jpeg?resize=525%2C300 1.5x, https:\/\/i0.wp.com\/www.24baires.com\/wp-content\/uploads\/2023\/09\/WhatsApp-Image-2023-09-26-at-23.50.16.jpeg?resize=700%2C400 2x"},"classes":[]},{"id":114437,"url":"https:\/\/www.24baires.com\/?p=114437","url_meta":{"origin":114484,"position":2},"title":"Varios municipios cerraron sus puertas por el coronavirus","author":"AF","date":"18\/03\/2020","format":false,"excerpt":"En el marco de la emergencia sanitaria, distritos bonaerenses decidieron cerrar sus ingresos para no residentes. Mientras distritos de la costa buscan mermar el turismo en este fin de semana largo, otros municipios del interior de la Provincia lanzaron medidas m\u00e1s estrictas y directamente optaron por cerrar los ingresos a\u2026","rel":"","context":"En \u00abProvincia\u00bb","block_context":{"text":"Provincia","link":"https:\/\/www.24baires.com\/?cat=40"},"img":{"alt_text":"","src":"https:\/\/i0.wp.com\/www.24baires.com\/wp-content\/uploads\/2020\/03\/cfd2329584f85fd7a90afa51957c793f.jpg?resize=350%2C200","width":350,"height":200,"srcset":"https:\/\/i0.wp.com\/www.24baires.com\/wp-content\/uploads\/2020\/03\/cfd2329584f85fd7a90afa51957c793f.jpg?resize=350%2C200 1x, https:\/\/i0.wp.com\/www.24baires.com\/wp-content\/uploads\/2020\/03\/cfd2329584f85fd7a90afa51957c793f.jpg?resize=525%2C300 1.5x"},"classes":[]},{"id":117440,"url":"https:\/\/www.24baires.com\/?p=117440","url_meta":{"origin":114484,"position":3},"title":"El Gobierno prepara nuevas ayudas econ\u00f3micas","author":"AF","date":"14\/04\/2021","format":false,"excerpt":"Ante el avance de los contagios y la probable imposici\u00f3n de nuevas restricciones, el Gobierno analiza implementar una nueva versi\u00f3n de IFE. Ante la disparada en la cantidad de contagios de coronavirus Covid-19 registrada en las \u00faltimas semanas, el gobierno de Alberto Fern\u00e1ndez analiza diferentes medidas para intentar mitigar la\u2026","rel":"","context":"En \u00abSociedad\u00bb","block_context":{"text":"Sociedad","link":"https:\/\/www.24baires.com\/?cat=1"},"img":{"alt_text":"","src":"https:\/\/i0.wp.com\/www.24baires.com\/wp-content\/uploads\/2014\/05\/banco-naci%C3%B3n2.jpg?resize=350%2C200","width":350,"height":200,"srcset":"https:\/\/i0.wp.com\/www.24baires.com\/wp-content\/uploads\/2014\/05\/banco-naci%C3%B3n2.jpg?resize=350%2C200 1x, https:\/\/i0.wp.com\/www.24baires.com\/wp-content\/uploads\/2014\/05\/banco-naci%C3%B3n2.jpg?resize=525%2C300 1.5x"},"classes":[]},{"id":114561,"url":"https:\/\/www.24baires.com\/?p=114561","url_meta":{"origin":114484,"position":4},"title":"Adelantan la recarga de la tarjeta AlimentAr y extienden la inscripci\u00f3n al ingreso familiar","author":"GB","date":"31\/03\/2020","format":false,"excerpt":"Ante la gran demanda por la crisis sanitaria y econ\u00f3mica que azota al mundo, el ejecutivo nacional busca paliar los bolsillos de los argentinos. Por el decreto de aislamiento social, obligatorio y preventivo, el ministro de Desarrollo Social, Daniel Arroyo, confirm\u00f3 que se adelantar\u00e1 para ma\u00f1ana parte de la carga\u2026","rel":"","context":"En \u00abPol\u00edtica\u00bb","block_context":{"text":"Pol\u00edtica","link":"https:\/\/www.24baires.com\/?cat=51"},"img":{"alt_text":"","src":"https:\/\/i0.wp.com\/www.24baires.com\/wp-content\/uploads\/2020\/03\/vanoli-arroyo.jpg?resize=350%2C200","width":350,"height":200,"srcset":"https:\/\/i0.wp.com\/www.24baires.com\/wp-content\/uploads\/2020\/03\/vanoli-arroyo.jpg?resize=350%2C200 1x, https:\/\/i0.wp.com\/www.24baires.com\/wp-content\/uploads\/2020\/03\/vanoli-arroyo.jpg?resize=525%2C300 1.5x"},"classes":[]},{"id":114622,"url":"https:\/\/www.24baires.com\/?p=114622","url_meta":{"origin":114484,"position":5},"title":"Formalizan el programa de asistencia a las Pymes golpeadas por la cuarentena","author":"GB","date":"06\/04\/2020","format":false,"excerpt":"El Estado nacional formaliz\u00f3 el Comit\u00e9 de Evaluaci\u00f3n y Monitoreo del Programa de Asistencia de Emergencia al Trabajo y la Producci\u00f3n, la herramienta de asistencia que podr\u00e1n contar algunas Pymes y empresas para pagar sueldos a sus trabajadores. Ser\u00e1 exclusivamente para los sectores m\u00e1s golpeados por la cuarentena. El gobierno\u2026","rel":"","context":"En \u00abPol\u00edtica\u00bb","block_context":{"text":"Pol\u00edtica","link":"https:\/\/www.24baires.com\/?cat=51"},"img":{"alt_text":"","src":"https:\/\/i0.wp.com\/www.24baires.com\/wp-content\/uploads\/2020\/04\/albeto.cafiero.jpg?resize=350%2C200","width":350,"height":200,"srcset":"https:\/\/i0.wp.com\/www.24baires.com\/wp-content\/uploads\/2020\/04\/albeto.cafiero.jpg?resize=350%2C200 1x, https:\/\/i0.wp.com\/www.24baires.com\/wp-content\/uploads\/2020\/04\/albeto.cafiero.jpg?resize=525%2C300 1.5x"},"classes":[]}],"jetpack_sharing_enabled":true,"jetpack_likes_enabled":true,"_links":{"self":[{"href":"https:\/\/www.24baires.com\/index.php?rest_route=\/wp\/v2\/posts\/114484","targetHints":{"allow":["GET"]}}],"collection":[{"href":"https:\/\/www.24baires.com\/index.php?rest_route=\/wp\/v2\/posts"}],"about":[{"href":"https:\/\/www.24baires.com\/index.php?rest_route=\/wp\/v2\/types\/post"}],"author":[{"embeddable":true,"href":"https:\/\/www.24baires.com\/index.php?rest_route=\/wp\/v2\/users\/8"}],"replies":[{"embeddable":true,"href":"https:\/\/www.24baires.com\/index.php?rest_route=%2Fwp%2Fv2%2Fcomments&post=114484"}],"version-history":[{"count":1,"href":"https:\/\/www.24baires.com\/index.php?rest_route=\/wp\/v2\/posts\/114484\/revisions"}],"predecessor-version":[{"id":114486,"href":"https:\/\/www.24baires.com\/index.php?rest_route=\/wp\/v2\/posts\/114484\/revisions\/114486"}],"wp:attachment":[{"href":"https:\/\/www.24baires.com\/index.php?rest_route=%2Fwp%2Fv2%2Fmedia&parent=114484"}],"wp:term":[{"taxonomy":"category","embeddable":true,"href":"https:\/\/www.24baires.com\/index.php?rest_route=%2Fwp%2Fv2%2Fcategories&post=114484"},{"taxonomy":"post_tag","embeddable":true,"href":"https:\/\/www.24baires.com\/index.php?rest_route=%2Fwp%2Fv2%2Ftags&post=114484"}],"curies":[{"name":"wp","href":"https:\/\/api.w.org\/{rel}","templated":true}]}}