{"id":114379,"date":"2020-03-12T16:34:48","date_gmt":"2020-03-12T19:34:48","guid":{"rendered":"http:\/\/www.24baires.com\/?p=114379"},"modified":"2020-03-12T20:36:36","modified_gmt":"2020-03-12T23:36:36","slug":"la-inflacion-de-febrero-fue-del-2-la-mas-baja-en-dos-anos","status":"publish","type":"post","link":"https:\/\/www.24baires.com\/?p=114379","title":{"rendered":"La inflaci\u00f3n de febrero fue del 2%, la m\u00e1s baja en dos a\u00f1os"},"content":{"rendered":"<p><img data-recalc-dims=\"1\" loading=\"lazy\" decoding=\"async\" src=\"https:\/\/i0.wp.com\/www.24baires.com\/wp-content\/uploads\/2016\/12\/supermercado.jpg?resize=560%2C311\" alt=\"\" width=\"560\" height=\"311\" class=\"aligncenter size-full wp-image-90967\" srcset=\"https:\/\/i0.wp.com\/www.24baires.com\/wp-content\/uploads\/2016\/12\/supermercado.jpg?w=560&amp;ssl=1 560w, https:\/\/i0.wp.com\/www.24baires.com\/wp-content\/uploads\/2016\/12\/supermercado.jpg?resize=300%2C167&amp;ssl=1 300w\" sizes=\"auto, (max-width: 560px) 100vw, 560px\" \/>El INDEC inform\u00f3 adem\u00e1s que la inflaci\u00f3n en los \u00faltimos 12 meses trep\u00f3 al 50,3% y acumula un avance del 4,3% en lo que va del a\u00f1o.<!--more--><\/p>\n<p>La inflaci\u00f3n en febrero 2%, el menor nivel en los \u00faltimos dos a\u00f1os y acumularon un alza del 50,3% en su medici\u00f3n interanual, inform\u00f3 este jueves el Instituto Nacional de Estad\u00edstica y Censos (Indec) al dar a conocer el \u00cdndice de precios al Consumidor (IPC). El dato de febrero es la variaci\u00f3n m\u00e1s baja desde enero de 2018.<\/p>\n<p>La suba fue impulsada principalmente por los rubros Restaurantes y hoteles, que avanz\u00f3 3,1%; seguido de Alimentos y Bebidas, con un avance de 2,7%.<\/p>\n<p>Si se analizan los resultados regionalmente, puede observarse que la inflaci\u00f3n fue menor al promedio en el Gran Buenos Aires (GBA), en el Noroeste (NOA) y en la Patagonia, ya que percibieron una variaci\u00f3n del 1,8%. Cabe destacar que, en el NOA, los precios del rubro Vivienda, agua, electricidad y combustibles bajaron un 3,7%.<\/p>\n","protected":false},"excerpt":{"rendered":"<p>El INDEC inform\u00f3 adem\u00e1s que la inflaci\u00f3n en los \u00faltimos 12 meses trep\u00f3 al 50,3% y acumula un avance del 4,3% en lo que va del a\u00f1o.<\/p>\n","protected":false},"author":4,"featured_media":0,"comment_status":"open","ping_status":"open","sticky":false,"template":"","format":"standard","meta":{"_jetpack_newsletter_access":"","_jetpack_dont_email_post_to_subs":false,"_jetpack_newsletter_tier_id":0,"_jetpack_memberships_contains_paywalled_content":false,"_jetpack_memberships_contains_paid_content":false,"footnotes":""},"categories":[45],"tags":[],"class_list":["post-114379","post","type-post","status-publish","format-standard","hentry","category-economia"],"jetpack_featured_media_url":"","jetpack_shortlink":"https:\/\/wp.me\/p2JWE0-tKP","jetpack-related-posts":[{"id":107229,"url":"https:\/\/www.24baires.com\/?p=107229","url_meta":{"origin":114379,"position":0},"title":"La inflaci\u00f3n acumulada de los primeros dos meses de 2019 fue mayor a la del 2018","author":"GB","date":"15\/03\/2019","format":false,"excerpt":"El equipo econ\u00f3mico del Frente Renovador analiz\u00f3 los datos difundidos por el Indec done se conoci\u00f3 que en febrero la suba de precios fue de 3,8% y sumada a la de enero alcanz\u00f3 un 6,8%. Encabezado por el diputado Marco Lavagna, el equipo econ\u00f3mico del Frente Renovador, realiz\u00f3 un informe\u2026","rel":"","context":"En \u00abEconom\u00eda\u00bb","block_context":{"text":"Econom\u00eda","link":"https:\/\/www.24baires.com\/?cat=45"},"img":{"alt_text":"","src":"https:\/\/i0.wp.com\/www.24baires.com\/wp-content\/uploads\/2018\/08\/supermercado.jpg?resize=350%2C200","width":350,"height":200,"srcset":"https:\/\/i0.wp.com\/www.24baires.com\/wp-content\/uploads\/2018\/08\/supermercado.jpg?resize=350%2C200 1x, https:\/\/i0.wp.com\/www.24baires.com\/wp-content\/uploads\/2018\/08\/supermercado.jpg?resize=525%2C300 1.5x"},"classes":[]},{"id":86192,"url":"https:\/\/www.24baires.com\/?p=86192","url_meta":{"origin":114379,"position":1},"title":"El Gobierno de CABA midi\u00f3 un 2,2% de inflaci\u00f3n en julio y el IPC Congreso 2,4%","author":"Grupo Sierra","date":"11\/08\/2016","format":false,"excerpt":"El Gobierno de la Ciudad de Buenos Aires inform\u00f3 que la inflaci\u00f3n de julio fue de 2,2%, mientras que el IPC-Congreso reflej\u00f3 un avance de 2,4% respecto de junio, niveles que se encuentran por debajo de la inflaci\u00f3n registrada en los meses previos. En tanto, para viernes est\u00e1 previsto que\u2026","rel":"","context":"En \u00abEconom\u00eda\u00bb","block_context":{"text":"Econom\u00eda","link":"https:\/\/www.24baires.com\/?cat=45"},"img":{"alt_text":"supermercado vac\u00edo","src":"https:\/\/i0.wp.com\/www.24baires.com\/wp-content\/uploads\/2016\/05\/supermercado-vac%C3%ADo.jpg?resize=350%2C200","width":350,"height":200,"srcset":"https:\/\/i0.wp.com\/www.24baires.com\/wp-content\/uploads\/2016\/05\/supermercado-vac%C3%ADo.jpg?resize=350%2C200 1x, https:\/\/i0.wp.com\/www.24baires.com\/wp-content\/uploads\/2016\/05\/supermercado-vac%C3%ADo.jpg?resize=525%2C300 1.5x"},"classes":[]},{"id":38565,"url":"https:\/\/www.24baires.com\/?p=38565","url_meta":{"origin":114379,"position":2},"title":"Seg\u00fan el Indec, la inflaci\u00f3n del 2013 fue del 10,9%","author":"GB","date":"15\/01\/2014","format":false,"excerpt":"En diciembre, la suba de precios lleg\u00f3 a 1,4 por ciento, indic\u00f3 el organismo estad\u00edstico en su \u00faltimo informe ante del lanzamiento del nuevo IPC nacional. La inflaci\u00f3n de 2013 calculada por el Instituto Nacional de Estad\u00edstica y Censos (INDEC) fue de 10,9 por ciento, mientras que en diciembre la\u2026","rel":"","context":"En \u00abEconom\u00eda\u00bb","block_context":{"text":"Econom\u00eda","link":"https:\/\/www.24baires.com\/?cat=45"},"img":{"alt_text":"indec","src":"https:\/\/i0.wp.com\/www.24baires.com\/wp-content\/uploads\/2013\/02\/indec.jpg?resize=350%2C200","width":350,"height":200,"srcset":"https:\/\/i0.wp.com\/www.24baires.com\/wp-content\/uploads\/2013\/02\/indec.jpg?resize=350%2C200 1x, https:\/\/i0.wp.com\/www.24baires.com\/wp-content\/uploads\/2013\/02\/indec.jpg?resize=525%2C300 1.5x"},"classes":[]},{"id":79976,"url":"https:\/\/www.24baires.com\/?p=79976","url_meta":{"origin":114379,"position":3},"title":"La inflaci\u00f3n de febrero lleg\u00f3 al 4%","author":"GB","date":"10\/03\/2016","format":false,"excerpt":"La suba de precios se profundiz\u00f3 por el aumento de la luz y el gas. La inflaci\u00f3n interanual es del 32,9% La inflaci\u00f3n en la Capital Federal fue de 4% en febrero, impulsada por subas en las tarifas de la electricidad y otros gastos de la vivienda, inform\u00f3 hoy la\u2026","rel":"","context":"En \u00abEconom\u00eda\u00bb","block_context":{"text":"Econom\u00eda","link":"https:\/\/www.24baires.com\/?cat=45"},"img":{"alt_text":"","src":"","width":0,"height":0},"classes":[]},{"id":122942,"url":"https:\/\/www.24baires.com\/?p=122942","url_meta":{"origin":114379,"position":4},"title":"No cede: la inflaci\u00f3n de febrero roz\u00f3 el 3%","author":"GB","date":"13\/03\/2026","format":false,"excerpt":"Al igual que en enero, el IPC se ubic\u00f3 en el 2,9% y acumula 33,1% en el \u00faltimo a\u00f1o. La inflaci\u00f3n de febrero fue de 2,9 por ciento, seg\u00fan inform\u00f3 este jueves el Instituto Nacional de Estad\u00edstica y Censos (Indec) y acumula un 5,9% en lo que va del 2026.\u2026","rel":"","context":"En \u00abConsumidores\u00bb","block_context":{"text":"Consumidores","link":"https:\/\/www.24baires.com\/?cat=78"},"img":{"alt_text":"","src":"https:\/\/i0.wp.com\/www.24baires.com\/wp-content\/uploads\/2018\/08\/supermercado.jpg?resize=350%2C200","width":350,"height":200,"srcset":"https:\/\/i0.wp.com\/www.24baires.com\/wp-content\/uploads\/2018\/08\/supermercado.jpg?resize=350%2C200 1x, https:\/\/i0.wp.com\/www.24baires.com\/wp-content\/uploads\/2018\/08\/supermercado.jpg?resize=525%2C300 1.5x, https:\/\/i0.wp.com\/www.24baires.com\/wp-content\/uploads\/2018\/08\/supermercado.jpg?resize=700%2C400 2x"},"classes":[]},{"id":119899,"url":"https:\/\/www.24baires.com\/?p=119899","url_meta":{"origin":114379,"position":5},"title":"La inflaci\u00f3n de febrero fue del 6,6% y la interanual alcanz\u00f3 el 102,5%","author":"AF","date":"14\/03\/2023","format":false,"excerpt":"El \u00cdndice de precios al consumidor se aceler\u00f3 al 6,6% en febrero, y acumul\u00f3 en el primer bimestre del a\u00f1o una variaci\u00f3n de 13,1%. En la medici\u00f3n interanual se ubic\u00f3 en el 102,5%. La inflaci\u00f3n se aceler\u00f3 con fuerza por tercer mes consecutivo. En febrero se ubic\u00f3 en el 6,6%,\u2026","rel":"","context":"En \u00abEconom\u00eda\u00bb","block_context":{"text":"Econom\u00eda","link":"https:\/\/www.24baires.com\/?cat=45"},"img":{"alt_text":"","src":"https:\/\/i0.wp.com\/www.24baires.com\/wp-content\/uploads\/2023\/03\/inflacion-aceite-precios-super-gondolas-consumo.jpg?resize=350%2C200","width":350,"height":200,"srcset":"https:\/\/i0.wp.com\/www.24baires.com\/wp-content\/uploads\/2023\/03\/inflacion-aceite-precios-super-gondolas-consumo.jpg?resize=350%2C200 1x, https:\/\/i0.wp.com\/www.24baires.com\/wp-content\/uploads\/2023\/03\/inflacion-aceite-precios-super-gondolas-consumo.jpg?resize=525%2C300 1.5x, https:\/\/i0.wp.com\/www.24baires.com\/wp-content\/uploads\/2023\/03\/inflacion-aceite-precios-super-gondolas-consumo.jpg?resize=700%2C400 2x"},"classes":[]}],"jetpack_sharing_enabled":true,"jetpack_likes_enabled":true,"_links":{"self":[{"href":"https:\/\/www.24baires.com\/index.php?rest_route=\/wp\/v2\/posts\/114379","targetHints":{"allow":["GET"]}}],"collection":[{"href":"https:\/\/www.24baires.com\/index.php?rest_route=\/wp\/v2\/posts"}],"about":[{"href":"https:\/\/www.24baires.com\/index.php?rest_route=\/wp\/v2\/types\/post"}],"author":[{"embeddable":true,"href":"https:\/\/www.24baires.com\/index.php?rest_route=\/wp\/v2\/users\/4"}],"replies":[{"embeddable":true,"href":"https:\/\/www.24baires.com\/index.php?rest_route=%2Fwp%2Fv2%2Fcomments&post=114379"}],"version-history":[{"count":1,"href":"https:\/\/www.24baires.com\/index.php?rest_route=\/wp\/v2\/posts\/114379\/revisions"}],"predecessor-version":[{"id":114380,"href":"https:\/\/www.24baires.com\/index.php?rest_route=\/wp\/v2\/posts\/114379\/revisions\/114380"}],"wp:attachment":[{"href":"https:\/\/www.24baires.com\/index.php?rest_route=%2Fwp%2Fv2%2Fmedia&parent=114379"}],"wp:term":[{"taxonomy":"category","embeddable":true,"href":"https:\/\/www.24baires.com\/index.php?rest_route=%2Fwp%2Fv2%2Fcategories&post=114379"},{"taxonomy":"post_tag","embeddable":true,"href":"https:\/\/www.24baires.com\/index.php?rest_route=%2Fwp%2Fv2%2Ftags&post=114379"}],"curies":[{"name":"wp","href":"https:\/\/api.w.org\/{rel}","templated":true}]}}