{"id":11433,"date":"2013-01-07T14:39:24","date_gmt":"2013-01-07T17:39:24","guid":{"rendered":"http:\/\/www.24baires.com\/?p=11433"},"modified":"2013-01-08T12:50:16","modified_gmt":"2013-01-08T15:50:16","slug":"la-camara-aclaro-que-habilito-la-feria-para-tratar-la-ley-de-medios-por-pedido-de-la-corte","status":"publish","type":"post","link":"https:\/\/www.24baires.com\/?p=11433","title":{"rendered":"La C\u00e1mara aclar\u00f3 que habilit\u00f3 la Feria para tratar la Ley de Medios por pedido de la Corte"},"content":{"rendered":"<p><a href=\"http:\/\/www.24baires.com\/medios\/11433-la-camara-aclaro-que-habilito-la-feria-para-tratar-la-ley-de-medios-por-pedido-de-la-corte\/attachment\/camara-civil-y-comercial\/\" rel=\"attachment wp-att-11434\"><img data-recalc-dims=\"1\" loading=\"lazy\" decoding=\"async\" class=\"aligncenter size-full wp-image-11434\" alt=\"c\u00e1mara civil y comercial\" src=\"https:\/\/i0.wp.com\/www.24baires.com\/wp-content\/uploads\/2013\/01\/c%C3%A1mara-civil-y-comercial.jpg?resize=560%2C420\" width=\"560\" height=\"420\" srcset=\"https:\/\/i0.wp.com\/www.24baires.com\/wp-content\/uploads\/2013\/01\/c%C3%A1mara-civil-y-comercial.jpg?w=560&amp;ssl=1 560w, https:\/\/i0.wp.com\/www.24baires.com\/wp-content\/uploads\/2013\/01\/c%C3%A1mara-civil-y-comercial.jpg?resize=300%2C225&amp;ssl=1 300w\" sizes=\"auto, (max-width: 560px) 100vw, 560px\" \/><\/a>La C\u00e1mara en lo Civil y Comercial Federal que la decisi\u00f3n se bas\u00f3 en la \u201cexpresa recomendaci\u00f3n de la Corte Suprema\u201d para que \u201clas cuestiones debatidas en autos\u201d sean resueltas \u201ca la mayor brevedad posible\u201d.<!--more--><br \/>\nEn solo dos carillas, los camaristas Ricardo Guarinoni, Graciela Medina y Francisco de las Carerras explicaron que el tribunal habilit\u00f3 la feria \u201cal s\u00f3lo efecto de la sustanciaci\u00f3n de los recursos de apelaci\u00f3n interpuestos por las partes contra la sentencia de primera instancia\u201d.<\/p>\n<p>La habilitaci\u00f3n de la feria para tratar la ley de Medios fue resuelta por la C\u00e1mara el viernes, y se notific\u00f3 este lunes a las partes.<\/p>\n<p>En la resoluci\u00f3n tambi\u00e9n aclararon que \u201cse desestima el pedido de habilitaci\u00f3n de d\u00edas y horas inh\u00e1biles durante el mismo lapso\u201d, tal como lo hab\u00eda solicitado la Autoridad Federal de Servicios de Comunicaci\u00f3n Audiovisual (AFSCA) cuando pidi\u00f3 la \u201chabilitaci\u00f3n de d\u00edas y horas inh\u00e1biles dentro de la feria\u201d.<\/p>\n<p>Los jueces recordaron que \u201cla situaci\u00f3n del Tribunal de Feria es excepcional, pues est\u00e1 reservada para asuntos que no admitan demora, es decir cuando la falta de un resguardo o de una medida especial, en un momento determinado, puede causar un perjuicio irreparable o frustrar un derecho\u201d.<\/p>\n<p>\u201cDesde esa perspectiva corresponde se\u00f1alar que no se advierten verificados ninguno de los presupuestos mencionados en el considerando anterior respecto de la situaci\u00f3n jur\u00eddica y f\u00e1ctica de ambos peticionantes\u201d, sostuvieron los jueces en referencia a la Jefatura de Gabinete y la AFSCA.<\/p>\n<p>En ese sentido, a\u00f1adieron que \u201ctampoco se observa que concurra un gravamen institucional para los solicitantes tal como tiene dicho para esta causa la Corte Suprema\u201d y explicaron que el m\u00e1ximo tribunal \u201chabilit\u00f3 d\u00edas y horas para que se dictase la sentencia definitiva\u201d y \u201cdicho temperamento fue dejado sin efecto por el juez \u2018a quo\u2019 (Horacio Alfonso) una vez dictado ese pronunciamiento\u201d.<\/p>\n<p>\u201cNo obstante la conclusi\u00f3n alcanzada, esta C\u00e1mara no puede soslayar la expresa recomendaci\u00f3n de la Corte Suprema en la \u00faltima resoluci\u00f3n\u201d para que la Sala \u201cse expida dentro de la mayor brevedad posible respecto de las cuestiones debatidas en autos y que se encuentran sometidas a su conocimiento\u201d.<\/p>\n<p>Para la Sala de feria esa recomendaci\u00f3n \u201cimporta considerar, tambi\u00e9n, las diligencias necesarias para que el proceso se encuentre en estado de dictar sentencia definitiva sobre el fondo de la cuesti\u00f3n\u201d.<\/p>\n<p>\u201cEn tal inteligencia y conforme a una interpretaci\u00f3n amplia que atempere el rigor formal de lo previsto por la ley para la materia, corresponde proveer de conformidad al pedido de habilitaci\u00f3n de la feria judicial al solo efecto de la sustanciaci\u00f3n de los recursos de apelaci\u00f3n interpuestos contra la sentencia de primera instancia\u201d que declar\u00f3 la constitucionalidad de los 45 y 161 de la ley de medios.<\/p>\n<p>&nbsp;<\/p>\n<p>&nbsp;<\/p>\n<p>&nbsp;<\/p>\n<p>&nbsp;<\/p>\n<p>&nbsp;<\/p>\n<p>&nbsp;<\/p>\n<p>&nbsp;<\/p>\n<p>&nbsp;<\/p>\n<p>&nbsp;<\/p>\n<p>&nbsp;<\/p>\n<p>&nbsp;<\/p>\n<p>&nbsp;<\/p>\n<p>&nbsp;<\/p>\n<p>&nbsp;<\/p>\n<p>&nbsp;<\/p>\n<p>&nbsp;<\/p>\n<p>&nbsp;<\/p>\n<p>&nbsp;<\/p>\n<p>&nbsp;<\/p>\n<p>&nbsp;<\/p>\n<p>&nbsp;<\/p>\n","protected":false},"excerpt":{"rendered":"<p>La C\u00e1mara en lo Civil y Comercial Federal que la decisi\u00f3n se bas\u00f3 en la \u201cexpresa recomendaci\u00f3n de la Corte Suprema\u201d para que \u201clas cuestiones debatidas en autos\u201d sean resueltas \u201ca la mayor brevedad posible\u201d.<\/p>\n","protected":false},"author":4,"featured_media":0,"comment_status":"open","ping_status":"open","sticky":false,"template":"","format":"standard","meta":{"_jetpack_newsletter_access":"","_jetpack_dont_email_post_to_subs":false,"_jetpack_newsletter_tier_id":0,"_jetpack_memberships_contains_paywalled_content":false,"_jetpack_memberships_contains_paid_content":false,"footnotes":""},"categories":[54],"tags":[],"class_list":["post-11433","post","type-post","status-publish","format-standard","hentry","category-medios"],"jetpack_featured_media_url":"","jetpack_shortlink":"https:\/\/wp.me\/p2JWE0-2Yp","jetpack-related-posts":[{"id":10656,"url":"https:\/\/www.24baires.com\/?p=10656","url_meta":{"origin":11433,"position":0},"title":"Pedir\u00e1n a la Corte y a la C\u00e1mara que se habilite la feria judicial por la Ley de Medios","author":"Grupo Sierra","date":"28\/12\/2012","format":false,"excerpt":"La AFSCA solicitar\u00e1 hoy formalmente a la Corte Suprema y a la C\u00e1mara Federal Civil y Comercial que se habilite la feria judicial durante el mes de enero para resolver con \"celeridad\" la causa sobre la ley de medios. As\u00ed lo confirm\u00f3 el titular del AFSCA, Mart\u00edn Sabbatella, quien inform\u00f3\u2026","rel":"","context":"En \u00abMedios\u00bb","block_context":{"text":"Medios","link":"https:\/\/www.24baires.com\/?cat=54"},"img":{"alt_text":"","src":"","width":0,"height":0},"classes":[]},{"id":10728,"url":"https:\/\/www.24baires.com\/?p=10728","url_meta":{"origin":11433,"position":1},"title":"\u00abClar\u00edn tiene la esperanza de que se modifique el Congreso por eso extiende la cautelar\u00bb","author":"Grupo Sierra","date":"28\/12\/2012","format":false,"excerpt":"El ministro de Justicia, julio Alak se sum\u00f3 a los pedidos para que la C\u00e1mara Federal Civil y Comercial resuelva cuanto antes la cuesti\u00f3n de fondo sobre los art\u00edculos cuestionados de la Ley de Medios. Adem\u00e1s advirti\u00f3 que \"la estrategia final de Clar\u00edn es extender la cautelar hasta las pr\u00f3ximas\u2026","rel":"","context":"En \u00abPol\u00edtica\u00bb","block_context":{"text":"Pol\u00edtica","link":"https:\/\/www.24baires.com\/?cat=51"},"img":{"alt_text":"","src":"","width":0,"height":0},"classes":[]},{"id":10904,"url":"https:\/\/www.24baires.com\/?p=10904","url_meta":{"origin":11433,"position":2},"title":"El Gobierno solicitar\u00e1 la habilitaci\u00f3n de la feria judicial para tratar la Ley de Medios","author":"AF","date":"01\/01\/2013","format":false,"excerpt":"El gobierno pedir\u00e1 este mi\u00e9rcoles, en el primer d\u00eda h\u00e1bil del a\u00f1o, que la C\u00e1mara Federal Civil y Comercial Federal habilite la feria judicial de enero para resolver con \u201cceleridad\u201d la causa planteada por el grupo Clar\u00edn contra la Ley de Medios. La presentaci\u00f3n la har\u00e1 a primera hora la\u2026","rel":"","context":"En \u00abMedios\u00bb","block_context":{"text":"Medios","link":"https:\/\/www.24baires.com\/?cat=54"},"img":{"alt_text":"","src":"","width":0,"height":0},"classes":[]},{"id":59781,"url":"https:\/\/www.24baires.com\/?p=59781","url_meta":{"origin":11433,"position":3},"title":"Por la adecuaci\u00f3n de Clar\u00edn habilitan la feria judicial","author":"Grupo Sierra","date":"08\/01\/2015","format":false,"excerpt":"La Justicia hizo lugar a un planteo del AFSCA para que la justicia contin\u00fae adelante con el expediente durante el receso de verano. La medida la adopt\u00f3 el conjuez de primera instancia en lo Civil y Comercial Federal, Antonio Rojas Salinas, al hacer lugar a un reclamo de la Autoridad\u2026","rel":"","context":"En \u00abMedios\u00bb","block_context":{"text":"Medios","link":"https:\/\/www.24baires.com\/?cat=54"},"img":{"alt_text":"clar\u00edn mitre","src":"https:\/\/i0.wp.com\/www.24baires.com\/wp-content\/uploads\/2014\/11\/clar%C3%ADn-mitre.jpg?resize=350%2C200","width":350,"height":200,"srcset":"https:\/\/i0.wp.com\/www.24baires.com\/wp-content\/uploads\/2014\/11\/clar%C3%ADn-mitre.jpg?resize=350%2C200 1x, https:\/\/i0.wp.com\/www.24baires.com\/wp-content\/uploads\/2014\/11\/clar%C3%ADn-mitre.jpg?resize=525%2C300 1.5x"},"classes":[]},{"id":10973,"url":"https:\/\/www.24baires.com\/?p=10973","url_meta":{"origin":11433,"position":4},"title":"Madres marchan a Tribunales para que se trate la Ley de Medios a pesar de la feria","author":"AF","date":"02\/01\/2013","format":false,"excerpt":"En el marco de la presentaci\u00f3n de la jefatura de Gabinete y el Afsca para que se habilite la feria judicial para tratar la Ley de Medios, luego de que la Corte Suprema de Justicia de la Naci\u00f3n rechazara el per saltum y confirmara la extensi\u00f3n de la medida cautelar\u2026","rel":"","context":"En \u00abMedios\u00bb","block_context":{"text":"Medios","link":"https:\/\/www.24baires.com\/?cat=54"},"img":{"alt_text":"MADRES PLAZA DE MAYO","src":"https:\/\/i0.wp.com\/www.24baires.com\/wp-content\/uploads\/2013\/01\/MADRES-PLAZA-DE-MAYO.jpg?resize=350%2C200","width":350,"height":200,"srcset":"https:\/\/i0.wp.com\/www.24baires.com\/wp-content\/uploads\/2013\/01\/MADRES-PLAZA-DE-MAYO.jpg?resize=350%2C200 1x, https:\/\/i0.wp.com\/www.24baires.com\/wp-content\/uploads\/2013\/01\/MADRES-PLAZA-DE-MAYO.jpg?resize=525%2C300 1.5x"},"classes":[]},{"id":114750,"url":"https:\/\/www.24baires.com\/?p=114750","url_meta":{"origin":11433,"position":5},"title":"La Corte habilit\u00f3 la feria para tratar el pedido de CFK","author":"AF","date":"17\/04\/2020","format":false,"excerpt":"El m\u00e1ximo tribunal analizar\u00e1 la posibilidad de que el Senado sesione a distancia, un pedido de la vicepresidenta. La Corte Suprema de la Naci\u00f3n habilit\u00f3 la feria judicial para consultarle a la Procuraci\u00f3n General de la Naci\u00f3n, sobre la constitucionalidad del pedido de sesi\u00f3n a distancia que realiz\u00f3 la vicepresidenta\u2026","rel":"","context":"En \u00abJUDICIALES\u00bb","block_context":{"text":"JUDICIALES","link":"https:\/\/www.24baires.com\/?cat=68"},"img":{"alt_text":"","src":"https:\/\/i0.wp.com\/www.24baires.com\/wp-content\/uploads\/2019\/12\/cristina-plaza.jpg?resize=350%2C200","width":350,"height":200,"srcset":"https:\/\/i0.wp.com\/www.24baires.com\/wp-content\/uploads\/2019\/12\/cristina-plaza.jpg?resize=350%2C200 1x, https:\/\/i0.wp.com\/www.24baires.com\/wp-content\/uploads\/2019\/12\/cristina-plaza.jpg?resize=525%2C300 1.5x"},"classes":[]}],"jetpack_sharing_enabled":true,"jetpack_likes_enabled":true,"_links":{"self":[{"href":"https:\/\/www.24baires.com\/index.php?rest_route=\/wp\/v2\/posts\/11433","targetHints":{"allow":["GET"]}}],"collection":[{"href":"https:\/\/www.24baires.com\/index.php?rest_route=\/wp\/v2\/posts"}],"about":[{"href":"https:\/\/www.24baires.com\/index.php?rest_route=\/wp\/v2\/types\/post"}],"author":[{"embeddable":true,"href":"https:\/\/www.24baires.com\/index.php?rest_route=\/wp\/v2\/users\/4"}],"replies":[{"embeddable":true,"href":"https:\/\/www.24baires.com\/index.php?rest_route=%2Fwp%2Fv2%2Fcomments&post=11433"}],"version-history":[{"count":3,"href":"https:\/\/www.24baires.com\/index.php?rest_route=\/wp\/v2\/posts\/11433\/revisions"}],"predecessor-version":[{"id":11518,"href":"https:\/\/www.24baires.com\/index.php?rest_route=\/wp\/v2\/posts\/11433\/revisions\/11518"}],"wp:attachment":[{"href":"https:\/\/www.24baires.com\/index.php?rest_route=%2Fwp%2Fv2%2Fmedia&parent=11433"}],"wp:term":[{"taxonomy":"category","embeddable":true,"href":"https:\/\/www.24baires.com\/index.php?rest_route=%2Fwp%2Fv2%2Fcategories&post=11433"},{"taxonomy":"post_tag","embeddable":true,"href":"https:\/\/www.24baires.com\/index.php?rest_route=%2Fwp%2Fv2%2Ftags&post=11433"}],"curies":[{"name":"wp","href":"https:\/\/api.w.org\/{rel}","templated":true}]}}