{"id":114279,"date":"2020-03-03T10:29:21","date_gmt":"2020-03-03T13:29:21","guid":{"rendered":"http:\/\/www.24baires.com\/?p=114279"},"modified":"2020-03-03T10:29:21","modified_gmt":"2020-03-03T13:29:21","slug":"privados-estiman-que-la-inflacion-de-febrero-seguira-siendo-alta","status":"publish","type":"post","link":"https:\/\/www.24baires.com\/?p=114279","title":{"rendered":"Privados estiman que la inflaci\u00f3n de febrero seguir\u00e1 siendo alta"},"content":{"rendered":"<p><img data-recalc-dims=\"1\" loading=\"lazy\" decoding=\"async\" src=\"https:\/\/i0.wp.com\/www.24baires.com\/wp-content\/uploads\/2018\/08\/supermercado.jpg?resize=560%2C313\" alt=\"\" width=\"560\" height=\"313\" class=\"aligncenter size-full wp-image-103910\" srcset=\"https:\/\/i0.wp.com\/www.24baires.com\/wp-content\/uploads\/2018\/08\/supermercado.jpg?w=560&amp;ssl=1 560w, https:\/\/i0.wp.com\/www.24baires.com\/wp-content\/uploads\/2018\/08\/supermercado.jpg?resize=300%2C168&amp;ssl=1 300w\" sizes=\"auto, (max-width: 560px) 100vw, 560px\" \/>La consultora Orlando Ferreres &#038; Asociadosdel estima que la inflaci\u00f3n en los productos de la Canasta B\u00e1sica subieron a mayor ritmo.<br \/>\n<!--more--><\/p>\n<p>De cara a la presentaci\u00f3n del nuevo informe del Instituto Nacional de Estad\u00edsticas y Censos (INDEC) donde se conocer\u00e1 la inflaci\u00f3n de febrero, la consultora Orlando Ferreres &#038; Asociados, adelant\u00f3 que la evoluci\u00f3n de los precios al consumidor durante el mes en cuesti\u00f3n registr\u00f3 una suba de 1,9%, con particular incidencia del rubro educaci\u00f3n.<\/p>\n<p>El estudio que hizo la consultora, en el \u00c1rea Metropolitana de Buenos Aires, expone que la inflaci\u00f3n acumul\u00f3 un alza interanual de 52,7%, mientras que el componente n\u00facleo (que excluye los precios estacionales y los regulados) avanz\u00f3 2,5% mensual y 53,2% interanual.<\/p>\n<p>Recordemos que la inflaci\u00f3n oficial de enero fue 2,3%, tras ubicarse en 3,7% en diciembre; datos que se ataron al congelamiento de las tarifas, la relativa estabilidad del d\u00f3lar y el acuerdo para bajar el precio de los medicamentos.<\/p>\n<p>Habiendo hecho un an\u00e1lisis pormenorizado de los n\u00fameros de febrero, el Centro de Estudios Econ\u00f3micos y Sociales Scalabrini Ortiz (CESO) advierte en su documento sobre los precios de supermercados. Marco donde vislumbra que en la \u00faltima semana de febrero se registr\u00f3 un aumento del 0,4% con respecto a la semana anterior y un 3,1% en el acumulado de febrero.<\/p>\n<p>De acuerdo con la consultora, este indicador muestra una desaceleraci\u00f3n de m\u00e1s de un punto porcentual en la inflaci\u00f3n mensual con respecto al \u00edndice de enero, \u00abuna tendencia que se mantiene desde la segunda semana de diciembre\u00bb.<\/p>\n<p>Lo cierto es que habr\u00e1 que esperar el informe del INDEC para ver si la advertencia que evidenci\u00f3 el CESO era correcta o no.<\/p>\n","protected":false},"excerpt":{"rendered":"<p>La consultora Orlando Ferreres &#038; Asociadosdel estima que la inflaci\u00f3n en los productos de la Canasta B\u00e1sica subieron a mayor ritmo.<\/p>\n","protected":false},"author":8,"featured_media":0,"comment_status":"open","ping_status":"open","sticky":false,"template":"","format":"standard","meta":{"_jetpack_newsletter_access":"","_jetpack_dont_email_post_to_subs":false,"_jetpack_newsletter_tier_id":0,"_jetpack_memberships_contains_paywalled_content":false,"_jetpack_memberships_contains_paid_content":false,"footnotes":""},"categories":[45],"tags":[],"class_list":["post-114279","post","type-post","status-publish","format-standard","hentry","category-economia"],"jetpack_featured_media_url":"","jetpack_shortlink":"https:\/\/wp.me\/p2JWE0-tJd","jetpack-related-posts":[{"id":101565,"url":"https:\/\/www.24baires.com\/?p=101565","url_meta":{"origin":114279,"position":0},"title":"El Indec dar\u00e1 a conocer el \u00edndice de inflaci\u00f3n de marzo","author":"GB","date":"12\/04\/2018","format":false,"excerpt":"El Instituto Nacional de Estad\u00edstica y Censos difundir\u00e1 este jueves la variaci\u00f3n del \u00edndice de costo de vida del tercer mes del a\u00f1o. El Indec dar\u00e1 a conocer hoy el \u00edndice de costo de vida correspondiente a marzo y el mismo rondar\u00eda en un 3 por ciento debido a la\u2026","rel":"","context":"En \u00abEconom\u00eda\u00bb","block_context":{"text":"Econom\u00eda","link":"https:\/\/www.24baires.com\/?cat=45"},"img":{"alt_text":"","src":"https:\/\/i0.wp.com\/www.24baires.com\/wp-content\/uploads\/2013\/02\/indec-300x225.jpg?resize=350%2C200","width":350,"height":200},"classes":[]},{"id":104933,"url":"https:\/\/www.24baires.com\/?p=104933","url_meta":{"origin":114279,"position":1},"title":"Seg\u00fan proyecciones privadas, la inflaci\u00f3n de septiembre oscilar\u00e1 entre 5,5% y 7,7%","author":"GB","date":"15\/10\/2018","format":false,"excerpt":"El pr\u00f3ximo mi\u00e9rcoles se difundir\u00e1 el \u00edndice elaborado por el Instituto Nacional de Estad\u00edsticas y Censos, pero como es habitual la consultoras privadas anticiparon el incremento para el mes de septiembre. La inflaci\u00f3n m\u00e1s alta de los \u00faltimos 2 a\u00f1os fue la registrada en el mes de agosto pasado cuando\u2026","rel":"","context":"En \u00abEconom\u00eda\u00bb","block_context":{"text":"Econom\u00eda","link":"https:\/\/www.24baires.com\/?cat=45"},"img":{"alt_text":"","src":"https:\/\/i0.wp.com\/www.24baires.com\/wp-content\/uploads\/2018\/08\/supermercado.jpg?resize=350%2C200","width":350,"height":200,"srcset":"https:\/\/i0.wp.com\/www.24baires.com\/wp-content\/uploads\/2018\/08\/supermercado.jpg?resize=350%2C200 1x, https:\/\/i0.wp.com\/www.24baires.com\/wp-content\/uploads\/2018\/08\/supermercado.jpg?resize=525%2C300 1.5x"},"classes":[]},{"id":104854,"url":"https:\/\/www.24baires.com\/?p=104854","url_meta":{"origin":114279,"position":2},"title":"Consultoras privadas proyectan una inflaci\u00f3n del 48% para 2018","author":"AF","date":"09\/10\/2018","format":false,"excerpt":"La suba de las naftas y la desbandada del d\u00f3lar impulsaron los aumentos de precios en todos los rubros, seg\u00fan coincidieron los analistas. Pulverizada la meta de 15,7% que proyectaba el Presupuesto 2018, hoy la suba de precios acumula un 24,7% en los primeros ocho meses del a\u00f1o, y lo\u2026","rel":"","context":"En \u00abSociedad\u00bb","block_context":{"text":"Sociedad","link":"https:\/\/www.24baires.com\/?cat=1"},"img":{"alt_text":"","src":"https:\/\/i0.wp.com\/www.24baires.com\/wp-content\/uploads\/2016\/05\/supermercado-vac%C3%ADo.jpg?resize=350%2C200","width":350,"height":200,"srcset":"https:\/\/i0.wp.com\/www.24baires.com\/wp-content\/uploads\/2016\/05\/supermercado-vac%C3%ADo.jpg?resize=350%2C200 1x, https:\/\/i0.wp.com\/www.24baires.com\/wp-content\/uploads\/2016\/05\/supermercado-vac%C3%ADo.jpg?resize=525%2C300 1.5x"},"classes":[]},{"id":101925,"url":"https:\/\/www.24baires.com\/?p=101925","url_meta":{"origin":114279,"position":3},"title":"Privados proyectan una inflaci\u00f3n de 22% y un d\u00f3lar a 23,50 pesos para fin de a\u00f1o","author":"GB","date":"03\/05\/2018","format":false,"excerpt":"Las consultoras realizaron proyecciones en cuanto al alza de precios y crecimiento econ\u00f3micos para este 2018. Los n\u00fameros no son para nada alentadores para el bolsillo de los trabajadores. A ra\u00edz de la situaci\u00f3n econ\u00f3mica reinante en el pa\u00eds, las consultoras privadas realizaron estimaciones sobre la inflaci\u00f3n y el crecimiento\u2026","rel":"","context":"En \u00abEconom\u00eda\u00bb","block_context":{"text":"Econom\u00eda","link":"https:\/\/www.24baires.com\/?cat=45"},"img":{"alt_text":"","src":"https:\/\/i0.wp.com\/www.24baires.com\/wp-content\/uploads\/2012\/12\/shopping-interior.jpg?resize=350%2C200","width":350,"height":200,"srcset":"https:\/\/i0.wp.com\/www.24baires.com\/wp-content\/uploads\/2012\/12\/shopping-interior.jpg?resize=350%2C200 1x, https:\/\/i0.wp.com\/www.24baires.com\/wp-content\/uploads\/2012\/12\/shopping-interior.jpg?resize=525%2C300 1.5x"},"classes":[]},{"id":82188,"url":"https:\/\/www.24baires.com\/?p=82188","url_meta":{"origin":114279,"position":4},"title":"La inflaci\u00f3n de abril fue la m\u00e1s alta desde 2002","author":"GB","date":"02\/05\/2016","format":false,"excerpt":"El alza se compara con la de hace 13 a\u00f1os, cuando el aumento fue del 8,2% en plena crisis econ\u00f3mica y pol\u00edtica. El promedio calculado de las consultoras privadas. La inflaci\u00f3n de abril fue la m\u00e1s alta en 13 a\u00f1os de acuerdo a la mayor\u00eda de las consultoras, que la\u2026","rel":"","context":"En \u00abEconom\u00eda\u00bb","block_context":{"text":"Econom\u00eda","link":"https:\/\/www.24baires.com\/?cat=45"},"img":{"alt_text":"supermercado","src":"https:\/\/i0.wp.com\/www.24baires.com\/wp-content\/uploads\/2014\/08\/supermercado.jpg?resize=350%2C200","width":350,"height":200,"srcset":"https:\/\/i0.wp.com\/www.24baires.com\/wp-content\/uploads\/2014\/08\/supermercado.jpg?resize=350%2C200 1x, https:\/\/i0.wp.com\/www.24baires.com\/wp-content\/uploads\/2014\/08\/supermercado.jpg?resize=525%2C300 1.5x"},"classes":[]},{"id":105919,"url":"https:\/\/www.24baires.com\/?p=105919","url_meta":{"origin":114279,"position":5},"title":"La inflaci\u00f3n de noviembre fue del 3,2% y alcanza el 43,9% anual","author":"AF","date":"13\/12\/2018","format":false,"excerpt":"En los 12 meses el avance de precios lleg\u00f3 al 48,5% muy por encima del nivel en el que avanzaron los salarios y jubilaciones. El impacto de la profunda recesi\u00f3n en que se encuentra la econom\u00eda argentina ya se siente en la inflaci\u00f3n que, aunque se mantiene todav\u00eda alta, comenz\u00f3\u2026","rel":"","context":"En \u00abEconom\u00eda\u00bb","block_context":{"text":"Econom\u00eda","link":"https:\/\/www.24baires.com\/?cat=45"},"img":{"alt_text":"","src":"https:\/\/i0.wp.com\/www.24baires.com\/wp-content\/uploads\/2017\/07\/fila-supermercado.jpg?resize=350%2C200","width":350,"height":200,"srcset":"https:\/\/i0.wp.com\/www.24baires.com\/wp-content\/uploads\/2017\/07\/fila-supermercado.jpg?resize=350%2C200 1x, https:\/\/i0.wp.com\/www.24baires.com\/wp-content\/uploads\/2017\/07\/fila-supermercado.jpg?resize=525%2C300 1.5x"},"classes":[]}],"jetpack_sharing_enabled":true,"jetpack_likes_enabled":true,"_links":{"self":[{"href":"https:\/\/www.24baires.com\/index.php?rest_route=\/wp\/v2\/posts\/114279","targetHints":{"allow":["GET"]}}],"collection":[{"href":"https:\/\/www.24baires.com\/index.php?rest_route=\/wp\/v2\/posts"}],"about":[{"href":"https:\/\/www.24baires.com\/index.php?rest_route=\/wp\/v2\/types\/post"}],"author":[{"embeddable":true,"href":"https:\/\/www.24baires.com\/index.php?rest_route=\/wp\/v2\/users\/8"}],"replies":[{"embeddable":true,"href":"https:\/\/www.24baires.com\/index.php?rest_route=%2Fwp%2Fv2%2Fcomments&post=114279"}],"version-history":[{"count":1,"href":"https:\/\/www.24baires.com\/index.php?rest_route=\/wp\/v2\/posts\/114279\/revisions"}],"predecessor-version":[{"id":114280,"href":"https:\/\/www.24baires.com\/index.php?rest_route=\/wp\/v2\/posts\/114279\/revisions\/114280"}],"wp:attachment":[{"href":"https:\/\/www.24baires.com\/index.php?rest_route=%2Fwp%2Fv2%2Fmedia&parent=114279"}],"wp:term":[{"taxonomy":"category","embeddable":true,"href":"https:\/\/www.24baires.com\/index.php?rest_route=%2Fwp%2Fv2%2Fcategories&post=114279"},{"taxonomy":"post_tag","embeddable":true,"href":"https:\/\/www.24baires.com\/index.php?rest_route=%2Fwp%2Fv2%2Ftags&post=114279"}],"curies":[{"name":"wp","href":"https:\/\/api.w.org\/{rel}","templated":true}]}}