{"id":11421,"date":"2013-01-07T11:20:39","date_gmt":"2013-01-07T14:20:39","guid":{"rendered":"http:\/\/www.24baires.com\/?p=11421"},"modified":"2013-01-07T11:20:39","modified_gmt":"2013-01-07T14:20:39","slug":"boca-al-igual-que-river-hara-pretemporada-en-tandil","status":"publish","type":"post","link":"https:\/\/www.24baires.com\/?p=11421","title":{"rendered":"Boca, al igual que River, har\u00e1 pretemporada en Tandil"},"content":{"rendered":"<p>El equipo que dirige Carlos Bianchi empezar\u00e1 sus trabajos con vistas al pr\u00f3ximo torneo Final 2013. Por su parte, tambi\u00e9n volver\u00e1 a los entrenamientos el \u00faltimo campe\u00f3n, V\u00e9lez Sarsfield.<!--more--><br \/>\nEl plantel de Boca arrib\u00f3 ayer domingo a la ciudad serrana bonaerense de Tandil, donde realizar\u00e1 la parte m\u00e1s exigente de la pretemporada, con vistas a su participaci\u00f3n en el torneo Inicial de primera divisi\u00f3n y la Copa Libertadores de Am\u00e9rica.<\/p>\n<p>El equipo que dirigir\u00e1 Carlos Bianchi se entrenar\u00e1 en las canchas que posee el Banco Provincia en Tandil, como ocurriera el a\u00f1o anterior cuando el conjunto fue conducido por Julio C\u00e9sar Falcioni.<\/p>\n<p>Boca permanecer\u00e1 en Tandil hasta el 19 de este mes y durante la pretemporada jugar\u00e1 dos partidos por los torneos de verano en Mar del Plata, el 13 ante Racing Club y el 19 frente a River Plate, en el primer supercl\u00e1sico del a\u00f1o.<\/p>\n<p>&nbsp;<\/p>\n<p>&nbsp;<\/p>\n<p>&nbsp;<\/p>\n<p>&nbsp;<\/p>\n<p>&nbsp;<\/p>\n<p>&nbsp;<\/p>\n<p>&nbsp;<\/p>\n<p>&nbsp;<\/p>\n<p>&nbsp;<\/p>\n<p>&nbsp;<\/p>\n<p>&nbsp;<\/p>\n<p>&nbsp;<\/p>\n<p>&nbsp;<\/p>\n<p>&nbsp;<\/p>\n<p>&nbsp;<\/p>\n<p>&nbsp;<\/p>\n<p>&nbsp;<\/p>\n<p>&nbsp;<\/p>\n<p>&nbsp;<\/p>\n<p>&nbsp;<\/p>\n<p>&nbsp;<\/p>\n<p>&nbsp;<\/p>\n<p>&nbsp;<\/p>\n<p>&nbsp;<\/p>\n<p>&nbsp;<\/p>\n<p>&nbsp;<\/p>\n<p>&nbsp;<\/p>\n<p>&nbsp;<\/p>\n<p>&nbsp;<\/p>\n<p>&nbsp;<\/p>\n<p>&nbsp;<\/p>\n","protected":false},"excerpt":{"rendered":"<p>El equipo que dirige Carlos Bianchi empezar\u00e1 sus trabajos con vistas al pr\u00f3ximo torneo Final 2013. Por su parte, tambi\u00e9n volver\u00e1 a los entrenamientos el \u00faltimo campe\u00f3n, V\u00e9lez Sarsfield.<\/p>\n","protected":false},"author":4,"featured_media":0,"comment_status":"open","ping_status":"open","sticky":false,"template":"","format":"standard","meta":{"_jetpack_newsletter_access":"","_jetpack_dont_email_post_to_subs":false,"_jetpack_newsletter_tier_id":0,"_jetpack_memberships_contains_paywalled_content":false,"_jetpack_memberships_contains_paid_content":false,"footnotes":""},"categories":[1],"tags":[],"class_list":["post-11421","post","type-post","status-publish","format-standard","hentry","category-sociedad"],"jetpack_featured_media_url":"","jetpack_shortlink":"https:\/\/wp.me\/p2JWE0-2Yd","jetpack-related-posts":[{"id":59155,"url":"https:\/\/www.24baires.com\/?p=59155","url_meta":{"origin":11421,"position":0},"title":"Los equipos vuelven a entrenar en Enero","author":"Grupo Sierra","date":"26\/12\/2014","format":false,"excerpt":"Con el campeonato de Primera Divisi\u00f3n cada vez m\u00e1s cerca en el horizonte, los 30 equipos que arrancar\u00e1n el torneo a mediados de febrero preparan sus pretemporadas y amistosos de verano, con Boca Juniors y River Plate como los primeros planteles que volver\u00e1n a los entrenamientos. Boca, mientras su dirigencia\u2026","rel":"","context":"En \u00abDeportes\u00bb","block_context":{"text":"Deportes","link":"https:\/\/www.24baires.com\/?cat=12"},"img":{"alt_text":"river-boca","src":"https:\/\/i0.wp.com\/www.24baires.com\/wp-content\/uploads\/2014\/10\/river-boca.jpg?resize=350%2C200","width":350,"height":200,"srcset":"https:\/\/i0.wp.com\/www.24baires.com\/wp-content\/uploads\/2014\/10\/river-boca.jpg?resize=350%2C200 1x, https:\/\/i0.wp.com\/www.24baires.com\/wp-content\/uploads\/2014\/10\/river-boca.jpg?resize=525%2C300 1.5x"},"classes":[]},{"id":37805,"url":"https:\/\/www.24baires.com\/?p=37805","url_meta":{"origin":11421,"position":1},"title":"Boca arranc\u00f3 la pre temporada","author":"GB","date":"02\/01\/2014","format":false,"excerpt":"El equipo \u201cxeneize\u201d comienza la pretemporada de cara a un nuevo semestre con las contrataciones de Juan Forlin y Hern\u00e1n Grana y contar\u00e1 desde el comienzo, tras lesiones, con Fernando Gago y Juan Rom\u00e1n Riquelme. Boca Juniors, despu\u00e9s de un p\u00e9simo 2013 marcado por lesiones e irregularidad en el juego,\u2026","rel":"","context":"En \u00abDeportes\u00bb","block_context":{"text":"Deportes","link":"https:\/\/www.24baires.com\/?cat=12"},"img":{"alt_text":"hincha de boca","src":"https:\/\/i0.wp.com\/www.24baires.com\/wp-content\/uploads\/2013\/12\/hincha-de-boca.jpg?resize=350%2C200","width":350,"height":200,"srcset":"https:\/\/i0.wp.com\/www.24baires.com\/wp-content\/uploads\/2013\/12\/hincha-de-boca.jpg?resize=350%2C200 1x, https:\/\/i0.wp.com\/www.24baires.com\/wp-content\/uploads\/2013\/12\/hincha-de-boca.jpg?resize=525%2C300 1.5x"},"classes":[]},{"id":11381,"url":"https:\/\/www.24baires.com\/?p=11381","url_meta":{"origin":11421,"position":2},"title":"River llega a Tandil para hacer pretemporada y ser\u00e1 recibido por 5 mil hinchas","author":"AF","date":"06\/01\/2013","format":false,"excerpt":"Se reunir\u00e1n el lunes en la Glorieta de la Plaza Independencia para acompa\u00f1ar en caravana por la ruta 226 -alrededor de las 19- al plantel hasta el hotel Elegance, el b\u00fanker elegido por Ram\u00f3n D\u00edaz para realizar la pretemporada de cara al torneo Final 2013. Los simpatizantes riverplatenses se autoconvocaron,\u2026","rel":"","context":"En \u00abSociedad\u00bb","block_context":{"text":"Sociedad","link":"https:\/\/www.24baires.com\/?cat=1"},"img":{"alt_text":"","src":"","width":0,"height":0},"classes":[]},{"id":60135,"url":"https:\/\/www.24baires.com\/?p=60135","url_meta":{"origin":11421,"position":3},"title":"Arruabarrena espera la llegada de Rol\u00edn y Mena para reforzar el equipo","author":"GB","date":"15\/01\/2015","format":false,"excerpt":"Boca se entren\u00f3 en el estadio de Ferrocarril Sud de Tandil mientras espera por la llegada del defensor uruguayo Alexis Rol\u00edn, con quien tiene todo acordado, y la definici\u00f3n por el lateral izquierdo chileno Eugenio Mena, libre del Santos de Brasil. La llegada del zaguero uruguayo es un hecho. El\u2026","rel":"","context":"En \u00abDeportes\u00bb","block_context":{"text":"Deportes","link":"https:\/\/www.24baires.com\/?cat=12"},"img":{"alt_text":"hincha de boca","src":"https:\/\/i0.wp.com\/www.24baires.com\/wp-content\/uploads\/2013\/12\/hincha-de-boca.jpg?resize=350%2C200","width":350,"height":200,"srcset":"https:\/\/i0.wp.com\/www.24baires.com\/wp-content\/uploads\/2013\/12\/hincha-de-boca.jpg?resize=350%2C200 1x, https:\/\/i0.wp.com\/www.24baires.com\/wp-content\/uploads\/2013\/12\/hincha-de-boca.jpg?resize=525%2C300 1.5x"},"classes":[]},{"id":12091,"url":"https:\/\/www.24baires.com\/?p=12091","url_meta":{"origin":11421,"position":4},"title":"Y el Virrey llor\u00f3&#8230;","author":"Grupo Sierra","date":"13\/01\/2013","format":false,"excerpt":"En el debut de la Copa Centenario, Boca perdi\u00f3 con Racing 2 a 1, que anot\u00f3 con goles de Hauche y Saja, de penal. Boca marc\u00f3 con gol de Viatri y jug\u00f3 con un equipo formado por suplentes, mientras Racing tuvo mayor\u00eda de titulares. El partido comenz\u00f3 a las 22.10,\u2026","rel":"","context":"En \u00abDeportes\u00bb","block_context":{"text":"Deportes","link":"https:\/\/www.24baires.com\/?cat=12"},"img":{"alt_text":"boca rac_santacruz_67534","src":"https:\/\/i0.wp.com\/www.24baires.com\/wp-content\/uploads\/2013\/01\/boca-rac_santacruz_67534.jpg?resize=350%2C200","width":350,"height":200,"srcset":"https:\/\/i0.wp.com\/www.24baires.com\/wp-content\/uploads\/2013\/01\/boca-rac_santacruz_67534.jpg?resize=350%2C200 1x, https:\/\/i0.wp.com\/www.24baires.com\/wp-content\/uploads\/2013\/01\/boca-rac_santacruz_67534.jpg?resize=525%2C300 1.5x"},"classes":[]},{"id":91635,"url":"https:\/\/www.24baires.com\/?p=91635","url_meta":{"origin":11421,"position":5},"title":"Banfield y Gimnasia abren el torneo de verano en Mar del Plata","author":"AF","date":"16\/01\/2017","format":false,"excerpt":"Banfield y Gimnasia y Esgrima La Plata abrir\u00e1n hoy la temporada de f\u00fatbol de verano en Mar del Plata cuando se enfrenten por la Copa del Sur desde las 22.10 en el estadio Jos\u00e9 Mar\u00eda Minella. Gimnasia reemplaz\u00f3 a Lan\u00fas, vigente campe\u00f3n del f\u00fatbol argentino, que decidi\u00f3 no jugar este\u2026","rel":"","context":"En \u00abDeportes\u00bb","block_context":{"text":"Deportes","link":"https:\/\/www.24baires.com\/?cat=12"},"img":{"alt_text":"","src":"https:\/\/i0.wp.com\/www.24baires.com\/wp-content\/uploads\/2017\/01\/banfield-gimnasia.jpg?resize=350%2C200","width":350,"height":200,"srcset":"https:\/\/i0.wp.com\/www.24baires.com\/wp-content\/uploads\/2017\/01\/banfield-gimnasia.jpg?resize=350%2C200 1x, https:\/\/i0.wp.com\/www.24baires.com\/wp-content\/uploads\/2017\/01\/banfield-gimnasia.jpg?resize=525%2C300 1.5x"},"classes":[]}],"jetpack_sharing_enabled":true,"jetpack_likes_enabled":true,"_links":{"self":[{"href":"https:\/\/www.24baires.com\/index.php?rest_route=\/wp\/v2\/posts\/11421","targetHints":{"allow":["GET"]}}],"collection":[{"href":"https:\/\/www.24baires.com\/index.php?rest_route=\/wp\/v2\/posts"}],"about":[{"href":"https:\/\/www.24baires.com\/index.php?rest_route=\/wp\/v2\/types\/post"}],"author":[{"embeddable":true,"href":"https:\/\/www.24baires.com\/index.php?rest_route=\/wp\/v2\/users\/4"}],"replies":[{"embeddable":true,"href":"https:\/\/www.24baires.com\/index.php?rest_route=%2Fwp%2Fv2%2Fcomments&post=11421"}],"version-history":[{"count":2,"href":"https:\/\/www.24baires.com\/index.php?rest_route=\/wp\/v2\/posts\/11421\/revisions"}],"predecessor-version":[{"id":11423,"href":"https:\/\/www.24baires.com\/index.php?rest_route=\/wp\/v2\/posts\/11421\/revisions\/11423"}],"wp:attachment":[{"href":"https:\/\/www.24baires.com\/index.php?rest_route=%2Fwp%2Fv2%2Fmedia&parent=11421"}],"wp:term":[{"taxonomy":"category","embeddable":true,"href":"https:\/\/www.24baires.com\/index.php?rest_route=%2Fwp%2Fv2%2Fcategories&post=11421"},{"taxonomy":"post_tag","embeddable":true,"href":"https:\/\/www.24baires.com\/index.php?rest_route=%2Fwp%2Fv2%2Ftags&post=11421"}],"curies":[{"name":"wp","href":"https:\/\/api.w.org\/{rel}","templated":true}]}}