{"id":114124,"date":"2020-02-14T09:32:34","date_gmt":"2020-02-14T12:32:34","guid":{"rendered":"http:\/\/www.24baires.com\/?p=114124"},"modified":"2020-02-14T09:32:34","modified_gmt":"2020-02-14T12:32:34","slug":"docentes-pidieron-un-aumento-que-supere-a-la-inflacion","status":"publish","type":"post","link":"https:\/\/www.24baires.com\/?p=114124","title":{"rendered":"Docentes pidieron un aumento \u00abque supere a la inflaci\u00f3n\u00bb"},"content":{"rendered":"<p><img data-recalc-dims=\"1\" loading=\"lazy\" decoding=\"async\" src=\"https:\/\/i0.wp.com\/www.24baires.com\/wp-content\/uploads\/2017\/10\/docentes-prov.jpg?resize=560%2C385\" alt=\"\" width=\"560\" height=\"385\" class=\"aligncenter size-full wp-image-97952\" srcset=\"https:\/\/i0.wp.com\/www.24baires.com\/wp-content\/uploads\/2017\/10\/docentes-prov.jpg?w=560&amp;ssl=1 560w, https:\/\/i0.wp.com\/www.24baires.com\/wp-content\/uploads\/2017\/10\/docentes-prov.jpg?resize=300%2C206&amp;ssl=1 300w\" sizes=\"auto, (max-width: 560px) 100vw, 560px\" \/>La negociaci\u00f3n continuar\u00e1 la semana que viene y el gobierno ratific\u00f3 que el 12 de marzo pagar\u00e1 el remanente de la paritaria 2019<!--more--><\/p>\n<p>A solo tres d\u00edas del inicio de la paritaria docente en la provincia de Buenos Aires, este jueves se realiz\u00f3 el primer encuentro de \u00abmesa t\u00e9nica\u00bb y los gremios ya adelantaron que le exigieron al gobierno de Axel Kicillof un aumento \u00abque supere a la inflaci\u00f3n\u00bb.<\/p>\n<p>\u00abLlevando la voz de los y las Trabajadoras de la Educaci\u00f3n de la Provincia, el Frente de Unidad Docente Bonaerense (FUDB) demand\u00f3 la recuperaci\u00f3n del poder adquisitivo perdido en estos \u00faltimos a\u00f1os y una recomposici\u00f3n salarial con la incorporaci\u00f3n de sumas no remunerativas al b\u00e1sico\u00bb, explicaron los docentes tras la reuni\u00f3n en un comunicado.<\/p>\n<p>Y agregaron que tambi\u00e9n se demand\u00f3 \u00abque se implemente un mecanismo de aplicaci\u00f3n autom\u00e1tica que garantice que no se pierda el poder adquisitivo del salario en manos de la inflaci\u00f3n, tanto para los y las Trabajadoras en actividad como para los Jubilados\u00bb, lo que generalmente se conoce como cl\u00e1usula gatillo, que el gobierno rechaza.<\/p>\n<p>Desde el gobierno se limitaron a ratificar para el 12 de marzo el pago de un remanente atrasado correspondiente a la paritaria 2019, lo que fue bien recibido por los gremios, que sin embargo plantearon una seria de inequidades salariales y problemas de liquidaci\u00f3n que se sudeben en varios puntos de la provincia.<\/p>\n<p>Del lado del ejecutivo participaron de la reuni\u00f3n el subsecretario de Coordinaci\u00f3n Econ\u00f3mica y Estad\u00edstica, Nicol\u00e1s Todesca, el subsecretario de Relaciones del Trabajo, Leandro Macia, la subsecretaria de Administraci\u00f3n y Recursos Humanos, Paula Ferraris, y el subsecretario de Empleo P\u00fablico y Gesti\u00f3n de Bienes, Agust\u00edn Robla, en tanto que los gremios representados fueron UPCN, SUTEBA, FEB, UDOCBA, SADOP, ATE, AMET y UDA.<\/p>\n<p>Desde ambas partes calificaron la primera reuni\u00f3n de mesa t\u00e9cnica como \u00abpositiva\u00bb y compromotieron la continuidad de la reuniones a partir de la semana que viene para comenzar a trazar acuerdos en el marco de la negociaci\u00f3n.<\/p>\n","protected":false},"excerpt":{"rendered":"<p>La negociaci\u00f3n continuar\u00e1 la semana que viene y el gobierno ratific\u00f3 que el 12 de marzo pagar\u00e1 el remanente de la paritaria 2019<\/p>\n","protected":false},"author":8,"featured_media":0,"comment_status":"open","ping_status":"open","sticky":false,"template":"","format":"standard","meta":{"_jetpack_newsletter_access":"","_jetpack_dont_email_post_to_subs":false,"_jetpack_newsletter_tier_id":0,"_jetpack_memberships_contains_paywalled_content":false,"_jetpack_memberships_contains_paid_content":false,"footnotes":""},"categories":[40],"tags":[],"class_list":["post-114124","post","type-post","status-publish","format-standard","hentry","category-provincia"],"jetpack_shortlink":"https:\/\/wp.me\/p2JWE0-tGI","jetpack-related-posts":[{"id":84934,"url":"https:\/\/www.24baires.com\/?p=84934","url_meta":{"origin":114124,"position":0},"title":"Docentes bonaerenses anticipan un retorno a clases \u00abconflictivo\u00bb","author":"GB","date":"13\/07\/2016","format":false,"excerpt":"Los gremios docentes exigen una recomposici\u00f3n salarial ante la desbandada de la inflaci\u00f3n y desde el gobierno provincial hoy le contestaron: \"No hay m\u00e1s plata\". Los maestros ponen en duda el reinicio de las clases luego del receso invernal que comenzar\u00e1 la pr\u00f3xima semana. El Frente Gremial Docente Bonaerense (FGDB)\u2026","rel":"","context":"En \u00abProvincia\u00bb","block_context":{"text":"Provincia","link":"https:\/\/www.24baires.com\/?cat=40"},"img":{"alt_text":"paritaria docentes","src":"https:\/\/i0.wp.com\/www.24baires.com\/wp-content\/uploads\/2015\/12\/paritaria-docentes.jpg?resize=350%2C200","width":350,"height":200,"srcset":"https:\/\/i0.wp.com\/www.24baires.com\/wp-content\/uploads\/2015\/12\/paritaria-docentes.jpg?resize=350%2C200 1x, https:\/\/i0.wp.com\/www.24baires.com\/wp-content\/uploads\/2015\/12\/paritaria-docentes.jpg?resize=525%2C300 1.5x"},"classes":[]},{"id":87921,"url":"https:\/\/www.24baires.com\/?p=87921","url_meta":{"origin":114124,"position":1},"title":"Docentes insisten con reabrir la paritaria","author":"GB","date":"23\/09\/2016","format":false,"excerpt":"Petrocini asegur\u00f3 que la inflaci\u00f3n \u201cya super\u00f3 el incremento conseguido para 2016 y se proyecta que superar\u00e1 el 40% para finales del corriente a\u00f1o\u201d. La gremialista volvi\u00f3 a pedir a la Provincia que los convoque. Los docentes bonaerenses siguen esperando que la Provincia los convoque a rediscutir el aumento salarial\u2026","rel":"","context":"En \u00abPol\u00edtica\u00bb","block_context":{"text":"Pol\u00edtica","link":"https:\/\/www.24baires.com\/?cat=51"},"img":{"alt_text":"petrocini","src":"https:\/\/i0.wp.com\/www.24baires.com\/wp-content\/uploads\/2014\/03\/petrocini1.jpg?resize=350%2C200","width":350,"height":200,"srcset":"https:\/\/i0.wp.com\/www.24baires.com\/wp-content\/uploads\/2014\/03\/petrocini1.jpg?resize=350%2C200 1x, https:\/\/i0.wp.com\/www.24baires.com\/wp-content\/uploads\/2014\/03\/petrocini1.jpg?resize=525%2C300 1.5x"},"classes":[]},{"id":113937,"url":"https:\/\/www.24baires.com\/?p=113937","url_meta":{"origin":114124,"position":2},"title":"Baradel avis\u00f3 que los docentes quieren un aumento que supere la inflaci\u00f3n","author":"GB","date":"28\/01\/2020","format":false,"excerpt":"El titular de Suteba resalt\u00f3 que no pretenden una cifra concreta de aumento, aunque s\u00ed m\u00e1s que la cl\u00e1usula gatillo. El secretario general del Sindicato \u00danico de Trabajadores de la Educaci\u00f3n de la provincia de Buenos Aires (Suteba), Roberto Baradel, destac\u00f3 que los docentes quieren mejoras en el salario b\u00e1sico\u2026","rel":"","context":"En \u00abProvincia\u00bb","block_context":{"text":"Provincia","link":"https:\/\/www.24baires.com\/?cat=40"},"img":{"alt_text":"","src":"https:\/\/i0.wp.com\/www.24baires.com\/wp-content\/uploads\/2018\/10\/baradel.jpg?resize=350%2C200","width":350,"height":200,"srcset":"https:\/\/i0.wp.com\/www.24baires.com\/wp-content\/uploads\/2018\/10\/baradel.jpg?resize=350%2C200 1x, https:\/\/i0.wp.com\/www.24baires.com\/wp-content\/uploads\/2018\/10\/baradel.jpg?resize=525%2C300 1.5x"},"classes":[]},{"id":120056,"url":"https:\/\/www.24baires.com\/?p=120056","url_meta":{"origin":114124,"position":3},"title":"Provincia arranca la semana con reuniones paritarias","author":"GB","date":"02\/05\/2023","format":false,"excerpt":"Tras el pedido de los gremios, el gobierno de Axel Kicillof acept\u00f3 adelantar la negociaci\u00f3n para volver a discutir salarios. Los docentes y los gremios estatales bonaerenses volver\u00e1n a sentarse con las autoridades provinciales para discutir los aumentos salariales. El gobierno de Axel Kicillof acept\u00f3 el pedido de los sindicatos\u2026","rel":"","context":"En \u00abProvincia\u00bb","block_context":{"text":"Provincia","link":"https:\/\/www.24baires.com\/?cat=40"},"img":{"alt_text":"","src":"https:\/\/i0.wp.com\/www.24baires.com\/wp-content\/uploads\/2023\/02\/paritariasjpg.jpg?resize=350%2C200","width":350,"height":200,"srcset":"https:\/\/i0.wp.com\/www.24baires.com\/wp-content\/uploads\/2023\/02\/paritariasjpg.jpg?resize=350%2C200 1x, https:\/\/i0.wp.com\/www.24baires.com\/wp-content\/uploads\/2023\/02\/paritariasjpg.jpg?resize=525%2C300 1.5x, https:\/\/i0.wp.com\/www.24baires.com\/wp-content\/uploads\/2023\/02\/paritariasjpg.jpg?resize=700%2C400 2x"},"classes":[]},{"id":100554,"url":"https:\/\/www.24baires.com\/?p=100554","url_meta":{"origin":114124,"position":4},"title":"Suteba pidi\u00f3 una nueva reuni\u00f3n con una oferta superadora","author":"GB","date":"16\/02\/2018","format":false,"excerpt":"Mar\u00eda Laura Torre, secretaria general adjunta del gremio, dijo que \"las propias consultoras del Gobierno admiten una inflaci\u00f3n superior al 20 por ciento\". La secretaria general adjunta de Suteba, Mar\u00eda Laura Torre, pidi\u00f3 que el Gobierno bonaerense convoque a una nueva reuni\u00f3n paritaria y que lleve a la mesa de\u2026","rel":"","context":"En \u00abProvincia\u00bb","block_context":{"text":"Provincia","link":"https:\/\/www.24baires.com\/?cat=40"},"img":{"alt_text":"","src":"https:\/\/i0.wp.com\/www.24baires.com\/wp-content\/uploads\/2017\/10\/docentes-prov.jpg?resize=350%2C200","width":350,"height":200,"srcset":"https:\/\/i0.wp.com\/www.24baires.com\/wp-content\/uploads\/2017\/10\/docentes-prov.jpg?resize=350%2C200 1x, https:\/\/i0.wp.com\/www.24baires.com\/wp-content\/uploads\/2017\/10\/docentes-prov.jpg?resize=525%2C300 1.5x"},"classes":[]},{"id":119835,"url":"https:\/\/www.24baires.com\/?p=119835","url_meta":{"origin":114124,"position":5},"title":"Paritarias: gremios docentes aceptaron la oferta de la Provincia","author":"GB","date":"27\/02\/2023","format":false,"excerpt":"Por \"ampl\u00edsima mayor\u00eda\", el Frente de Unidad Docente acept\u00f3 la propuesta de Axel Kicillof. Cierre de paritarias -por ahora- y un normal comienzo de clases. Frente de Unidad docente bonaerense acept\u00f3 por \u201campl\u00edsima mayor\u00eda\u201d la propuesta salarial del 40 por ciento para el primer semestre del a\u00f1o realizada por el\u2026","rel":"","context":"En \u00abProvincia\u00bb","block_context":{"text":"Provincia","link":"https:\/\/www.24baires.com\/?cat=40"},"img":{"alt_text":"","src":"https:\/\/i0.wp.com\/www.24baires.com\/wp-content\/uploads\/2023\/02\/paritariasjpg.jpg?resize=350%2C200","width":350,"height":200,"srcset":"https:\/\/i0.wp.com\/www.24baires.com\/wp-content\/uploads\/2023\/02\/paritariasjpg.jpg?resize=350%2C200 1x, https:\/\/i0.wp.com\/www.24baires.com\/wp-content\/uploads\/2023\/02\/paritariasjpg.jpg?resize=525%2C300 1.5x, https:\/\/i0.wp.com\/www.24baires.com\/wp-content\/uploads\/2023\/02\/paritariasjpg.jpg?resize=700%2C400 2x"},"classes":[]}],"jetpack_sharing_enabled":true,"jetpack_likes_enabled":true,"jetpack_featured_media_url":"","_links":{"self":[{"href":"https:\/\/www.24baires.com\/index.php?rest_route=\/wp\/v2\/posts\/114124","targetHints":{"allow":["GET"]}}],"collection":[{"href":"https:\/\/www.24baires.com\/index.php?rest_route=\/wp\/v2\/posts"}],"about":[{"href":"https:\/\/www.24baires.com\/index.php?rest_route=\/wp\/v2\/types\/post"}],"author":[{"embeddable":true,"href":"https:\/\/www.24baires.com\/index.php?rest_route=\/wp\/v2\/users\/8"}],"replies":[{"embeddable":true,"href":"https:\/\/www.24baires.com\/index.php?rest_route=%2Fwp%2Fv2%2Fcomments&post=114124"}],"version-history":[{"count":1,"href":"https:\/\/www.24baires.com\/index.php?rest_route=\/wp\/v2\/posts\/114124\/revisions"}],"predecessor-version":[{"id":114125,"href":"https:\/\/www.24baires.com\/index.php?rest_route=\/wp\/v2\/posts\/114124\/revisions\/114125"}],"wp:attachment":[{"href":"https:\/\/www.24baires.com\/index.php?rest_route=%2Fwp%2Fv2%2Fmedia&parent=114124"}],"wp:term":[{"taxonomy":"category","embeddable":true,"href":"https:\/\/www.24baires.com\/index.php?rest_route=%2Fwp%2Fv2%2Fcategories&post=114124"},{"taxonomy":"post_tag","embeddable":true,"href":"https:\/\/www.24baires.com\/index.php?rest_route=%2Fwp%2Fv2%2Ftags&post=114124"}],"curies":[{"name":"wp","href":"https:\/\/api.w.org\/{rel}","templated":true}]}}