{"id":114103,"date":"2020-02-12T12:37:57","date_gmt":"2020-02-12T15:37:57","guid":{"rendered":"http:\/\/www.24baires.com\/?p=114103"},"modified":"2020-02-12T12:42:36","modified_gmt":"2020-02-12T15:42:36","slug":"kicillof-presenta-el-programa-mi-escritura-mi-casa-en-almirante-brown","status":"publish","type":"post","link":"https:\/\/www.24baires.com\/?p=114103","title":{"rendered":"Kicillof presenta el programa \u00abMi escritura, mi casa\u00bb en Almirante Brown"},"content":{"rendered":"<p><img data-recalc-dims=\"1\" loading=\"lazy\" decoding=\"async\" src=\"https:\/\/i0.wp.com\/www.24baires.com\/wp-content\/uploads\/2020\/02\/kicillof-alt-brown.jpg?resize=320%2C200\" alt=\"\" width=\"320\" height=\"200\" class=\"alignleft size-full wp-image-114104\" srcset=\"https:\/\/i0.wp.com\/www.24baires.com\/wp-content\/uploads\/2020\/02\/kicillof-alt-brown.jpg?w=320&amp;ssl=1 320w, https:\/\/i0.wp.com\/www.24baires.com\/wp-content\/uploads\/2020\/02\/kicillof-alt-brown.jpg?resize=300%2C188&amp;ssl=1 300w\" sizes=\"auto, (max-width: 320px) 100vw, 320px\" \/>El gobernador bonaerense Axel Kicillof se present\u00f3 en Almirante Brown el plan de escrituras para terrenos de vivienda \u201cMi escritura, mi casa\u201d donde anunci\u00f3 700 t\u00edtulos de propiedad para los vecinos del distrito y adelant\u00f3 que este a\u00f1o esperan llegar a 30 mil en la Provincia.<!--more--><\/p>\n<p>El acto se desarroll\u00f3 en el en el Templo de la Iglesia Cristo Para Todos cerca del mediod\u00eda en Almirante Brown. En la presentaci\u00f3n del programa de regularizaci\u00f3n dominial, Axel Kicilof, dio un discurso que reivindic\u00f3 el papel del Estado y resalt\u00f3 que los bonaerenses est\u00e1n primero que los bonistas.<\/p>\n<p>\u201cCuando se habla de los bonistas, de las multinacionales, de inversores extranjeros, siempre se dice que el exigen a la Argentina seguridad jur\u00eddica o menos incertidumbre o que respeten el derecho de propiedad\u201d, afirm\u00f3 Kicillof.<\/p>\n<p>\u201cEste gobierno va a poner primero y adelante los derechos de propiedad, la certidumbre y seguridad jur\u00eddica de los bonaerenses\u201d, se\u00f1alando las prioridades de su gesti\u00f3n.  <\/p>\n<p>El programa busca regularizar el inmueble a familias que acrediten su ocupaci\u00f3n con causa l\u00edcita, en forma p\u00fablica, pac\u00edfica y continua. En el acto inaugural se entregaron 700 escrituras. \u201cEsta primera etapa se va a transformar en 30 mil escrituras y pretendemos hacer este a\u00f1os m\u00e1s del doble de las que se hicieron el a\u00f1o pasado\u201d, enfatiz\u00f3 Kicillof.<\/p>\n<p>Sobre el rol del Estado, el Gobernador, afirm\u00f3 que \u201cnos presentamos a elecciones para cambiar el Estado, las pol\u00edticas y la realidad de los  bonaerenses. Para convertir derechos en realidades est\u00e1 el Estado y es responsabilidad del mismo que se cumplan\u201d.<\/p>\n<p>En la gseti\u00f3n de la ex gobernadora, Mar\u00eda Eugenia Vidal, tambi\u00e9n se realizaron miles de escrituras. Al respecto, Kiclllof dijo que \u201cMe planteaba Julio Alak que en la gesti\u00f3n anterior hab\u00eda mucho para hacer con las escrituras y que se hizo en parte y no se convirti\u00f3 en pol\u00edtica de estado\u201d<\/p>\n","protected":false},"excerpt":{"rendered":"<p>El gobernador bonaerense Axel Kicillof se present\u00f3 en Almirante Brown el plan de escrituras para terrenos de vivienda \u201cMi escritura, mi casa\u201d donde anunci\u00f3 700 t\u00edtulos de propiedad para los vecinos del distrito y adelant\u00f3 que este a\u00f1o esperan llegar a 30 mil en la Provincia.<\/p>\n","protected":false},"author":8,"featured_media":0,"comment_status":"open","ping_status":"open","sticky":false,"template":"","format":"standard","meta":{"_jetpack_newsletter_access":"","_jetpack_dont_email_post_to_subs":false,"_jetpack_newsletter_tier_id":0,"_jetpack_memberships_contains_paywalled_content":false,"_jetpack_memberships_contains_paid_content":false,"footnotes":""},"categories":[40],"tags":[],"class_list":["post-114103","post","type-post","status-publish","format-standard","hentry","category-provincia"],"jetpack_shortlink":"https:\/\/wp.me\/p2JWE0-tGn","jetpack-related-posts":[{"id":114552,"url":"https:\/\/www.24baires.com\/?p=114552","url_meta":{"origin":114103,"position":0},"title":"Kicillof visit\u00f3 tres distritos del conurbano para dar respuesta a la pandemia","author":"AF","date":"30\/03\/2020","format":false,"excerpt":"Acompa\u00f1ado por Sergio Berni, el gobernador bonaerense visit\u00f3 los comit\u00e9s de emergencia de Almirante Brown, Lomas de Zamora y Esteban Echeverr\u00eda. El gobernador bonaerense, Axel Kicillof, desembarc\u00f3 este lunes en el Conurbano, con visitas a los comit\u00e9s de emergencia de Almirante Brown, Lomas de Zamora y Esteban Echeverr\u00eda, desde donde\u2026","rel":"","context":"En \u00abProvincia\u00bb","block_context":{"text":"Provincia","link":"https:\/\/www.24baires.com\/?cat=40"},"img":{"alt_text":"","src":"https:\/\/i0.wp.com\/www.24baires.com\/wp-content\/uploads\/2020\/03\/kicillofff.jpg?resize=350%2C200","width":350,"height":200,"srcset":"https:\/\/i0.wp.com\/www.24baires.com\/wp-content\/uploads\/2020\/03\/kicillofff.jpg?resize=350%2C200 1x, https:\/\/i0.wp.com\/www.24baires.com\/wp-content\/uploads\/2020\/03\/kicillofff.jpg?resize=525%2C300 1.5x"},"classes":[]},{"id":120461,"url":"https:\/\/www.24baires.com\/?p=120461","url_meta":{"origin":114103,"position":1},"title":"\u201cConstruimos escuelas en todos los barrios porque son f\u00e1bricas que producen futuro\u00bb","author":"AF","date":"12\/09\/2023","format":false,"excerpt":"El Gobernador inaugur\u00f3 la Escuela Secundaria N\u00b0 81 y la ampliaci\u00f3n de la Primaria N\u00b0 83 en la localidad de Ministro Rivadavia. El gobernador de la provincia de Buenos Aires, Axel Kicillof, encabez\u00f3 este martes en Almirante Brown la inauguraci\u00f3n de la Escuela Secundaria N\u00b081 y puso en funcionamiento 10\u2026","rel":"","context":"En \u00abProvincia\u00bb","block_context":{"text":"Provincia","link":"https:\/\/www.24baires.com\/?cat=40"},"img":{"alt_text":"","src":"https:\/\/i0.wp.com\/www.24baires.com\/wp-content\/uploads\/2023\/09\/WhatsApp-Image-2023-09-12-at-20.06.06.jpeg?resize=350%2C200","width":350,"height":200,"srcset":"https:\/\/i0.wp.com\/www.24baires.com\/wp-content\/uploads\/2023\/09\/WhatsApp-Image-2023-09-12-at-20.06.06.jpeg?resize=350%2C200 1x, https:\/\/i0.wp.com\/www.24baires.com\/wp-content\/uploads\/2023\/09\/WhatsApp-Image-2023-09-12-at-20.06.06.jpeg?resize=525%2C300 1.5x, https:\/\/i0.wp.com\/www.24baires.com\/wp-content\/uploads\/2023\/09\/WhatsApp-Image-2023-09-12-at-20.06.06.jpeg?resize=700%2C400 2x"},"classes":[]},{"id":119654,"url":"https:\/\/www.24baires.com\/?p=119654","url_meta":{"origin":114103,"position":2},"title":"Kicillof: \u00abEl fallo de la Corte Suprema es una verdadera inmundicia\u00bb","author":"AF","date":"22\/12\/2022","format":false,"excerpt":"El mandatario bonaerense cuestion\u00f3 con dureza el fallo que favoreci\u00f3 a la Ciudad de Buenos Aires en la discusi\u00f3n en torno a los fondos coparticipables. \u201cTodos los gobernadores est\u00e1n de acuerdo, aunque algunos no lo dicen por restricciones pol\u00edticas\u201d, afirm\u00f3. El gobernador de la Provincia de Buenos Aires, Axel Kicillof,\u2026","rel":"","context":"En \u00abProvincia\u00bb","block_context":{"text":"Provincia","link":"https:\/\/www.24baires.com\/?cat=40"},"img":{"alt_text":"","src":"https:\/\/i0.wp.com\/www.24baires.com\/wp-content\/uploads\/2022\/07\/kicillof.jpg?resize=350%2C200","width":350,"height":200,"srcset":"https:\/\/i0.wp.com\/www.24baires.com\/wp-content\/uploads\/2022\/07\/kicillof.jpg?resize=350%2C200 1x, https:\/\/i0.wp.com\/www.24baires.com\/wp-content\/uploads\/2022\/07\/kicillof.jpg?resize=525%2C300 1.5x, https:\/\/i0.wp.com\/www.24baires.com\/wp-content\/uploads\/2022\/07\/kicillof.jpg?resize=700%2C400 2x"},"classes":[]},{"id":120797,"url":"https:\/\/www.24baires.com\/?p=120797","url_meta":{"origin":114103,"position":3},"title":"\u00abCreen que castigan a un gobierno, pero si cortan recursos va a sufrir el pueblo\u00bb, dijo Kicillof","author":"GB","date":"27\/12\/2023","format":false,"excerpt":"MAR DEL PLATA-El gobernador bonaerense, Axel Kicillof, encabez\u00f3 el lanzamiento del Operativo de Sol a Sol y cuestion\u00f3 duramente el plan de ajuste y las pol\u00edticas de Javier Milei. El gobernador bonaerense, Axel Kicillof, lanz\u00f3 en Mar del Plata el Operativo de Sol a Sol, el tradicional dispositivo que refuerza\u2026","rel":"","context":"En \u00abPol\u00edtica\u00bb","block_context":{"text":"Pol\u00edtica","link":"https:\/\/www.24baires.com\/?cat=51"},"img":{"alt_text":"","src":"https:\/\/i0.wp.com\/www.24baires.com\/wp-content\/uploads\/2023\/12\/kicillof-ope-sol.jpg?resize=350%2C200","width":350,"height":200,"srcset":"https:\/\/i0.wp.com\/www.24baires.com\/wp-content\/uploads\/2023\/12\/kicillof-ope-sol.jpg?resize=350%2C200 1x, https:\/\/i0.wp.com\/www.24baires.com\/wp-content\/uploads\/2023\/12\/kicillof-ope-sol.jpg?resize=525%2C300 1.5x, https:\/\/i0.wp.com\/www.24baires.com\/wp-content\/uploads\/2023\/12\/kicillof-ope-sol.jpg?resize=700%2C400 2x"},"classes":[]},{"id":118356,"url":"https:\/\/www.24baires.com\/?p=118356","url_meta":{"origin":114103,"position":4},"title":"Axel Kicillof lanza el Operativo Sol 2022 en Mar del Plata","author":"GB","date":"20\/12\/2021","format":false,"excerpt":"El gobernador de la Provincia de Buenos Aires, Axel Kicillof, presenta el Operativo Sol 2022 en la Ciudad de Mar del Plata tras lanzar la temporada de verano. Luego de lanzar la temporada de verano al inaugurar la finalizaci\u00f3n de las obras en las autov\u00edas y rutas N\u00ba 11 y\u2026","rel":"","context":"En \u00abProvincia\u00bb","block_context":{"text":"Provincia","link":"https:\/\/www.24baires.com\/?cat=40"},"img":{"alt_text":"","src":"https:\/\/i0.wp.com\/www.24baires.com\/wp-content\/uploads\/2021\/12\/axel-kicillof-mar-del-platajpg-300x200.jpg?resize=350%2C200","width":350,"height":200},"classes":[]},{"id":121059,"url":"https:\/\/www.24baires.com\/?p=121059","url_meta":{"origin":114103,"position":5},"title":"La Provincia se hizo cargo de la continuidad del Plan FinEs","author":"GB","date":"02\/03\/2024","format":false,"excerpt":"El gobernador Axel Kicillof, en colaboraci\u00f3n con los intendentes, garantizar\u00e1 en los municipios bonaerenses el programa educativo destinado a adultos. Con el aval del gobernador Axel Kicillof, el programa esencial para la educaci\u00f3n de adultos, Plan FinEs se volvi\u00f3 provincial, por lo que pese a la reconfiguraci\u00f3n a nivel nacional\u2026","rel":"","context":"En \u00abProvincia\u00bb","block_context":{"text":"Provincia","link":"https:\/\/www.24baires.com\/?cat=40"},"img":{"alt_text":"","src":"https:\/\/i0.wp.com\/www.24baires.com\/wp-content\/uploads\/2024\/03\/plan-fines-dos.jpg.webp?resize=350%2C200","width":350,"height":200,"srcset":"https:\/\/i0.wp.com\/www.24baires.com\/wp-content\/uploads\/2024\/03\/plan-fines-dos.jpg.webp?resize=350%2C200 1x, https:\/\/i0.wp.com\/www.24baires.com\/wp-content\/uploads\/2024\/03\/plan-fines-dos.jpg.webp?resize=525%2C300 1.5x, https:\/\/i0.wp.com\/www.24baires.com\/wp-content\/uploads\/2024\/03\/plan-fines-dos.jpg.webp?resize=700%2C400 2x"},"classes":[]}],"jetpack_sharing_enabled":true,"jetpack_likes_enabled":true,"jetpack_featured_media_url":"","_links":{"self":[{"href":"https:\/\/www.24baires.com\/index.php?rest_route=\/wp\/v2\/posts\/114103","targetHints":{"allow":["GET"]}}],"collection":[{"href":"https:\/\/www.24baires.com\/index.php?rest_route=\/wp\/v2\/posts"}],"about":[{"href":"https:\/\/www.24baires.com\/index.php?rest_route=\/wp\/v2\/types\/post"}],"author":[{"embeddable":true,"href":"https:\/\/www.24baires.com\/index.php?rest_route=\/wp\/v2\/users\/8"}],"replies":[{"embeddable":true,"href":"https:\/\/www.24baires.com\/index.php?rest_route=%2Fwp%2Fv2%2Fcomments&post=114103"}],"version-history":[{"count":2,"href":"https:\/\/www.24baires.com\/index.php?rest_route=\/wp\/v2\/posts\/114103\/revisions"}],"predecessor-version":[{"id":114106,"href":"https:\/\/www.24baires.com\/index.php?rest_route=\/wp\/v2\/posts\/114103\/revisions\/114106"}],"wp:attachment":[{"href":"https:\/\/www.24baires.com\/index.php?rest_route=%2Fwp%2Fv2%2Fmedia&parent=114103"}],"wp:term":[{"taxonomy":"category","embeddable":true,"href":"https:\/\/www.24baires.com\/index.php?rest_route=%2Fwp%2Fv2%2Fcategories&post=114103"},{"taxonomy":"post_tag","embeddable":true,"href":"https:\/\/www.24baires.com\/index.php?rest_route=%2Fwp%2Fv2%2Ftags&post=114103"}],"curies":[{"name":"wp","href":"https:\/\/api.w.org\/{rel}","templated":true}]}}