{"id":114091,"date":"2020-02-11T17:21:42","date_gmt":"2020-02-11T20:21:42","guid":{"rendered":"http:\/\/www.24baires.com\/?p=114091"},"modified":"2020-02-11T17:21:42","modified_gmt":"2020-02-11T20:21:42","slug":"tras-la-reunion-con-fernandez-kicillof-junta-a-frederic-y-berni","status":"publish","type":"post","link":"https:\/\/www.24baires.com\/?p=114091","title":{"rendered":"Tras la reuni\u00f3n con Fern\u00e1ndez, Kicillof junta a Frederic y Berni"},"content":{"rendered":"<p><img data-recalc-dims=\"1\" loading=\"lazy\" decoding=\"async\" src=\"https:\/\/i0.wp.com\/www.24baires.com\/wp-content\/uploads\/2020\/02\/846725ec6449f641e16371f11a776c3f.jpg?resize=560%2C315\" alt=\"\" width=\"560\" height=\"315\" class=\"aligncenter size-full wp-image-114092\" srcset=\"https:\/\/i0.wp.com\/www.24baires.com\/wp-content\/uploads\/2020\/02\/846725ec6449f641e16371f11a776c3f.jpg?w=560&amp;ssl=1 560w, https:\/\/i0.wp.com\/www.24baires.com\/wp-content\/uploads\/2020\/02\/846725ec6449f641e16371f11a776c3f.jpg?resize=300%2C169&amp;ssl=1 300w\" sizes=\"auto, (max-width: 560px) 100vw, 560px\" \/>Luego del encuentro con el Presidente, el Gobernador reunir\u00e1 a la Ministra de Seguridad de la Naci\u00f3n con su par bonaerense en medio de la pol\u00e9mica por las fuerzas federales.<!--more--><\/p>\n<p>Tras el encuentro que tuvo con el presidente Alberto Fern\u00e1ndez, el gobernador bonaerense Axel Kicillof mantendr\u00e1 un encuentro con la ministra de Seguridad de la Naci\u00f3n, Sabina Frederic y su ministro bonaerense, Sergio Berni, luego de la pol\u00e9mica suscitada entre ambos.<\/p>\n<p>Seg\u00fan detall\u00f3 Tel\u00e1m, el encuentro se dar\u00e1 esta misma tarde, donde ambas partes buscar\u00e1n conseuar pol\u00edticas en conjunto. Vale recordar, que la tensi\u00f3n entre Frederic y Berni se reavivo luego del pedido del ministro bonaerense a su par nacional para que se retirara a los 6500 efectivos de las fuerzas federales que est\u00e1n apostados en el conurbano de la provincia de Buenos Aires, en disconformidad por las pol\u00edticas laxas en la materia.<\/p>\n<p>Los cruces de Berni hacia Frederic por las distintas posturas de gesti\u00f3n en torno a la lucha contra el delito generaron una tensi\u00f3n, tanto a nivel pol\u00edtico como medi\u00e1tico, que desde el Ejecutivo observan como preocupaci\u00f3n debido a las debilidades o conflictos que puedan generar hacia adentro del Frente de Todos.<\/p>\n<p>Esta ma\u00f1ana, para sanear los roces entre Naci\u00f3n y Provincia, Fern\u00e1ndez y Kicillof mantuvieron un encuentro en la Casa Rosada. \u201cCon el presidente trabajamos d\u00eda a d\u00eda para articular las mejores pol\u00edticas entre Naci\u00f3n y Provincia para las y los bonaerenses. En estos dos meses de gobierno cambiamos las prioridades\u201d, public\u00f3 el mandatario bonaerense tras el encuentro, en busca de dar un mensaje de unidad. En tanto, esta tarde, sellar\u00e1 el pacto de paz entre Frederic y Berni.<\/p>\n","protected":false},"excerpt":{"rendered":"<p>Luego del encuentro con el Presidente, el Gobernador reunir\u00e1 a la Ministra de Seguridad de la Naci\u00f3n con su par bonaerense en medio de la pol\u00e9mica por las fuerzas federales.<\/p>\n","protected":false},"author":4,"featured_media":0,"comment_status":"open","ping_status":"open","sticky":false,"template":"","format":"standard","meta":{"_jetpack_newsletter_access":"","_jetpack_dont_email_post_to_subs":false,"_jetpack_newsletter_tier_id":0,"_jetpack_memberships_contains_paywalled_content":false,"_jetpack_memberships_contains_paid_content":false,"footnotes":""},"categories":[40],"tags":[],"class_list":["post-114091","post","type-post","status-publish","format-standard","hentry","category-provincia"],"jetpack_shortlink":"https:\/\/wp.me\/p2JWE0-tGb","jetpack-related-posts":[{"id":114073,"url":"https:\/\/www.24baires.com\/?p=114073","url_meta":{"origin":114091,"position":0},"title":"Berni le pidi\u00f3 a Frederic que retire las fuerzas federales de la Provincia","author":"GB","date":"10\/02\/2020","format":false,"excerpt":"El titular de la cartera de Seguridad de la Provincia atiz\u00f3 las diferencias con su par de Naci\u00f3n, a trav\u00e9s de una carta. La disputa entre la ministra de Seguridad de naci\u00f3n, Sabina Frederic, y su par bonaerense, Sergio Berni, suma un nuevo round; ahora mediante una carta. El funcionario\u2026","rel":"","context":"En \u00abProvincia\u00bb","block_context":{"text":"Provincia","link":"https:\/\/www.24baires.com\/?cat=40"},"img":{"alt_text":"","src":"https:\/\/i0.wp.com\/www.24baires.com\/wp-content\/uploads\/2020\/02\/berni-frederic-seguridad.jpg?resize=350%2C200","width":350,"height":200,"srcset":"https:\/\/i0.wp.com\/www.24baires.com\/wp-content\/uploads\/2020\/02\/berni-frederic-seguridad.jpg?resize=350%2C200 1x, https:\/\/i0.wp.com\/www.24baires.com\/wp-content\/uploads\/2020\/02\/berni-frederic-seguridad.jpg?resize=525%2C300 1.5x"},"classes":[]},{"id":113752,"url":"https:\/\/www.24baires.com\/?p=113752","url_meta":{"origin":114091,"position":1},"title":"Frederic y Berni comenzaron a trabajar en la distribuci\u00f3n de las fuerzas en el Conurbano","author":"AF","date":"09\/01\/2020","format":false,"excerpt":"La ministra de Seguridad de la Naci\u00f3n recibi\u00f3 a su par de Provincia para coordinar el trabajo a futuro. La ministra de Seguridad de la Naci\u00f3n, Sabina Frederic, y su par de la provincia de Buenos Aires, Sergio Berni, mantuvieron un encuentro esta ma\u00f1ana luego de algunos chispazos medi\u00e1ticos que\u2026","rel":"","context":"En \u00abPol\u00edtica\u00bb","block_context":{"text":"Pol\u00edtica","link":"https:\/\/www.24baires.com\/?cat=51"},"img":{"alt_text":"","src":"https:\/\/i0.wp.com\/www.24baires.com\/wp-content\/uploads\/2020\/01\/berni-frederic.jpg?resize=350%2C200","width":350,"height":200,"srcset":"https:\/\/i0.wp.com\/www.24baires.com\/wp-content\/uploads\/2020\/01\/berni-frederic.jpg?resize=350%2C200 1x, https:\/\/i0.wp.com\/www.24baires.com\/wp-content\/uploads\/2020\/01\/berni-frederic.jpg?resize=525%2C300 1.5x"},"classes":[]},{"id":117352,"url":"https:\/\/www.24baires.com\/?p=117352","url_meta":{"origin":114091,"position":2},"title":"Kicillof y Berni entregar\u00e1n patrulleros en Mar del Plata","author":"GB","date":"25\/03\/2021","format":false,"excerpt":"En medios de nuevas tensiones con Frederic, el ministro de Seguridad bonaerense compartir\u00e1 escenario con el gobernador El gobernador Axel Kicillof visitar\u00e1 Mar del Plata junto a su ministro de Seguridad, Sergio Berni, para encabezar el acto de entrega de 40 patrulleros, que se realizar\u00e1 en el polideportivo Islas Malvinas\u2026","rel":"","context":"En \u00abProvincia\u00bb","block_context":{"text":"Provincia","link":"https:\/\/www.24baires.com\/?cat=40"},"img":{"alt_text":"","src":"https:\/\/i0.wp.com\/www.24baires.com\/wp-content\/uploads\/2021\/03\/20210325072440_kicillof.jpg?resize=350%2C200","width":350,"height":200,"srcset":"https:\/\/i0.wp.com\/www.24baires.com\/wp-content\/uploads\/2021\/03\/20210325072440_kicillof.jpg?resize=350%2C200 1x, https:\/\/i0.wp.com\/www.24baires.com\/wp-content\/uploads\/2021\/03\/20210325072440_kicillof.jpg?resize=525%2C300 1.5x"},"classes":[]},{"id":116351,"url":"https:\/\/www.24baires.com\/?p=116351","url_meta":{"origin":114091,"position":3},"title":"Cafiero asegura que \u00abno est\u00e1 en estudio\u00bb el uso de las Taser en las fuerzas federales","author":"AF","date":"29\/09\/2020","format":false,"excerpt":"El jefe de Gabinete asegur\u00f3 que tanto la Ciudad de Buenos Aires como las provincias tienen autonom\u00eda suficiente para decidir el uso de las pistolas Taser y que las fuerzas federales se mueven con sus propios protocolos y normas. El jefe de Gabinete, Santiago Cafiero, asegur\u00f3 hoy que la utilizaci\u00f3n\u2026","rel":"","context":"En \u00abSociedad\u00bb","block_context":{"text":"Sociedad","link":"https:\/\/www.24baires.com\/?cat=1"},"img":{"alt_text":"","src":"https:\/\/i0.wp.com\/www.24baires.com\/wp-content\/uploads\/2020\/07\/cafiero.jpg?resize=350%2C200","width":350,"height":200,"srcset":"https:\/\/i0.wp.com\/www.24baires.com\/wp-content\/uploads\/2020\/07\/cafiero.jpg?resize=350%2C200 1x, https:\/\/i0.wp.com\/www.24baires.com\/wp-content\/uploads\/2020\/07\/cafiero.jpg?resize=525%2C300 1.5x"},"classes":[]},{"id":115963,"url":"https:\/\/www.24baires.com\/?p=115963","url_meta":{"origin":114091,"position":4},"title":"Kicillof sobre el caso Facundo Astudillo: \u201cNo voy a encubrir a nadie\u201d","author":"GB","date":"17\/08\/2020","format":false,"excerpt":"El gobernador habl\u00f3 del caso del joven desaparecido desde el 30 de abril, mientras se investiga la identidad del cuerpo hallado anoche en un canal de Villarino. Se refiri\u00f3 al extra\u00f1o llamado del fiscal a Berni y el pedido de la familia de que la justicia bonaerense se aparte del\u2026","rel":"","context":"En \u00abPol\u00edtica\u00bb","block_context":{"text":"Pol\u00edtica","link":"https:\/\/www.24baires.com\/?cat=51"},"img":{"alt_text":"","src":"https:\/\/i0.wp.com\/www.24baires.com\/wp-content\/uploads\/2020\/05\/kicilof.jpg?resize=350%2C200","width":350,"height":200,"srcset":"https:\/\/i0.wp.com\/www.24baires.com\/wp-content\/uploads\/2020\/05\/kicilof.jpg?resize=350%2C200 1x, https:\/\/i0.wp.com\/www.24baires.com\/wp-content\/uploads\/2020\/05\/kicilof.jpg?resize=525%2C300 1.5x"},"classes":[]},{"id":116186,"url":"https:\/\/www.24baires.com\/?p=116186","url_meta":{"origin":114091,"position":5},"title":"Fern\u00e1ndez, sobre las protestas de polic\u00edas: \u00abUsaron un m\u00e9todo inadmisible y desmesurado\u00bb","author":"AF","date":"10\/09\/2020","format":false,"excerpt":"El Presidente consider\u00f3 que era \"imposible\" que el gobierno bonaerense pudiera cumplir con la demanda de aumentos salariales, ante la \"situaci\u00f3n financiera cr\u00edtica\" que enfrenta ese distrito. El presidente Alberto Fern\u00e1ndez insisti\u00f3 en que los polic\u00edas bonaerenses que realizan protestas, que este jueves incluso se trasladaron a las puertas de\u2026","rel":"","context":"En \u00abSociedad\u00bb","block_context":{"text":"Sociedad","link":"https:\/\/www.24baires.com\/?cat=1"},"img":{"alt_text":"","src":"https:\/\/i0.wp.com\/www.24baires.com\/wp-content\/uploads\/2020\/08\/alberto-fern%C3%A1ndez.jpg?resize=350%2C200","width":350,"height":200,"srcset":"https:\/\/i0.wp.com\/www.24baires.com\/wp-content\/uploads\/2020\/08\/alberto-fern%C3%A1ndez.jpg?resize=350%2C200 1x, https:\/\/i0.wp.com\/www.24baires.com\/wp-content\/uploads\/2020\/08\/alberto-fern%C3%A1ndez.jpg?resize=525%2C300 1.5x"},"classes":[]}],"jetpack_sharing_enabled":true,"jetpack_likes_enabled":true,"jetpack_featured_media_url":"","_links":{"self":[{"href":"https:\/\/www.24baires.com\/index.php?rest_route=\/wp\/v2\/posts\/114091","targetHints":{"allow":["GET"]}}],"collection":[{"href":"https:\/\/www.24baires.com\/index.php?rest_route=\/wp\/v2\/posts"}],"about":[{"href":"https:\/\/www.24baires.com\/index.php?rest_route=\/wp\/v2\/types\/post"}],"author":[{"embeddable":true,"href":"https:\/\/www.24baires.com\/index.php?rest_route=\/wp\/v2\/users\/4"}],"replies":[{"embeddable":true,"href":"https:\/\/www.24baires.com\/index.php?rest_route=%2Fwp%2Fv2%2Fcomments&post=114091"}],"version-history":[{"count":1,"href":"https:\/\/www.24baires.com\/index.php?rest_route=\/wp\/v2\/posts\/114091\/revisions"}],"predecessor-version":[{"id":114093,"href":"https:\/\/www.24baires.com\/index.php?rest_route=\/wp\/v2\/posts\/114091\/revisions\/114093"}],"wp:attachment":[{"href":"https:\/\/www.24baires.com\/index.php?rest_route=%2Fwp%2Fv2%2Fmedia&parent=114091"}],"wp:term":[{"taxonomy":"category","embeddable":true,"href":"https:\/\/www.24baires.com\/index.php?rest_route=%2Fwp%2Fv2%2Fcategories&post=114091"},{"taxonomy":"post_tag","embeddable":true,"href":"https:\/\/www.24baires.com\/index.php?rest_route=%2Fwp%2Fv2%2Ftags&post=114091"}],"curies":[{"name":"wp","href":"https:\/\/api.w.org\/{rel}","templated":true}]}}