{"id":114040,"date":"2020-02-06T16:45:59","date_gmt":"2020-02-06T19:45:59","guid":{"rendered":"http:\/\/www.24baires.com\/?p=114040"},"modified":"2020-02-06T21:48:56","modified_gmt":"2020-02-07T00:48:56","slug":"la-inflacion-de-enero-habria-rondado-el-25-y-se-espera-que-siga-la-desaceleracion","status":"publish","type":"post","link":"https:\/\/www.24baires.com\/?p=114040","title":{"rendered":"La inflaci\u00f3n de enero habr\u00eda rondado el 2,5% y se espera que siga la desaceleraci\u00f3n"},"content":{"rendered":"<p><img data-recalc-dims=\"1\" loading=\"lazy\" decoding=\"async\" src=\"https:\/\/i0.wp.com\/www.24baires.com\/wp-content\/uploads\/2018\/08\/supermercado.jpg?resize=560%2C313\" alt=\"\" width=\"560\" height=\"313\" class=\"aligncenter size-full wp-image-103910\" srcset=\"https:\/\/i0.wp.com\/www.24baires.com\/wp-content\/uploads\/2018\/08\/supermercado.jpg?w=560&amp;ssl=1 560w, https:\/\/i0.wp.com\/www.24baires.com\/wp-content\/uploads\/2018\/08\/supermercado.jpg?resize=300%2C168&amp;ssl=1 300w\" sizes=\"auto, (max-width: 560px) 100vw, 560px\" \/>El Indec difundir\u00e1 el jueves 13 el \u00cdndice de Precios al Consumidor correspondiente a enero, que podr\u00eda reflejar una discrepancia con las primeras estimaciones realizadas por las consultoras, que hablan de 3% y 4%.<!--more--><\/p>\n<p>La inflaci\u00f3n de enero podr\u00eda ubicarse en 2,5% seg\u00fan las mediciones que se manejan en el Gobierno que detectaron una fuerte desaceleraci\u00f3n en la segunda y tercer semana del mes con una tendencia que se extendi\u00f3 a febrero en curso.<\/p>\n<p>El Indec difundir\u00e1 el jueves 13 el \u00cdndice de Precios al Consumidor correspondiente a enero, que podr\u00eda reflejar una discrepancia con las primeras estimaciones realizadas desde consultoras econ\u00f3micas que ubicaron el alza de precios del 3%, incluso por encima de esa cifra.<\/p>\n<p>En el Gobierno hay preocupaci\u00f3n por la instalaci\u00f3n de una expectativa de inflaci\u00f3n por encima de la realidad porque atenta contra la pol\u00edtica econ\u00f3mica y fundamentalmente generar\u00e1 presi\u00f3n pol\u00edtica de sectores de la oposici\u00f3n que intentar\u00e1n desacreditar la medici\u00f3n que realiza el Indec.<\/p>\n<p>Con la llegada de Alberto Fern\u00e1ndez a la presidencia se design\u00f3 a Marcos Lavagna al frente del Instituto de Estad\u00edstica y Censos y este funcionario ratific\u00f3 a todo el equipo que mide la inflaci\u00f3n por lo que no hay ninguna alteraci\u00f3n ni de funcionarios ni de c\u00e1lculos.<\/p>\n<p>La inflaci\u00f3n que arrojar\u00e1 el Indec el pr\u00f3ximo jueves estar\u00e1 elaborada bajo los mismos criterios t\u00e9cnicos y con el mismo personal que hizo el relevamiento y procesamiento de datos que durante la gesti\u00f3n de Jorge Todesca, el titular del Indec en el gobierno de Mauricio Macri. Por eso, no deber\u00eda haber ninguna duda sobre la inflaci\u00f3n que revele el Indec.<\/p>\n<p>La evoluci\u00f3n de la inflaci\u00f3n es determinante en varios aspectos de la pol\u00edtica econ\u00f3mica. Por un lado, tiene una alta incidencia en la discusi\u00f3n paritaria en curso. Los sindicatos arrancaron los planteos de aumento salarial sobre la base de recuperar lo perdido en 2019 y una estimaci\u00f3n de 41% de inflaci\u00f3n para este a\u00f1o, seg\u00fan surge del Relevamiento de Expectativas de Mercado (REM) que elabora el Banco Central. Las consultoras previeron para enero un alza de precios de 3,5%.<\/p>\n<p>Tambi\u00e9n es determinante en el proceso de canje de deuda encarado por el Gobierno. En el canje del bono que vence el 13 de febrero, se ofrecieron cuatro tipos de bonos y los fondos de inversi\u00f3n eligieron casi en exclusiva el bono que actualiza por inflaci\u00f3n conocida como CER.<\/p>\n<p>Adem\u00e1s influye en la tasa de inter\u00e9s que el sistema financiero fija para captar plazos fijos. La idea del BCRA es mantener una tasa positiva de tal manera de incentivar el ahorro en pesos pero si la expectativa de inflaci\u00f3n est\u00e1 muy por encima de la realidad genera un desaliento a invertir en plazos fijos y un atractivo mayor a volcarse a las variantes de d\u00f3lar Bolsa.<\/p>\n<p>La inflaci\u00f3n de enero estuvo impulsada por la restituci\u00f3n del IVA a los alimentos y el arrastre de diciembre, mientras funcionaron como anclas la estabilidad del d\u00f3lar, el congelamiento del precio de los combustibles y de las tarifas de servicios p\u00fablicos, junto con una muy fuerte reducci\u00f3n de la tasa de inter\u00e9s de referencia que fija el BCRA, que ya se ubica en 48%.<\/p>\n","protected":false},"excerpt":{"rendered":"<p>El Indec difundir\u00e1 el jueves 13 el \u00cdndice de Precios al Consumidor correspondiente a enero, que podr\u00eda reflejar una discrepancia con las primeras estimaciones realizadas por las consultoras, que hablan de 3% y 4%.<\/p>\n","protected":false},"author":4,"featured_media":0,"comment_status":"open","ping_status":"open","sticky":false,"template":"","format":"standard","meta":{"_jetpack_newsletter_access":"","_jetpack_dont_email_post_to_subs":false,"_jetpack_newsletter_tier_id":0,"_jetpack_memberships_contains_paywalled_content":false,"_jetpack_memberships_contains_paid_content":false,"footnotes":""},"categories":[45],"tags":[],"class_list":["post-114040","post","type-post","status-publish","format-standard","hentry","category-economia"],"jetpack_featured_media_url":"","jetpack_shortlink":"https:\/\/wp.me\/p2JWE0-tFm","jetpack-related-posts":[{"id":114279,"url":"https:\/\/www.24baires.com\/?p=114279","url_meta":{"origin":114040,"position":0},"title":"Privados estiman que la inflaci\u00f3n de febrero seguir\u00e1 siendo alta","author":"GB","date":"03\/03\/2020","format":false,"excerpt":"La consultora Orlando Ferreres & Asociadosdel estima que la inflaci\u00f3n en los productos de la Canasta B\u00e1sica subieron a mayor ritmo. De cara a la presentaci\u00f3n del nuevo informe del Instituto Nacional de Estad\u00edsticas y Censos (INDEC) donde se conocer\u00e1 la inflaci\u00f3n de febrero, la consultora Orlando Ferreres & Asociados,\u2026","rel":"","context":"En \u00abEconom\u00eda\u00bb","block_context":{"text":"Econom\u00eda","link":"https:\/\/www.24baires.com\/?cat=45"},"img":{"alt_text":"","src":"https:\/\/i0.wp.com\/www.24baires.com\/wp-content\/uploads\/2018\/08\/supermercado.jpg?resize=350%2C200","width":350,"height":200,"srcset":"https:\/\/i0.wp.com\/www.24baires.com\/wp-content\/uploads\/2018\/08\/supermercado.jpg?resize=350%2C200 1x, https:\/\/i0.wp.com\/www.24baires.com\/wp-content\/uploads\/2018\/08\/supermercado.jpg?resize=525%2C300 1.5x"},"classes":[]},{"id":101565,"url":"https:\/\/www.24baires.com\/?p=101565","url_meta":{"origin":114040,"position":1},"title":"El Indec dar\u00e1 a conocer el \u00edndice de inflaci\u00f3n de marzo","author":"GB","date":"12\/04\/2018","format":false,"excerpt":"El Instituto Nacional de Estad\u00edstica y Censos difundir\u00e1 este jueves la variaci\u00f3n del \u00edndice de costo de vida del tercer mes del a\u00f1o. El Indec dar\u00e1 a conocer hoy el \u00edndice de costo de vida correspondiente a marzo y el mismo rondar\u00eda en un 3 por ciento debido a la\u2026","rel":"","context":"En \u00abEconom\u00eda\u00bb","block_context":{"text":"Econom\u00eda","link":"https:\/\/www.24baires.com\/?cat=45"},"img":{"alt_text":"","src":"https:\/\/i0.wp.com\/www.24baires.com\/wp-content\/uploads\/2013\/02\/indec-300x225.jpg?resize=350%2C200","width":350,"height":200},"classes":[]},{"id":111212,"url":"https:\/\/www.24baires.com\/?p=111212","url_meta":{"origin":114040,"position":2},"title":"Consultoras ya estiman una inflaci\u00f3n de entre 2,3% y 2,5% para este mes","author":"GB","date":"17\/07\/2019","format":false,"excerpt":"Conocido el dato de inflaci\u00f3n del mes de junio, que difundi\u00f3 este martes el Indec y que arroj\u00f3 2,7% para junio, las consultoras ya comenzaron a cerrar sus proyecciones para el mes de julio que, como sucede en los \u00faltimos meses, depender\u00e1 de los movimiento del tipo de cambio. Entre\u2026","rel":"","context":"En \u00abEconom\u00eda\u00bb","block_context":{"text":"Econom\u00eda","link":"https:\/\/www.24baires.com\/?cat=45"},"img":{"alt_text":"","src":"https:\/\/i0.wp.com\/www.24baires.com\/wp-content\/uploads\/2018\/08\/supermercado.jpg?resize=350%2C200","width":350,"height":200,"srcset":"https:\/\/i0.wp.com\/www.24baires.com\/wp-content\/uploads\/2018\/08\/supermercado.jpg?resize=350%2C200 1x, https:\/\/i0.wp.com\/www.24baires.com\/wp-content\/uploads\/2018\/08\/supermercado.jpg?resize=525%2C300 1.5x"},"classes":[]},{"id":121107,"url":"https:\/\/www.24baires.com\/?p=121107","url_meta":{"origin":114040,"position":3},"title":"La inflaci\u00f3n se ubic\u00f3 en el 13,2% en febrero","author":"GB","date":"12\/03\/2024","format":false,"excerpt":"El INDEC registr\u00f3 una inflaci\u00f3n del 13,2 % en febrero. Aunque retrocedi\u00f3 varios puntos, el n\u00famero qued\u00f3 condicionado por la fuerte recesi\u00f3n de la industria. El Instituto Nacional de Estad\u00edsticas y Censos (INDEC) dio a conocer la inflaci\u00f3n del mes de febrero que fue del 13,2%, una cifra que se\u2026","rel":"","context":"En \u00abEconom\u00eda\u00bb","block_context":{"text":"Econom\u00eda","link":"https:\/\/www.24baires.com\/?cat=45"},"img":{"alt_text":"","src":"https:\/\/i0.wp.com\/www.24baires.com\/wp-content\/uploads\/2024\/03\/super.webp?resize=350%2C200","width":350,"height":200,"srcset":"https:\/\/i0.wp.com\/www.24baires.com\/wp-content\/uploads\/2024\/03\/super.webp?resize=350%2C200 1x, https:\/\/i0.wp.com\/www.24baires.com\/wp-content\/uploads\/2024\/03\/super.webp?resize=525%2C300 1.5x, https:\/\/i0.wp.com\/www.24baires.com\/wp-content\/uploads\/2024\/03\/super.webp?resize=700%2C400 2x"},"classes":[]},{"id":122873,"url":"https:\/\/www.24baires.com\/?p=122873","url_meta":{"origin":114040,"position":4},"title":"Enero cerr\u00f3 con una inflaci\u00f3n de 2.9%","author":"GB","date":"11\/02\/2026","format":false,"excerpt":"El IPC volvi\u00f3 a subir tras el cierre de 2025, impulsado por un fuerte aumento en alimentos, que treparon 4,7% y volvieron a presionar el bolsillo. La inflaci\u00f3n volvi\u00f3 a acelerarse en el arranque de 2026: los precios al consumidor aumentaron 2,9% en enero y marcaron una suba interanual del\u2026","rel":"","context":"En \u00abEconom\u00eda\u00bb","block_context":{"text":"Econom\u00eda","link":"https:\/\/www.24baires.com\/?cat=45"},"img":{"alt_text":"","src":"https:\/\/i0.wp.com\/www.24baires.com\/wp-content\/uploads\/2024\/03\/super.webp?resize=350%2C200","width":350,"height":200,"srcset":"https:\/\/i0.wp.com\/www.24baires.com\/wp-content\/uploads\/2024\/03\/super.webp?resize=350%2C200 1x, https:\/\/i0.wp.com\/www.24baires.com\/wp-content\/uploads\/2024\/03\/super.webp?resize=525%2C300 1.5x, https:\/\/i0.wp.com\/www.24baires.com\/wp-content\/uploads\/2024\/03\/super.webp?resize=700%2C400 2x"},"classes":[]},{"id":99796,"url":"https:\/\/www.24baires.com\/?p=99796","url_meta":{"origin":114040,"position":5},"title":"La CGT calcul\u00f3 una inflaci\u00f3n del 2,7% durante diciembre","author":"AF","date":"04\/01\/2018","format":false,"excerpt":"La central obrera midi\u00f3 un nuevo salto inflacionario en el \u00faltimo mes del a\u00f1o e inform\u00f3 que la suba de precios interanual lleg\u00f3 al 27,12 por ciento. Dentro de una semana se conocer\u00e1 el \u00edndice oficial del Indec, el primero que se difundir\u00e1 tras la modificaci\u00f3n de las previsiones oficiales\u2026","rel":"","context":"En \u00abSociedad\u00bb","block_context":{"text":"Sociedad","link":"https:\/\/www.24baires.com\/?cat=1"},"img":{"alt_text":"","src":"https:\/\/i0.wp.com\/www.24baires.com\/wp-content\/uploads\/2017\/07\/fila-supermercado.jpg?resize=350%2C200","width":350,"height":200,"srcset":"https:\/\/i0.wp.com\/www.24baires.com\/wp-content\/uploads\/2017\/07\/fila-supermercado.jpg?resize=350%2C200 1x, https:\/\/i0.wp.com\/www.24baires.com\/wp-content\/uploads\/2017\/07\/fila-supermercado.jpg?resize=525%2C300 1.5x"},"classes":[]}],"jetpack_sharing_enabled":true,"jetpack_likes_enabled":true,"_links":{"self":[{"href":"https:\/\/www.24baires.com\/index.php?rest_route=\/wp\/v2\/posts\/114040","targetHints":{"allow":["GET"]}}],"collection":[{"href":"https:\/\/www.24baires.com\/index.php?rest_route=\/wp\/v2\/posts"}],"about":[{"href":"https:\/\/www.24baires.com\/index.php?rest_route=\/wp\/v2\/types\/post"}],"author":[{"embeddable":true,"href":"https:\/\/www.24baires.com\/index.php?rest_route=\/wp\/v2\/users\/4"}],"replies":[{"embeddable":true,"href":"https:\/\/www.24baires.com\/index.php?rest_route=%2Fwp%2Fv2%2Fcomments&post=114040"}],"version-history":[{"count":1,"href":"https:\/\/www.24baires.com\/index.php?rest_route=\/wp\/v2\/posts\/114040\/revisions"}],"predecessor-version":[{"id":114041,"href":"https:\/\/www.24baires.com\/index.php?rest_route=\/wp\/v2\/posts\/114040\/revisions\/114041"}],"wp:attachment":[{"href":"https:\/\/www.24baires.com\/index.php?rest_route=%2Fwp%2Fv2%2Fmedia&parent=114040"}],"wp:term":[{"taxonomy":"category","embeddable":true,"href":"https:\/\/www.24baires.com\/index.php?rest_route=%2Fwp%2Fv2%2Fcategories&post=114040"},{"taxonomy":"post_tag","embeddable":true,"href":"https:\/\/www.24baires.com\/index.php?rest_route=%2Fwp%2Fv2%2Ftags&post=114040"}],"curies":[{"name":"wp","href":"https:\/\/api.w.org\/{rel}","templated":true}]}}