{"id":114024,"date":"2020-02-05T10:23:41","date_gmt":"2020-02-05T13:23:41","guid":{"rendered":"http:\/\/www.24baires.com\/?p=114024"},"modified":"2020-02-05T10:23:41","modified_gmt":"2020-02-05T13:23:41","slug":"kicillof-prepara-el-lanzamiento-de-arriba-pymes","status":"publish","type":"post","link":"https:\/\/www.24baires.com\/?p=114024","title":{"rendered":"Kicillof prepara el lanzamiento de \u201cArriBA Pymes\u201d"},"content":{"rendered":"<p><img data-recalc-dims=\"1\" loading=\"lazy\" decoding=\"async\" src=\"https:\/\/i0.wp.com\/www.24baires.com\/wp-content\/uploads\/2019\/11\/kicillof.jpg?resize=560%2C317\" alt=\"\" width=\"560\" height=\"317\" class=\"aligncenter size-full wp-image-112994\" srcset=\"https:\/\/i0.wp.com\/www.24baires.com\/wp-content\/uploads\/2019\/11\/kicillof.jpg?w=560&amp;ssl=1 560w, https:\/\/i0.wp.com\/www.24baires.com\/wp-content\/uploads\/2019\/11\/kicillof.jpg?resize=300%2C170&amp;ssl=1 300w\" sizes=\"auto, (max-width: 560px) 100vw, 560px\" \/>El gobernador bonaerense busca darle impulso a uno de los sectores m\u00e1s castigados durante el macrismo.<br \/>\n<!--more--><\/p>\n<p>El titular de la administraci\u00f3n provincial, Axel Kicillof,  presentar\u00e1, a las 15 horas, el programa ArriBA Pymes\u201d. La iniciativa apunta a recuperar la actividad productiva de las peque\u00f1as y medianas empresas.<\/p>\n<p>El acto de lanzamiento tendr\u00e1 lugar en el Club Hurac\u00e1n de San Justo, partido de La Matanza.  Se espera la presencia de intendentes bonaerenses, como tambi\u00e9n de funcionarios de la \u00f3rbita.<\/p>\n<p>Con el Programa Integral de Reactivaci\u00f3n Productiva, el gobernador estar\u00e1 respondiendo a una de sus promesas de campa\u00f1a. Recordemos que en 2019, Kicillof fue muy cr\u00edtica con el macrismo por la realidad que presentaba el sector pyme.<\/p>\n<p>Es por eso, que con el lanzamiento de este programa el gobernador buscar\u00e1 darle impulso a uno de los sectores m\u00e1s castigados, durante los \u00faltimos cuatro a\u00f1os.<\/p>\n","protected":false},"excerpt":{"rendered":"<p>El gobernador bonaerense busca darle impulso a uno de los sectores m\u00e1s castigados durante el macrismo.<\/p>\n","protected":false},"author":8,"featured_media":0,"comment_status":"open","ping_status":"open","sticky":false,"template":"","format":"standard","meta":{"_jetpack_newsletter_access":"","_jetpack_dont_email_post_to_subs":false,"_jetpack_newsletter_tier_id":0,"_jetpack_memberships_contains_paywalled_content":false,"_jetpack_memberships_contains_paid_content":false,"footnotes":""},"categories":[40],"tags":[],"class_list":["post-114024","post","type-post","status-publish","format-standard","hentry","category-provincia"],"jetpack_shortlink":"https:\/\/wp.me\/p2JWE0-tF6","jetpack-related-posts":[{"id":113904,"url":"https:\/\/www.24baires.com\/?p=113904","url_meta":{"origin":114024,"position":0},"title":"BAPRO lanz\u00f3 pr\u00e9stamos blandos para las pymes","author":"AF","date":"23\/01\/2020","format":false,"excerpt":"\u201cEl Banco cambi\u00f3 sus prioridades, por eso ahora los recursos van a ir a los que producen y generan empleo\u201d, sostuvo el presidente del Banco Provincia. En sinton\u00eda con ARBA, que anunci\u00f3 el lanzamiento de una moratoria para las pymes ante las abultadas deudas que registran, el Banco provincia present\u00f3\u2026","rel":"","context":"En \u00abProvincia\u00bb","block_context":{"text":"Provincia","link":"https:\/\/www.24baires.com\/?cat=40"},"img":{"alt_text":"","src":"https:\/\/i0.wp.com\/www.24baires.com\/wp-content\/uploads\/2017\/03\/bapro.jpg?resize=350%2C200","width":350,"height":200,"srcset":"https:\/\/i0.wp.com\/www.24baires.com\/wp-content\/uploads\/2017\/03\/bapro.jpg?resize=350%2C200 1x, https:\/\/i0.wp.com\/www.24baires.com\/wp-content\/uploads\/2017\/03\/bapro.jpg?resize=525%2C300 1.5x"},"classes":[]},{"id":114260,"url":"https:\/\/www.24baires.com\/?p=114260","url_meta":{"origin":114024,"position":1},"title":"ARBA puso en marcha el plan de pago para las Pymes bonaerenses","author":"GB","date":"02\/03\/2020","format":false,"excerpt":"La moratoria forma parte del programa \"ArriBA Pymes\" que present\u00f3 el gobernador Axel Kicilof para aliviar a las empresas bonaerenses La Agencia de Recaudaci\u00f3n de la Provincia de Buenos Aires (ARBA), puso en marcha este lunes una moratorioa que beneficiar\u00e1 a casi 600 mil peque\u00f1as y medianas empresas con deudas\u2026","rel":"","context":"En \u00abProvincia\u00bb","block_context":{"text":"Provincia","link":"https:\/\/www.24baires.com\/?cat=40"},"img":{"alt_text":"","src":"https:\/\/i0.wp.com\/www.24baires.com\/wp-content\/uploads\/2020\/03\/pymes-kici.jpg?resize=350%2C200","width":350,"height":200,"srcset":"https:\/\/i0.wp.com\/www.24baires.com\/wp-content\/uploads\/2020\/03\/pymes-kici.jpg?resize=350%2C200 1x, https:\/\/i0.wp.com\/www.24baires.com\/wp-content\/uploads\/2020\/03\/pymes-kici.jpg?resize=525%2C300 1.5x"},"classes":[]},{"id":122578,"url":"https:\/\/www.24baires.com\/?p=122578","url_meta":{"origin":114024,"position":2},"title":"Kicillof lanz\u00f3 en Luj\u00e1n el programa Camino Real para potenciar el turismo bonaerense","author":"GB","date":"29\/09\/2025","format":false,"excerpt":"El Gobernador present\u00f3 la iniciativa que busca recuperar el patrimonio hist\u00f3rico y cultural de la Provincia, con apoyo de intendentes de la regi\u00f3n. El gobernador de la Provincia de Buenos Aires, Axel Kicillof, encabez\u00f3 este lunes en Luj\u00e1n la presentaci\u00f3n del programa Camino Real, una iniciativa destinada a promover el\u2026","rel":"","context":"En \u00abProvincia\u00bb","block_context":{"text":"Provincia","link":"https:\/\/www.24baires.com\/?cat=40"},"img":{"alt_text":"","src":"https:\/\/i0.wp.com\/www.24baires.com\/wp-content\/uploads\/2025\/09\/lujan-kici.jpg?resize=350%2C200","width":350,"height":200,"srcset":"https:\/\/i0.wp.com\/www.24baires.com\/wp-content\/uploads\/2025\/09\/lujan-kici.jpg?resize=350%2C200 1x, https:\/\/i0.wp.com\/www.24baires.com\/wp-content\/uploads\/2025\/09\/lujan-kici.jpg?resize=525%2C300 1.5x, https:\/\/i0.wp.com\/www.24baires.com\/wp-content\/uploads\/2025\/09\/lujan-kici.jpg?resize=700%2C400 2x"},"classes":[]},{"id":113521,"url":"https:\/\/www.24baires.com\/?p=113521","url_meta":{"origin":114024,"position":3},"title":"Kicillof consigui\u00f3 la aprobaci\u00f3n de las leyes de emergencia","author":"GB","date":"20\/12\/2019","format":false,"excerpt":"Ambas c\u00e1maras debatieron el paquete de emergencia econ\u00f3mica, social, productiva y energ\u00e9tica que envi\u00f3 el gobernador. Se tratar\u00e1 el pliego del presidente del Banco Provincia. Un una jornada clave para las aspiraciones de gobierno de Axel Kicillof en la provincia de Buenos Aires, tanto la C\u00e1mara de Diputados como de\u2026","rel":"","context":"En \u00abProvincia\u00bb","block_context":{"text":"Provincia","link":"https:\/\/www.24baires.com\/?cat=40"},"img":{"alt_text":"","src":"https:\/\/i0.wp.com\/www.24baires.com\/wp-content\/uploads\/2019\/12\/diputados-bonaerenses.jpg?resize=350%2C200","width":350,"height":200,"srcset":"https:\/\/i0.wp.com\/www.24baires.com\/wp-content\/uploads\/2019\/12\/diputados-bonaerenses.jpg?resize=350%2C200 1x, https:\/\/i0.wp.com\/www.24baires.com\/wp-content\/uploads\/2019\/12\/diputados-bonaerenses.jpg?resize=525%2C300 1.5x"},"classes":[]},{"id":115732,"url":"https:\/\/www.24baires.com\/?p=115732","url_meta":{"origin":114024,"position":4},"title":"Alberto Fern\u00e1ndez lanza nueva etapa del ATP ante las pymes","author":"GB","date":"24\/07\/2020","format":false,"excerpt":"Adem\u00e1s de los empresarios, estar\u00e1 presente el secretario general de la CGT H\u00e9ctor Daer. El presidente Alberto Fern\u00e1ndez encabezar\u00e1 este viernes la presentaci\u00f3n de una nueva etapa del programa de Asistencia de Emergencia al Trabajo y la Producci\u00f3n (ATP). El acto ser\u00e1 junto con empresarios pymes con el objetivo de\u2026","rel":"","context":"En \u00abLocales\u00bb","block_context":{"text":"Locales","link":"https:\/\/www.24baires.com\/?cat=38"},"img":{"alt_text":"","src":"https:\/\/i0.wp.com\/www.24baires.com\/wp-content\/uploads\/2020\/07\/alberto-f.jpg?resize=350%2C200","width":350,"height":200,"srcset":"https:\/\/i0.wp.com\/www.24baires.com\/wp-content\/uploads\/2020\/07\/alberto-f.jpg?resize=350%2C200 1x, https:\/\/i0.wp.com\/www.24baires.com\/wp-content\/uploads\/2020\/07\/alberto-f.jpg?resize=525%2C300 1.5x"},"classes":[]},{"id":116127,"url":"https:\/\/www.24baires.com\/?p=116127","url_meta":{"origin":114024,"position":5},"title":"Pospandemia: el plan bonaerense har\u00e1 eje en obras p\u00fablicas, cr\u00e9ditos y generaci\u00f3n de empleo","author":"AF","date":"01\/09\/2020","format":false,"excerpt":"El programa contempla, adem\u00e1s, asistencia a distintos sectores y medidas para mejorar las exportaciones. \"El planeta enfrenta hoy la recesi\u00f3n m\u00e1s grande en d\u00e9cadas por el coronavirus\", afirm\u00f3 el gobernador Axel Kicillof durante el anuncio. El gobernador bonaerense, Axel Kicillof, present\u00f3 el plan de reactivaci\u00f3n que impulsa la provincia tendr\u00e1\u2026","rel":"","context":"En \u00abProvincia\u00bb","block_context":{"text":"Provincia","link":"https:\/\/www.24baires.com\/?cat=40"},"img":{"alt_text":"","src":"https:\/\/i0.wp.com\/www.24baires.com\/wp-content\/uploads\/2020\/07\/gollan-kicillof.jpg?resize=350%2C200","width":350,"height":200,"srcset":"https:\/\/i0.wp.com\/www.24baires.com\/wp-content\/uploads\/2020\/07\/gollan-kicillof.jpg?resize=350%2C200 1x, https:\/\/i0.wp.com\/www.24baires.com\/wp-content\/uploads\/2020\/07\/gollan-kicillof.jpg?resize=525%2C300 1.5x"},"classes":[]}],"jetpack_sharing_enabled":true,"jetpack_likes_enabled":true,"jetpack_featured_media_url":"","_links":{"self":[{"href":"https:\/\/www.24baires.com\/index.php?rest_route=\/wp\/v2\/posts\/114024","targetHints":{"allow":["GET"]}}],"collection":[{"href":"https:\/\/www.24baires.com\/index.php?rest_route=\/wp\/v2\/posts"}],"about":[{"href":"https:\/\/www.24baires.com\/index.php?rest_route=\/wp\/v2\/types\/post"}],"author":[{"embeddable":true,"href":"https:\/\/www.24baires.com\/index.php?rest_route=\/wp\/v2\/users\/8"}],"replies":[{"embeddable":true,"href":"https:\/\/www.24baires.com\/index.php?rest_route=%2Fwp%2Fv2%2Fcomments&post=114024"}],"version-history":[{"count":1,"href":"https:\/\/www.24baires.com\/index.php?rest_route=\/wp\/v2\/posts\/114024\/revisions"}],"predecessor-version":[{"id":114025,"href":"https:\/\/www.24baires.com\/index.php?rest_route=\/wp\/v2\/posts\/114024\/revisions\/114025"}],"wp:attachment":[{"href":"https:\/\/www.24baires.com\/index.php?rest_route=%2Fwp%2Fv2%2Fmedia&parent=114024"}],"wp:term":[{"taxonomy":"category","embeddable":true,"href":"https:\/\/www.24baires.com\/index.php?rest_route=%2Fwp%2Fv2%2Fcategories&post=114024"},{"taxonomy":"post_tag","embeddable":true,"href":"https:\/\/www.24baires.com\/index.php?rest_route=%2Fwp%2Fv2%2Ftags&post=114024"}],"curies":[{"name":"wp","href":"https:\/\/api.w.org\/{rel}","templated":true}]}}