{"id":114022,"date":"2020-02-04T17:30:55","date_gmt":"2020-02-04T20:30:55","guid":{"rendered":"http:\/\/www.24baires.com\/?p=114022"},"modified":"2020-02-04T16:08:17","modified_gmt":"2020-02-04T19:08:17","slug":"la-recaudacion-de-afip-crecio-casi-45-durante-enero","status":"publish","type":"post","link":"https:\/\/www.24baires.com\/?p=114022","title":{"rendered":"La recaudaci\u00f3n de AFIP creci\u00f3 casi 45% durante enero"},"content":{"rendered":"<p><img data-recalc-dims=\"1\" loading=\"lazy\" decoding=\"async\" src=\"https:\/\/i0.wp.com\/www.24baires.com\/wp-content\/uploads\/2012\/12\/afip-frente.jpg?resize=560%2C335\" alt=\"\" width=\"560\" height=\"335\" class=\"aligncenter size-full wp-image-9738\" srcset=\"https:\/\/i0.wp.com\/www.24baires.com\/wp-content\/uploads\/2012\/12\/afip-frente.jpg?w=560&amp;ssl=1 560w, https:\/\/i0.wp.com\/www.24baires.com\/wp-content\/uploads\/2012\/12\/afip-frente.jpg?resize=300%2C179&amp;ssl=1 300w\" sizes=\"auto, (max-width: 560px) 100vw, 560px\" \/>Se totalizaron ingresos por $527.284,5 millones. \u00abLos ingresos tributarios contin\u00faan afectados en forma inercial por el proceso recesivo y el deterioro en los indicadores del mercado de trabajo\u00bb, destac\u00f3 el organismo recaudador.<!--more--><\/p>\n<p>La a recaudaci\u00f3n alcanz\u00f3 en enero los $527.284,5 millones que representa una variaci\u00f3n del 44,9% en relaci\u00f3n con el mismo mes del a\u00f1o pasado.<\/p>\n<p>Los ingresos tributarios contin\u00faan afectados en forma inercial por el proceso recesivo y el deterioro en los indicadores del mercado de trabajo. En ese sentido, los recursos tributarios de enero reflejan el desempe\u00f1o de la econom\u00eda al finalizar el a\u00f1o pasado debido a que una porci\u00f3n significativa de los impuestos ingresados el mes pasado corresponden a actividades desarrolladas durante diciembre de 2019.<\/p>\n<p>En efecto, m\u00e1s de la mitad de los recursos generados en enero por el Impuesto al Valor Agregado expresan operaciones realizadas el mes anterior.<\/p>\n<p>Los ingresos por ese concepto registraron en enero una variaci\u00f3n del 48,8% frente al mismo mes de 2019.<\/p>\n<p>En el caso del Sistema de Seguridad Social los recursos tambi\u00e9n reflejan lo ocurrido en diciembre.<\/p>\n<p>Los ingresos por ese concepto aumentaron en enero un 38,4% en relaci\u00f3n con el mismo mes del a\u00f1o anterior.<\/p>\n<p>La recaudaci\u00f3n del Impuesto a las Ganancias marc\u00f3 un aumento de 34,8% con relaci\u00f3n al mismo mes de 2019.<\/p>\n","protected":false},"excerpt":{"rendered":"<p>Se totalizaron ingresos por $527.284,5 millones. \u00abLos ingresos tributarios contin\u00faan afectados en forma inercial por el proceso recesivo y el deterioro en los indicadores del mercado de trabajo\u00bb, destac\u00f3 el organismo recaudador.<\/p>\n","protected":false},"author":4,"featured_media":0,"comment_status":"open","ping_status":"open","sticky":false,"template":"","format":"standard","meta":{"_jetpack_newsletter_access":"","_jetpack_dont_email_post_to_subs":false,"_jetpack_newsletter_tier_id":0,"_jetpack_memberships_contains_paywalled_content":false,"_jetpack_memberships_contains_paid_content":false,"footnotes":""},"categories":[45],"tags":[],"class_list":["post-114022","post","type-post","status-publish","format-standard","hentry","category-economia"],"jetpack_featured_media_url":"","jetpack_shortlink":"https:\/\/wp.me\/p2JWE0-tF4","jetpack-related-posts":[{"id":113673,"url":"https:\/\/www.24baires.com\/?p=113673","url_meta":{"origin":114022,"position":0},"title":"La recaudaci\u00f3n impositiva 2019 perdi\u00f3 contra la inflaci\u00f3n","author":"AF","date":"03\/01\/2020","format":false,"excerpt":"El retroceso en t\u00e9rminos reales de los ingresos tributarios al fisco fue de casi 7 puntos porcentuales. Fue consecuencia de la pol\u00edtica de ajuste del macrismo. En diciembre de 2019 la recaudaci\u00f3n tributaria alcanz\u00f3 los 492.366 millones de pesos, que representa una variaci\u00f3n del 53,9 por ciento en relaci\u00f3n al\u2026","rel":"","context":"En \u00abProvincia\u00bb","block_context":{"text":"Provincia","link":"https:\/\/www.24baires.com\/?cat=40"},"img":{"alt_text":"","src":"https:\/\/i0.wp.com\/www.24baires.com\/wp-content\/uploads\/2020\/01\/mercedes-del-pomt.jpg?resize=350%2C200","width":350,"height":200,"srcset":"https:\/\/i0.wp.com\/www.24baires.com\/wp-content\/uploads\/2020\/01\/mercedes-del-pomt.jpg?resize=350%2C200 1x, https:\/\/i0.wp.com\/www.24baires.com\/wp-content\/uploads\/2020\/01\/mercedes-del-pomt.jpg?resize=525%2C300 1.5x"},"classes":[]},{"id":108080,"url":"https:\/\/www.24baires.com\/?p=108080","url_meta":{"origin":114022,"position":1},"title":"La recaudaci\u00f3n del sistema previsional se redujo casi 20% en los \u00faltimos dos a\u00f1os","author":"AF","date":"10\/05\/2019","format":false,"excerpt":"El deterioro en las fuentes de financiamiento que acompa\u00f1a a las pol\u00edticas econ\u00f3micas del gobierno allana el terreno para la reforma previsional que busca impulsar el gobierno. La destrucci\u00f3n de empleos registrados y la ca\u00edda en el poder adquisitivo de los salarios se traducen en una contracci\u00f3n de los ingresos\u2026","rel":"","context":"En \u00abSociedad\u00bb","block_context":{"text":"Sociedad","link":"https:\/\/www.24baires.com\/?cat=1"},"img":{"alt_text":"","src":"https:\/\/i0.wp.com\/www.24baires.com\/wp-content\/uploads\/2016\/05\/MACRI-JUBILADO.jpg?resize=350%2C200","width":350,"height":200,"srcset":"https:\/\/i0.wp.com\/www.24baires.com\/wp-content\/uploads\/2016\/05\/MACRI-JUBILADO.jpg?resize=350%2C200 1x, https:\/\/i0.wp.com\/www.24baires.com\/wp-content\/uploads\/2016\/05\/MACRI-JUBILADO.jpg?resize=525%2C300 1.5x"},"classes":[]},{"id":7633,"url":"https:\/\/www.24baires.com\/?p=7633","url_meta":{"origin":114022,"position":2},"title":"Aseguran que la recaudaci\u00f3n tributaria en la Provincia creci\u00f3 un 40 por ciento","author":"Grupo Sierra","date":"02\/12\/2012","format":false,"excerpt":"Desde el Ministerio de Econom\u00eda bonaerense precisaron que la recaudaci\u00f3n alcanz\u00f3 el mes pasado los 4.550 millones de pesos. El aumento con respecto al mismo periodo del a\u00f1o anterior fue impulsado por Ingresos Brutos y los impuestos patrimoniales. La ministra de Econom\u00eda bonaerense, Silvina Batakis, anunci\u00f3 este domingo que la\u2026","rel":"","context":"En \u00abProvincia\u00bb","block_context":{"text":"Provincia","link":"https:\/\/www.24baires.com\/?cat=40"},"img":{"alt_text":"","src":"","width":0,"height":0},"classes":[]},{"id":97815,"url":"https:\/\/www.24baires.com\/?p=97815","url_meta":{"origin":114022,"position":3},"title":"Durante septiembre la recaudaci\u00f3n provincial creci\u00f3 un 42,2%","author":"AF","date":"02\/10\/2017","format":false,"excerpt":"Durante septiembre los ingresos propios de la provincia de Buenos Aires alcanzaron $19.685 millones, monto que representa una suba del 42,2% respecto de igual mes de 2016. El director de ARBA, Gast\u00f3n Fossati, resalt\u00f3 que \u201cese importante crecimiento de la recaudaci\u00f3n es consecuencia del buen desempe\u00f1o que muestran la actividad\u2026","rel":"","context":"En \u00abProvincia\u00bb","block_context":{"text":"Provincia","link":"https:\/\/www.24baires.com\/?cat=40"},"img":{"alt_text":"","src":"https:\/\/i0.wp.com\/www.24baires.com\/wp-content\/uploads\/2012\/10\/arba-decomisa-tv.jpg?resize=350%2C200","width":350,"height":200,"srcset":"https:\/\/i0.wp.com\/www.24baires.com\/wp-content\/uploads\/2012\/10\/arba-decomisa-tv.jpg?resize=350%2C200 1x, https:\/\/i0.wp.com\/www.24baires.com\/wp-content\/uploads\/2012\/10\/arba-decomisa-tv.jpg?resize=525%2C300 1.5x"},"classes":[]},{"id":103566,"url":"https:\/\/www.24baires.com\/?p=103566","url_meta":{"origin":114022,"position":4},"title":"ARBA denunci\u00f3 penalmente a 73 empresas por apropiaci\u00f3n indebida de impuestos","author":"Grupo Sierra","date":"27\/07\/2018","format":false,"excerpt":"En el \u00faltimo a\u00f1o, la Agencia de Recaudaci\u00f3n de la provincia de Buenos Aires present\u00f3 denuncias contra 73 empresas por apropiaci\u00f3n indebida de impuestos, un delito tipificado en el r\u00e9gimen penal tributario que contempla condenas de prisi\u00f3n de entre 2 y 6 a\u00f1os. Gast\u00f3n Fossati, director de ARBA, explic\u00f3 que\u2026","rel":"","context":"En \u00abProvincia\u00bb","block_context":{"text":"Provincia","link":"https:\/\/www.24baires.com\/?cat=40"},"img":{"alt_text":"","src":"https:\/\/i0.wp.com\/www.24baires.com\/wp-content\/uploads\/2018\/07\/arba-Fossati-ConteGrand.jpg?resize=350%2C200","width":350,"height":200,"srcset":"https:\/\/i0.wp.com\/www.24baires.com\/wp-content\/uploads\/2018\/07\/arba-Fossati-ConteGrand.jpg?resize=350%2C200 1x, https:\/\/i0.wp.com\/www.24baires.com\/wp-content\/uploads\/2018\/07\/arba-Fossati-ConteGrand.jpg?resize=525%2C300 1.5x"},"classes":[]},{"id":99746,"url":"https:\/\/www.24baires.com\/?p=99746","url_meta":{"origin":114022,"position":5},"title":"La recaudaci\u00f3n bonaerense super\u00f3 en m\u00e1s del 9% la meta prevista para el 2017","author":"GB","date":"03\/01\/2018","format":false,"excerpt":"Los recursos propios de la provincia de Buenos Aires alcanzaron durante el a\u00f1o 2017 un total de $217.363 millones, monto que representa una suba de 37,5% respecto de 2016. Los recursos propios de la provincia de Buenos Aires alcanzaron durante el a\u00f1o 2017 un total de $217.184 millones, monto que\u2026","rel":"","context":"En \u00abProvincia\u00bb","block_context":{"text":"Provincia","link":"https:\/\/www.24baires.com\/?cat=40"},"img":{"alt_text":"","src":"","width":0,"height":0},"classes":[]}],"jetpack_sharing_enabled":true,"jetpack_likes_enabled":true,"_links":{"self":[{"href":"https:\/\/www.24baires.com\/index.php?rest_route=\/wp\/v2\/posts\/114022","targetHints":{"allow":["GET"]}}],"collection":[{"href":"https:\/\/www.24baires.com\/index.php?rest_route=\/wp\/v2\/posts"}],"about":[{"href":"https:\/\/www.24baires.com\/index.php?rest_route=\/wp\/v2\/types\/post"}],"author":[{"embeddable":true,"href":"https:\/\/www.24baires.com\/index.php?rest_route=\/wp\/v2\/users\/4"}],"replies":[{"embeddable":true,"href":"https:\/\/www.24baires.com\/index.php?rest_route=%2Fwp%2Fv2%2Fcomments&post=114022"}],"version-history":[{"count":1,"href":"https:\/\/www.24baires.com\/index.php?rest_route=\/wp\/v2\/posts\/114022\/revisions"}],"predecessor-version":[{"id":114023,"href":"https:\/\/www.24baires.com\/index.php?rest_route=\/wp\/v2\/posts\/114022\/revisions\/114023"}],"wp:attachment":[{"href":"https:\/\/www.24baires.com\/index.php?rest_route=%2Fwp%2Fv2%2Fmedia&parent=114022"}],"wp:term":[{"taxonomy":"category","embeddable":true,"href":"https:\/\/www.24baires.com\/index.php?rest_route=%2Fwp%2Fv2%2Fcategories&post=114022"},{"taxonomy":"post_tag","embeddable":true,"href":"https:\/\/www.24baires.com\/index.php?rest_route=%2Fwp%2Fv2%2Ftags&post=114022"}],"curies":[{"name":"wp","href":"https:\/\/api.w.org\/{rel}","templated":true}]}}