{"id":114015,"date":"2020-02-04T10:30:18","date_gmt":"2020-02-04T13:30:18","guid":{"rendered":"http:\/\/www.24baires.com\/?p=114015"},"modified":"2020-02-04T09:29:51","modified_gmt":"2020-02-04T12:29:51","slug":"la-provincia-extendio-hasta-el-mediodia-el-plazo-para-llegar-a-un-acuerdo-con-los-acreedores","status":"publish","type":"post","link":"https:\/\/www.24baires.com\/?p=114015","title":{"rendered":"La Provincia extendi\u00f3 hasta el mediod\u00eda el plazo para llegar a un acuerdo con los acreedores"},"content":{"rendered":"<p><img data-recalc-dims=\"1\" loading=\"lazy\" decoding=\"async\" src=\"https:\/\/i0.wp.com\/www.24baires.com\/wp-content\/uploads\/2019\/11\/kicillof.jpg?resize=560%2C317\" alt=\"\" width=\"560\" height=\"317\" class=\"aligncenter size-full wp-image-112994\" srcset=\"https:\/\/i0.wp.com\/www.24baires.com\/wp-content\/uploads\/2019\/11\/kicillof.jpg?w=560&amp;ssl=1 560w, https:\/\/i0.wp.com\/www.24baires.com\/wp-content\/uploads\/2019\/11\/kicillof.jpg?resize=300%2C170&amp;ssl=1 300w\" sizes=\"auto, (max-width: 560px) 100vw, 560px\" \/>El Gobierno bonaerense estir\u00f3 hasta las 12 de este martes el tiempo para que los tenedores brinden se\u00f1ales sobre la propuesta elaborada.<!--more--><\/p>\n<p>En el marco de un total hermetismo por parte del gobierno de Axel Kicillof, el Ministerio de Hacienda y Finanzas extendi\u00f3 hasta las 12 del mediod\u00eda de hoy el plazo para que los bonistas con vencimiento 2021 otorguen consentimiento a diferir el pago al 1 de mayo.<\/p>\n<p>A trav\u00e9s de un comunicado, se\u00f1al\u00f3 que \u201cla provincia de Buenos Aires anuncia a los tenedores de sus bonos USD 750M 10.875% con vencimiento en 2021 que se extiende el plazo hasta las doce del mediod\u00eda (horario de Argentina) del martes 4 de febrero para otorgar su consentimiento a diferir el vencimiento del pago de capital desde el 26\/01 hasta el 1\/5 de 2020&#8243;.<\/p>\n<p>Asimismo, indicaron que ayer \u00abla provincia de Buenos Aires, en virtud de la adhesi\u00f3n de un gran n\u00famero de bonistas y de intercambios mantenidos con fondos institucionales que a\u00fan no han prestado su consentimiento, pero mostraron buena voluntad y entendimiento por la situaci\u00f3n provincial, modific\u00f3 la propuesta e incluy\u00f3 en esta instancia el pago del 30% del vencimiento de capital involucrado cuya postergaci\u00f3n se busca obtener\u00bb.<\/p>\n<p>De aceptar el 75% del capital en circulaci\u00f3n de esos bonos, se pagar\u00e1 el 30% del capital que venc\u00eda el 26 de enero \u2013 aproximadamente U$S 75 millones- y dentro de los 5 d\u00edas h\u00e1biles de efectivizada la enmienda, los intereses que devengue el capital postergado al 1 de mayo \u2013aproximadamente U$S 5 millones-, postergando hasta el 1 de mayo el pago del restante 70% de capital originalmente con vencimiento el 26 de enero de 2020.<\/p>\n<p>El lunes arranc\u00f3 con se\u00f1ales positivas para Kicillof cuando un grupo importante de bonistas anunci\u00f3 sus intenciones de llegar a un acuerdo sobre el reperfilamiento. Sin embargo, el panorama se nubl\u00f3 horas m\u00e1s tarde al conocerse que Fidelity, un fondo de pensi\u00f3n de Estados Unidos con peso en la negociaci\u00f3n, se neg\u00f3 a avanzar en la propuesta.<\/p>\n<p>Ante el escenario adverso, el mandatario provincial lanz\u00f3 un comunicado destac\u00f3 las intenciones del \u201cgrupo m\u00e1s importante de bonistas organizados\u201d, pero en tono a los que se negaron admiti\u00f3 que hab\u00eda \u201calgunos fondos que tienen posiciones complicadas\u201d.<\/p>\n<p>Tal como adelant\u00f3 INFOCIELO, si la respuesta no es positiva, la nueva \u201cdeadline\u201d queda fijada para el 5 de febrero. Ah\u00ed, las opciones ser\u00e1n \u00fanicamente dos: que la Provincia pague o que sea declarada en default.<\/p>\n","protected":false},"excerpt":{"rendered":"<p>El Gobierno bonaerense estir\u00f3 hasta las 12 de este martes el tiempo para que los tenedores brinden se\u00f1ales sobre la propuesta elaborada.<\/p>\n","protected":false},"author":8,"featured_media":0,"comment_status":"open","ping_status":"open","sticky":false,"template":"","format":"standard","meta":{"_jetpack_newsletter_access":"","_jetpack_dont_email_post_to_subs":false,"_jetpack_newsletter_tier_id":0,"_jetpack_memberships_contains_paywalled_content":false,"_jetpack_memberships_contains_paid_content":false,"footnotes":""},"categories":[45,40],"tags":[],"class_list":["post-114015","post","type-post","status-publish","format-standard","hentry","category-economia","category-provincia"],"jetpack_featured_media_url":"","jetpack_shortlink":"https:\/\/wp.me\/p2JWE0-tEX","jetpack-related-posts":[{"id":113899,"url":"https:\/\/www.24baires.com\/?p=113899","url_meta":{"origin":114015,"position":0},"title":"La Provincia extiende el plazo para seguir con la negociaci\u00f3n de la deuda","author":"AF","date":"22\/01\/2020","format":false,"excerpt":"El Gobierno bonaerense no consigui\u00f3 un acuerdo con los acreedores y se tomar\u00e1 nueve d\u00edas m\u00e1s para seguir con las negociaciones. Sin acuerdo con los acreedores, el gobierno de Axel Kicillof logr\u00f3 entendi\u00f3 hasta el 31 de enero las negociaciones, en busca de ganar tiempo para que los tenedores de\u2026","rel":"","context":"En \u00abProvincia\u00bb","block_context":{"text":"Provincia","link":"https:\/\/www.24baires.com\/?cat=40"},"img":{"alt_text":"","src":"https:\/\/i0.wp.com\/www.24baires.com\/wp-content\/uploads\/2019\/08\/kicillof-1.jpg?resize=350%2C200","width":350,"height":200,"srcset":"https:\/\/i0.wp.com\/www.24baires.com\/wp-content\/uploads\/2019\/08\/kicillof-1.jpg?resize=350%2C200 1x, https:\/\/i0.wp.com\/www.24baires.com\/wp-content\/uploads\/2019\/08\/kicillof-1.jpg?resize=525%2C300 1.5x"},"classes":[]},{"id":113993,"url":"https:\/\/www.24baires.com\/?p=113993","url_meta":{"origin":114015,"position":1},"title":"Kicillof mejor\u00f3 la propuesta de reperfilamiento a los bonistas","author":"GB","date":"03\/02\/2020","format":false,"excerpt":"La Provincia ofert\u00f3 a tenedores del bono pagar el 30% del capital que venci\u00f3 el 26 de enero. El Gobierno de la provincia de Buenos Aires ofreci\u00f3 este lunes a los acreedores del bono BP21 abonar el 30% del capital que venci\u00f3 el 26 de enero y postergar el resto.\u2026","rel":"","context":"En \u00abProvincia\u00bb","block_context":{"text":"Provincia","link":"https:\/\/www.24baires.com\/?cat=40"},"img":{"alt_text":"","src":"https:\/\/i0.wp.com\/www.24baires.com\/wp-content\/uploads\/2019\/11\/kicillof.jpg?resize=350%2C200","width":350,"height":200,"srcset":"https:\/\/i0.wp.com\/www.24baires.com\/wp-content\/uploads\/2019\/11\/kicillof.jpg?resize=350%2C200 1x, https:\/\/i0.wp.com\/www.24baires.com\/wp-content\/uploads\/2019\/11\/kicillof.jpg?resize=525%2C300 1.5x"},"classes":[]},{"id":115125,"url":"https:\/\/www.24baires.com\/?p=115125","url_meta":{"origin":114015,"position":2},"title":"Provincia prorrog\u00f3 hasta el 5 de junio el plazo para el canje de deuda","author":"AF","date":"25\/05\/2020","format":false,"excerpt":"Al igual que Naci\u00f3n, el gobierno bonaerense extendi\u00f3 el plazo. La Provincia anunci\u00f3 que extendi\u00f3 hasta el pr\u00f3ximo 5 de junio el plazo para que los acreedores informen si est\u00e1n dispuestos a ingresar en el canje de deuda que lleva adelante la provincia. \"Esta nueva extensi\u00f3n responde a la continuidad\u2026","rel":"","context":"En \u00abProvincia\u00bb","block_context":{"text":"Provincia","link":"https:\/\/www.24baires.com\/?cat=40"},"img":{"alt_text":"","src":"https:\/\/i0.wp.com\/www.24baires.com\/wp-content\/uploads\/2020\/05\/kicilof.jpg?resize=350%2C200","width":350,"height":200,"srcset":"https:\/\/i0.wp.com\/www.24baires.com\/wp-content\/uploads\/2020\/05\/kicilof.jpg?resize=350%2C200 1x, https:\/\/i0.wp.com\/www.24baires.com\/wp-content\/uploads\/2020\/05\/kicilof.jpg?resize=525%2C300 1.5x"},"classes":[]},{"id":113906,"url":"https:\/\/www.24baires.com\/?p=113906","url_meta":{"origin":114015,"position":3},"title":"Costa mostr\u00f3 a la Provincia en l\u00ednea con la Naci\u00f3n respecto al tema deuda","author":"AF","date":"23\/01\/2020","format":false,"excerpt":"El ministro de Producci\u00f3n bonaerense dijo que desea \"pagar la deuda pero de una forma que no se comprometa la pol\u00edtica p\u00fablica\". El ministro de Producci\u00f3n, Ciencia e Innovaci\u00f3n Tecnol\u00f3gica de la provincia de Buenos Aires, Augusto Costa, se mostr\u00f3 hoy confiado en que la Provincia podr\u00e1 solucionar la situaci\u00f3n\u2026","rel":"","context":"En \u00abProvincia\u00bb","block_context":{"text":"Provincia","link":"https:\/\/www.24baires.com\/?cat=40"},"img":{"alt_text":"","src":"https:\/\/i0.wp.com\/www.24baires.com\/wp-content\/uploads\/2014\/08\/augusto-costa.jpg?resize=350%2C200","width":350,"height":200,"srcset":"https:\/\/i0.wp.com\/www.24baires.com\/wp-content\/uploads\/2014\/08\/augusto-costa.jpg?resize=350%2C200 1x, https:\/\/i0.wp.com\/www.24baires.com\/wp-content\/uploads\/2014\/08\/augusto-costa.jpg?resize=525%2C300 1.5x"},"classes":[]},{"id":110914,"url":"https:\/\/www.24baires.com\/?p=110914","url_meta":{"origin":114015,"position":4},"title":"El Gobierno posterg\u00f3 la suba de 22% del gas para despu\u00e9s de las elecciones","author":"GB","date":"24\/06\/2019","format":false,"excerpt":"El Gobierno nacional oficializ\u00f3 hoy el diferimiento del aumento del 22% del gas natural para que los usuarios lo paguen reci\u00e9n despu\u00e9s de las elecciones generales y de un eventual balotaje. As\u00ed lo resolvi\u00f3 la administraci\u00f3n de Mauricio Macri a trav\u00e9s de la resoluci\u00f3n 336\/2019, en la que difiri\u00f3 el\u2026","rel":"","context":"En \u00abPol\u00edtica\u00bb","block_context":{"text":"Pol\u00edtica","link":"https:\/\/www.24baires.com\/?cat=51"},"img":{"alt_text":"","src":"https:\/\/i0.wp.com\/www.24baires.com\/wp-content\/uploads\/2016\/08\/gas.jpg?resize=350%2C200","width":350,"height":200,"srcset":"https:\/\/i0.wp.com\/www.24baires.com\/wp-content\/uploads\/2016\/08\/gas.jpg?resize=350%2C200 1x, https:\/\/i0.wp.com\/www.24baires.com\/wp-content\/uploads\/2016\/08\/gas.jpg?resize=525%2C300 1.5x"},"classes":[]},{"id":115096,"url":"https:\/\/www.24baires.com\/?p=115096","url_meta":{"origin":114015,"position":5},"title":"Argentina extendi\u00f3 10 d\u00edas el plazo de negociaci\u00f3n con los acreedores","author":"AF","date":"21\/05\/2020","format":false,"excerpt":"Con las negociaciones avanzadas Argentina caer\u00e1 en un \"default temporal\" que se espera culminar\u00e1 cuando las partes alcancen un acuerdo en los pr\u00f3ximos d\u00edas. La Argentina prorrog\u00f3 otros 10 d\u00edas el plazo de negociaci\u00f3n con los acreedores y avanza hacia un default temporal que le permitir\u00e1 seguir negociando de modo\u2026","rel":"","context":"En \u00abEconom\u00eda\u00bb","block_context":{"text":"Econom\u00eda","link":"https:\/\/www.24baires.com\/?cat=45"},"img":{"alt_text":"","src":"https:\/\/i0.wp.com\/www.24baires.com\/wp-content\/uploads\/2020\/05\/guzman-1.jpg?resize=350%2C200","width":350,"height":200,"srcset":"https:\/\/i0.wp.com\/www.24baires.com\/wp-content\/uploads\/2020\/05\/guzman-1.jpg?resize=350%2C200 1x, https:\/\/i0.wp.com\/www.24baires.com\/wp-content\/uploads\/2020\/05\/guzman-1.jpg?resize=525%2C300 1.5x"},"classes":[]}],"jetpack_sharing_enabled":true,"jetpack_likes_enabled":true,"_links":{"self":[{"href":"https:\/\/www.24baires.com\/index.php?rest_route=\/wp\/v2\/posts\/114015","targetHints":{"allow":["GET"]}}],"collection":[{"href":"https:\/\/www.24baires.com\/index.php?rest_route=\/wp\/v2\/posts"}],"about":[{"href":"https:\/\/www.24baires.com\/index.php?rest_route=\/wp\/v2\/types\/post"}],"author":[{"embeddable":true,"href":"https:\/\/www.24baires.com\/index.php?rest_route=\/wp\/v2\/users\/8"}],"replies":[{"embeddable":true,"href":"https:\/\/www.24baires.com\/index.php?rest_route=%2Fwp%2Fv2%2Fcomments&post=114015"}],"version-history":[{"count":1,"href":"https:\/\/www.24baires.com\/index.php?rest_route=\/wp\/v2\/posts\/114015\/revisions"}],"predecessor-version":[{"id":114016,"href":"https:\/\/www.24baires.com\/index.php?rest_route=\/wp\/v2\/posts\/114015\/revisions\/114016"}],"wp:attachment":[{"href":"https:\/\/www.24baires.com\/index.php?rest_route=%2Fwp%2Fv2%2Fmedia&parent=114015"}],"wp:term":[{"taxonomy":"category","embeddable":true,"href":"https:\/\/www.24baires.com\/index.php?rest_route=%2Fwp%2Fv2%2Fcategories&post=114015"},{"taxonomy":"post_tag","embeddable":true,"href":"https:\/\/www.24baires.com\/index.php?rest_route=%2Fwp%2Fv2%2Ftags&post=114015"}],"curies":[{"name":"wp","href":"https:\/\/api.w.org\/{rel}","templated":true}]}}