{"id":113963,"date":"2020-01-30T10:00:35","date_gmt":"2020-01-30T13:00:35","guid":{"rendered":"http:\/\/www.24baires.com\/?p=113963"},"modified":"2020-01-30T09:13:35","modified_gmt":"2020-01-30T12:13:35","slug":"los-supermercados-chinos-se-suman-a-precios-cuidados-con-una-lista-de-200-productos","status":"publish","type":"post","link":"https:\/\/www.24baires.com\/?p=113963","title":{"rendered":"Los supermercados chinos se suman a Precios Cuidados con una lista de 200 productos"},"content":{"rendered":"<p><img data-recalc-dims=\"1\" loading=\"lazy\" decoding=\"async\" src=\"https:\/\/i0.wp.com\/www.24baires.com\/wp-content\/uploads\/2013\/12\/super-chino.jpg?resize=560%2C371\" alt=\"\" width=\"560\" height=\"371\" class=\"aligncenter size-full wp-image-37706\" srcset=\"https:\/\/i0.wp.com\/www.24baires.com\/wp-content\/uploads\/2013\/12\/super-chino.jpg?w=560&amp;ssl=1 560w, https:\/\/i0.wp.com\/www.24baires.com\/wp-content\/uploads\/2013\/12\/super-chino.jpg?resize=300%2C198&amp;ssl=1 300w\" sizes=\"auto, (max-width: 560px) 100vw, 560px\" \/>La semana pr\u00f3ximas lanzar\u00e1n la adhesi\u00f3n a la iniciativa que intenta combatir la inflaci\u00f3n.<!--more--><\/p>\n<p>El director de la C\u00e1mara de Autoservicios y Supermercados de Residentes Chinos (Casrech), Eduardo Gonz\u00e1lez, confirm\u00f3 que avanzaron en detalles para lanzar su adhesi\u00f3n al programa Precios Cuidados la semana pr\u00f3xima. La inclusi\u00f3n en la iniciativa contar\u00e1 con un listado de alrededor de 200 productos.<\/p>\n<p>En declaraciones a T\u00e9lam, Gonz\u00e1lez indic\u00f3 que \u00abhemos logrado una coordinaci\u00f3n con los mayoristas para sugerir productos, se lo compart\u00ed a la Secretar\u00eda de Comercio Interior la semana pasada; hubo un avance en cuanto a cu\u00e1les ser\u00edan los productos y los m\u00e1rgenes, porque hay que cuidar la cadena comercial\u00bb.<\/p>\n<p>En ese sentido, dijo que \u00abhay que coordinar que los precios lleguen de acuerdo a lo que se sugiere y que se respeten, estamos trabajando internamente con los mayoristas para eso\u00bb.<\/p>\n<p>De esta manera, explic\u00f3 que los supermercados chinos ofrecer\u00e1n un listado cercano a los 200 productos que est\u00e1n disponibles en alrededor de 3.000 puntos de venta en todo el pa\u00eds, principalmente concentrados en la Ciudad de Buenos Aires y Conurbano bonaerense.<\/p>\n<p>\u00abEl objetivo es que los precios sean m\u00e1s econ\u00f3micos de lo que se est\u00e1 manejando hasta ahora\u00bb, concluy\u00f3<\/p>\n","protected":false},"excerpt":{"rendered":"<p>La semana pr\u00f3ximas lanzar\u00e1n la adhesi\u00f3n a la iniciativa que intenta combatir la inflaci\u00f3n.<\/p>\n","protected":false},"author":8,"featured_media":0,"comment_status":"open","ping_status":"open","sticky":false,"template":"","format":"standard","meta":{"_jetpack_newsletter_access":"","_jetpack_dont_email_post_to_subs":false,"_jetpack_newsletter_tier_id":0,"_jetpack_memberships_contains_paywalled_content":false,"_jetpack_memberships_contains_paid_content":false,"footnotes":""},"categories":[45],"tags":[],"class_list":["post-113963","post","type-post","status-publish","format-standard","hentry","category-economia"],"jetpack_featured_media_url":"","jetpack_shortlink":"https:\/\/wp.me\/p2JWE0-tE7","jetpack-related-posts":[{"id":113769,"url":"https:\/\/www.24baires.com\/?p=113769","url_meta":{"origin":113963,"position":0},"title":"El Gobierno se re\u00fane con supermercadistas chinos para armar otra canasta de Precios Cuidados","author":"AF","date":"12\/01\/2020","format":false,"excerpt":"El objetivo es ofrecer productos de presencia regional y se lo lanzar\u00eda en las pr\u00f3ximas semanas. Tambi\u00e9n participar\u00e1n almacenes y mayoristas. Los equipos t\u00e9cnicos de la Secretar\u00eda de Comercio Interior, encabezada por Paula Espa\u00f1ol, se reunir\u00e1n este lunes con referentes de supermercados chinos, almacenes, autoservicios y proveedores mayoristas, cuando buscar\u00e1n\u2026","rel":"","context":"En \u00abSociedad\u00bb","block_context":{"text":"Sociedad","link":"https:\/\/www.24baires.com\/?cat=1"},"img":{"alt_text":"","src":"https:\/\/i0.wp.com\/www.24baires.com\/wp-content\/uploads\/2019\/04\/precios-escenciales.jpg?resize=350%2C200","width":350,"height":200,"srcset":"https:\/\/i0.wp.com\/www.24baires.com\/wp-content\/uploads\/2019\/04\/precios-escenciales.jpg?resize=350%2C200 1x, https:\/\/i0.wp.com\/www.24baires.com\/wp-content\/uploads\/2019\/04\/precios-escenciales.jpg?resize=525%2C300 1.5x"},"classes":[]},{"id":59272,"url":"https:\/\/www.24baires.com\/?p=59272","url_meta":{"origin":113963,"position":1},"title":"Durante 2015 habr\u00e1 m\u00e1s y mejores \u00abPrecios Cuidados\u00bb","author":"AF","date":"29\/12\/2014","format":false,"excerpt":"El programa implementado por el Gobierno cumplir\u00e1 en enero su primer a\u00f1o de vida y seguir\u00e1 vigente en el transcurso del pr\u00f3ximo. Los precios se actualizar\u00e1n trimestralmente en sus variantes ofrecidas en los distintos canales de comercializaci\u00f3n. El programa Precios Cuidados implementado por el Gobierno cumplir\u00e1 en enero su primer\u2026","rel":"","context":"En \u00abEconom\u00eda\u00bb","block_context":{"text":"Econom\u00eda","link":"https:\/\/www.24baires.com\/?cat=45"},"img":{"alt_text":"","src":"","width":0,"height":0},"classes":[]},{"id":44033,"url":"https:\/\/www.24baires.com\/?p=44033","url_meta":{"origin":113963,"position":2},"title":"Esperan que m\u00e1s mayoristas se sumen a los Precios Cuidados","author":"GB","date":"16\/04\/2014","format":false,"excerpt":"La Secretar\u00eda de Comercio manifest\u00f3 su confianza de ampliar el n\u00famero de supermercados mayoristas que integran el acuerdo a lo largo de este mes, para llevar a estos productos a los peque\u00f1os supermercados y almacenes. Al realizar un balance sobre la marcha del programa, el Ministerio de Econom\u00eda destac\u00f3 tambi\u00e9n\u2026","rel":"","context":"En \u00abEconom\u00eda\u00bb","block_context":{"text":"Econom\u00eda","link":"https:\/\/www.24baires.com\/?cat=45"},"img":{"alt_text":"supermercado chino","src":"https:\/\/i0.wp.com\/www.24baires.com\/wp-content\/uploads\/2014\/04\/supermercado-chino.jpg?resize=350%2C200","width":350,"height":200,"srcset":"https:\/\/i0.wp.com\/www.24baires.com\/wp-content\/uploads\/2014\/04\/supermercado-chino.jpg?resize=350%2C200 1x, https:\/\/i0.wp.com\/www.24baires.com\/wp-content\/uploads\/2014\/04\/supermercado-chino.jpg?resize=525%2C300 1.5x"},"classes":[]},{"id":59853,"url":"https:\/\/www.24baires.com\/?p=59853","url_meta":{"origin":113963,"position":3},"title":"Supermercadistas chinos apoyan la quinta etapa de \u00abPrecios Cuidados\u00bb","author":"AF","date":"10\/01\/2015","format":false,"excerpt":"La Federaci\u00f3n de Supermercados y Asociaciones Chinas (Fesach) anunci\u00f3 que acompa\u00f1ar\u00e1 la decisi\u00f3n del Gobierno Nacional, que se oficializar\u00e1 este lunes, de poner en marcha la quinta etapa del programa y consider\u00f3 que es una herramienta \u201cque sirve para tomar conciencia y no pagar de m\u00e1s\u201d.Miguel Angel Calvete, director ejecutivo\u2026","rel":"","context":"En \u00abEconom\u00eda\u00bb","block_context":{"text":"Econom\u00eda","link":"https:\/\/www.24baires.com\/?cat=45"},"img":{"alt_text":"super-chino","src":"https:\/\/i0.wp.com\/www.24baires.com\/wp-content\/uploads\/2013\/12\/super-chino.jpg?resize=350%2C200","width":350,"height":200,"srcset":"https:\/\/i0.wp.com\/www.24baires.com\/wp-content\/uploads\/2013\/12\/super-chino.jpg?resize=350%2C200 1x, https:\/\/i0.wp.com\/www.24baires.com\/wp-content\/uploads\/2013\/12\/super-chino.jpg?resize=525%2C300 1.5x"},"classes":[]},{"id":57495,"url":"https:\/\/www.24baires.com\/?p=57495","url_meta":{"origin":113963,"position":4},"title":"Precios Cuidados lanz\u00f3 una canasta navide\u00f1a que costar\u00e1 43, 50 pesos","author":"GB","date":"21\/11\/2014","format":false,"excerpt":"Fue presentada por el Secretario de Comercio Augusto Costa. Estar\u00e1 integrada por seis productos y a partir del lunes pr\u00f3ximo se ofrecer\u00e1 en las principales cadenas de supermercados. El secretario de Comercio, Augusto Costa, inform\u00f3 hoy que la canasta navide\u00f1a de productos a Precios Cuidados comenzar\u00e1 a ser ofrecida a\u2026","rel":"","context":"En \u00abEconom\u00eda\u00bb","block_context":{"text":"Econom\u00eda","link":"https:\/\/www.24baires.com\/?cat=45"},"img":{"alt_text":"navidad","src":"https:\/\/i0.wp.com\/www.24baires.com\/wp-content\/uploads\/2014\/11\/navidad.jpg?resize=350%2C200","width":350,"height":200,"srcset":"https:\/\/i0.wp.com\/www.24baires.com\/wp-content\/uploads\/2014\/11\/navidad.jpg?resize=350%2C200 1x, https:\/\/i0.wp.com\/www.24baires.com\/wp-content\/uploads\/2014\/11\/navidad.jpg?resize=525%2C300 1.5x"},"classes":[]},{"id":118727,"url":"https:\/\/www.24baires.com\/?p=118727","url_meta":{"origin":113963,"position":5},"title":"Buscan garantizar el acceso a productos b\u00e1sicos con nuevas canastas","author":"AF","date":"09\/04\/2022","format":false,"excerpt":"Adem\u00e1s, con el objetivo de garantizar el acceso a productos esenciales, la Secretar\u00eda de Comercio Interior renov\u00f3 los principales programas +Precios Cuidados y Cortes Cuidados, una nueva etapa vigente hasta el 7 de julio. La Secretar\u00eda de Comercio Interior lanz\u00f3 esta semana una nueva canasta de productos para comercios de\u2026","rel":"","context":"En \u00abEconom\u00eda\u00bb","block_context":{"text":"Econom\u00eda","link":"https:\/\/www.24baires.com\/?cat=45"},"img":{"alt_text":"","src":"https:\/\/i0.wp.com\/www.24baires.com\/wp-content\/uploads\/2022\/04\/61b8c911edf0c_900.jpg?resize=350%2C200","width":350,"height":200,"srcset":"https:\/\/i0.wp.com\/www.24baires.com\/wp-content\/uploads\/2022\/04\/61b8c911edf0c_900.jpg?resize=350%2C200 1x, https:\/\/i0.wp.com\/www.24baires.com\/wp-content\/uploads\/2022\/04\/61b8c911edf0c_900.jpg?resize=525%2C300 1.5x"},"classes":[]}],"jetpack_sharing_enabled":true,"jetpack_likes_enabled":true,"_links":{"self":[{"href":"https:\/\/www.24baires.com\/index.php?rest_route=\/wp\/v2\/posts\/113963","targetHints":{"allow":["GET"]}}],"collection":[{"href":"https:\/\/www.24baires.com\/index.php?rest_route=\/wp\/v2\/posts"}],"about":[{"href":"https:\/\/www.24baires.com\/index.php?rest_route=\/wp\/v2\/types\/post"}],"author":[{"embeddable":true,"href":"https:\/\/www.24baires.com\/index.php?rest_route=\/wp\/v2\/users\/8"}],"replies":[{"embeddable":true,"href":"https:\/\/www.24baires.com\/index.php?rest_route=%2Fwp%2Fv2%2Fcomments&post=113963"}],"version-history":[{"count":1,"href":"https:\/\/www.24baires.com\/index.php?rest_route=\/wp\/v2\/posts\/113963\/revisions"}],"predecessor-version":[{"id":113964,"href":"https:\/\/www.24baires.com\/index.php?rest_route=\/wp\/v2\/posts\/113963\/revisions\/113964"}],"wp:attachment":[{"href":"https:\/\/www.24baires.com\/index.php?rest_route=%2Fwp%2Fv2%2Fmedia&parent=113963"}],"wp:term":[{"taxonomy":"category","embeddable":true,"href":"https:\/\/www.24baires.com\/index.php?rest_route=%2Fwp%2Fv2%2Fcategories&post=113963"},{"taxonomy":"post_tag","embeddable":true,"href":"https:\/\/www.24baires.com\/index.php?rest_route=%2Fwp%2Fv2%2Ftags&post=113963"}],"curies":[{"name":"wp","href":"https:\/\/api.w.org\/{rel}","templated":true}]}}