{"id":113944,"date":"2020-01-29T11:36:40","date_gmt":"2020-01-29T14:36:40","guid":{"rendered":"http:\/\/www.24baires.com\/?p=113944"},"modified":"2020-01-29T11:36:40","modified_gmt":"2020-01-29T14:36:40","slug":"acreedores-proponen-que-provincia-haga-un-pago-parcial-del-bono","status":"publish","type":"post","link":"https:\/\/www.24baires.com\/?p=113944","title":{"rendered":"Acreedores proponen que Provincia haga un pago parcial del bono"},"content":{"rendered":"<p><img data-recalc-dims=\"1\" loading=\"lazy\" decoding=\"async\" src=\"https:\/\/i0.wp.com\/www.24baires.com\/wp-content\/uploads\/2019\/11\/kicillof.jpg?resize=560%2C317\" alt=\"\" width=\"560\" height=\"317\" class=\"aligncenter size-full wp-image-112994\" srcset=\"https:\/\/i0.wp.com\/www.24baires.com\/wp-content\/uploads\/2019\/11\/kicillof.jpg?w=560&amp;ssl=1 560w, https:\/\/i0.wp.com\/www.24baires.com\/wp-content\/uploads\/2019\/11\/kicillof.jpg?resize=300%2C170&amp;ssl=1 300w\" sizes=\"auto, (max-width: 560px) 100vw, 560px\" \/>Bonistas le presentaron al ministerio de Econom\u00eda bonaerense una alternativa para resguardar las finanzas propias y las de la \u00f3rbita provincial.<!--more--><\/p>\n<p>Un grupo de acreedores le propuso al Gobierno bonaerense que pague al menos una parte del capital del bono 2021 para evitar un default en ocho d\u00edas.<\/p>\n<p>Allegados a la negociaci\u00f3n dejaron entrever que los bonistas se comunicaron con el ministerio de Econom\u00eda que lidera Pablo L\u00f3pez para proponerle \u201cuna soluci\u00f3n lo menos costosa posible para la Provincia y para los acreedores\u201d.<\/p>\n<p>El punto ser\u00eda que la \u00f3rbita bonaerense pague una parte del capital que venci\u00f3 el 26 de este mes a fin de \u201cmantener la curva actual de los bonos\u201d y que no se derrumben los precios. Si \u00e9sto ocurriese, estiman que los fondos de inversi\u00f3n acreedores aceptar\u00edan refinanciar el resto, tal como lo pidi\u00f3 el gobernador Axel Kicillof.<\/p>\n<p>Recordemos que el mandataria les propuso a los acreedores de la Provincia que acepten un cambio en la fecha de pago hasta el 1ro de mayo, pero necesita que el 75% acepte antes de este viernes a las 13.<br \/>\nCaso contrario, el 6 de febrero el territorio bonaerense caer\u00eda en default y los bonistas podr\u00edan reunirse en una asamblea y comenzar el proceso de aceleraci\u00f3n de todos los bonos de la Provincia.<\/p>\n<p>Al momento, los acreedores se muestran predispuestos al di\u00e1logo, dado que si la Provincia cae en default ellos tambi\u00e9n se ver\u00edan afectados. En tanto, analizan diversas alternativas, una de ellas apunta a la asistencia del Gobierno nacional.<\/p>\n<p>Es decir, como el Gobierno provincial no tiene fondos ni para pagar una parte del vencimiento, los acreedores insisten en que la administraci\u00f3n de Alberto Fer\u00e1ndez deber\u00eda auxiliar.<\/p>\n<p>Esta idea lleg\u00f3 a o\u00eddos de la cartera que conduce Mart\u00edn Guzm\u00e1n y no tuvo una buena recepaci\u00f3n, dado que dej\u00f3 entrever que todav\u00eda no tiene un plan concreto para renegociar la deuda.<\/p>\n<p>En ese marco, los acreedores temen que el Gobierno presente una propuesta muy agresiva, abra una venta importante de t\u00edtulos p\u00fablicos y, por lo tanto, genere mayor presi\u00f3n sobre el d\u00f3lar no oficial y sobre los precios internos.<\/p>\n<p>\u201cSer\u00eda preocupante que el Gobierno empiece a generar tensi\u00f3n con los mercados y a confundir buena fe con ingenuidad. Los inversores tienen paciencia, pero quieren ver alg\u00fan avance, porque la sensaci\u00f3n predominante es que quieren proponer una oferta agresiva\u201d, solt\u00f3 otra fuente del sistema financiero.<\/p>\n<p>Vale destacar que estos an\u00e1lisis de dan mientras que el ministro de Econom\u00eda se encuentra en Nueva York  negociando la deuda con las autoridades del Fondo Monetario Internacional (FMI), a partir de la propuesta argentina que apunta a aplazar los pagos del programa vigente.<\/p>\n<p>Recordemos que la renegociaci\u00f3n de la deuda es el principal objetivo que posee el Gobierno nacional debido al cr\u00e9dito que tom\u00f3 el ex presidente, Mauricio Macri por la suma de US$ 57.000 millones, de los cu\u00e1les ya fueron desembolsados unos US$ 44.000 millones, y que implican vencimientos muy altos que deber\u00edan ser afrontados desde el a\u00f1o pr\u00f3ximo.<\/p>\n","protected":false},"excerpt":{"rendered":"<p>Bonistas le presentaron al ministerio de Econom\u00eda bonaerense una alternativa para resguardar las finanzas propias y las de la \u00f3rbita provincial.<\/p>\n","protected":false},"author":8,"featured_media":0,"comment_status":"open","ping_status":"open","sticky":false,"template":"","format":"standard","meta":{"_jetpack_newsletter_access":"","_jetpack_dont_email_post_to_subs":false,"_jetpack_newsletter_tier_id":0,"_jetpack_memberships_contains_paywalled_content":false,"_jetpack_memberships_contains_paid_content":false,"footnotes":""},"categories":[45,40],"tags":[],"class_list":["post-113944","post","type-post","status-publish","format-standard","hentry","category-economia","category-provincia"],"jetpack_featured_media_url":"","jetpack_shortlink":"https:\/\/wp.me\/p2JWE0-tDO","jetpack-related-posts":[{"id":113899,"url":"https:\/\/www.24baires.com\/?p=113899","url_meta":{"origin":113944,"position":0},"title":"La Provincia extiende el plazo para seguir con la negociaci\u00f3n de la deuda","author":"AF","date":"22\/01\/2020","format":false,"excerpt":"El Gobierno bonaerense no consigui\u00f3 un acuerdo con los acreedores y se tomar\u00e1 nueve d\u00edas m\u00e1s para seguir con las negociaciones. Sin acuerdo con los acreedores, el gobierno de Axel Kicillof logr\u00f3 entendi\u00f3 hasta el 31 de enero las negociaciones, en busca de ganar tiempo para que los tenedores de\u2026","rel":"","context":"En \u00abProvincia\u00bb","block_context":{"text":"Provincia","link":"https:\/\/www.24baires.com\/?cat=40"},"img":{"alt_text":"","src":"https:\/\/i0.wp.com\/www.24baires.com\/wp-content\/uploads\/2019\/08\/kicillof-1.jpg?resize=350%2C200","width":350,"height":200,"srcset":"https:\/\/i0.wp.com\/www.24baires.com\/wp-content\/uploads\/2019\/08\/kicillof-1.jpg?resize=350%2C200 1x, https:\/\/i0.wp.com\/www.24baires.com\/wp-content\/uploads\/2019\/08\/kicillof-1.jpg?resize=525%2C300 1.5x"},"classes":[]},{"id":113993,"url":"https:\/\/www.24baires.com\/?p=113993","url_meta":{"origin":113944,"position":1},"title":"Kicillof mejor\u00f3 la propuesta de reperfilamiento a los bonistas","author":"GB","date":"03\/02\/2020","format":false,"excerpt":"La Provincia ofert\u00f3 a tenedores del bono pagar el 30% del capital que venci\u00f3 el 26 de enero. El Gobierno de la provincia de Buenos Aires ofreci\u00f3 este lunes a los acreedores del bono BP21 abonar el 30% del capital que venci\u00f3 el 26 de enero y postergar el resto.\u2026","rel":"","context":"En \u00abProvincia\u00bb","block_context":{"text":"Provincia","link":"https:\/\/www.24baires.com\/?cat=40"},"img":{"alt_text":"","src":"https:\/\/i0.wp.com\/www.24baires.com\/wp-content\/uploads\/2019\/11\/kicillof.jpg?resize=350%2C200","width":350,"height":200,"srcset":"https:\/\/i0.wp.com\/www.24baires.com\/wp-content\/uploads\/2019\/11\/kicillof.jpg?resize=350%2C200 1x, https:\/\/i0.wp.com\/www.24baires.com\/wp-content\/uploads\/2019\/11\/kicillof.jpg?resize=525%2C300 1.5x"},"classes":[]},{"id":114015,"url":"https:\/\/www.24baires.com\/?p=114015","url_meta":{"origin":113944,"position":2},"title":"La Provincia extendi\u00f3 hasta el mediod\u00eda el plazo para llegar a un acuerdo con los acreedores","author":"GB","date":"04\/02\/2020","format":false,"excerpt":"El Gobierno bonaerense estir\u00f3 hasta las 12 de este martes el tiempo para que los tenedores brinden se\u00f1ales sobre la propuesta elaborada. En el marco de un total hermetismo por parte del gobierno de Axel Kicillof, el Ministerio de Hacienda y Finanzas extendi\u00f3 hasta las 12 del mediod\u00eda de hoy\u2026","rel":"","context":"En \u00abEconom\u00eda\u00bb","block_context":{"text":"Econom\u00eda","link":"https:\/\/www.24baires.com\/?cat=45"},"img":{"alt_text":"","src":"https:\/\/i0.wp.com\/www.24baires.com\/wp-content\/uploads\/2019\/11\/kicillof.jpg?resize=350%2C200","width":350,"height":200,"srcset":"https:\/\/i0.wp.com\/www.24baires.com\/wp-content\/uploads\/2019\/11\/kicillof.jpg?resize=350%2C200 1x, https:\/\/i0.wp.com\/www.24baires.com\/wp-content\/uploads\/2019\/11\/kicillof.jpg?resize=525%2C300 1.5x"},"classes":[]},{"id":115835,"url":"https:\/\/www.24baires.com\/?p=115835","url_meta":{"origin":113944,"position":3},"title":"El Gobierno anunci\u00f3 un acuerdo con bonistas","author":"GB","date":"04\/08\/2020","format":false,"excerpt":"El desenlace lleg\u00f3 tras una ardua negociaci\u00f3n llevada a cabo por el Ministerio de Econom\u00eda Mart\u00edn Guzm\u00e1n. El Gobierno nacional anunci\u00f3 este martes por la ma\u00f1ana que finalmente lleg\u00f3 a un acuerdo con los bonistas en el marco de la renegociaci\u00f3n de la deuda bajo legislaci\u00f3n extranjera. El acercamiento se\u2026","rel":"","context":"En \u00abEconom\u00eda\u00bb","block_context":{"text":"Econom\u00eda","link":"https:\/\/www.24baires.com\/?cat=45"},"img":{"alt_text":"","src":"https:\/\/i0.wp.com\/www.24baires.com\/wp-content\/uploads\/2020\/08\/alberto-guzman.jpg?resize=350%2C200","width":350,"height":200,"srcset":"https:\/\/i0.wp.com\/www.24baires.com\/wp-content\/uploads\/2020\/08\/alberto-guzman.jpg?resize=350%2C200 1x, https:\/\/i0.wp.com\/www.24baires.com\/wp-content\/uploads\/2020\/08\/alberto-guzman.jpg?resize=525%2C300 1.5x"},"classes":[]},{"id":115096,"url":"https:\/\/www.24baires.com\/?p=115096","url_meta":{"origin":113944,"position":4},"title":"Argentina extendi\u00f3 10 d\u00edas el plazo de negociaci\u00f3n con los acreedores","author":"AF","date":"21\/05\/2020","format":false,"excerpt":"Con las negociaciones avanzadas Argentina caer\u00e1 en un \"default temporal\" que se espera culminar\u00e1 cuando las partes alcancen un acuerdo en los pr\u00f3ximos d\u00edas. La Argentina prorrog\u00f3 otros 10 d\u00edas el plazo de negociaci\u00f3n con los acreedores y avanza hacia un default temporal que le permitir\u00e1 seguir negociando de modo\u2026","rel":"","context":"En \u00abEconom\u00eda\u00bb","block_context":{"text":"Econom\u00eda","link":"https:\/\/www.24baires.com\/?cat=45"},"img":{"alt_text":"","src":"https:\/\/i0.wp.com\/www.24baires.com\/wp-content\/uploads\/2020\/05\/guzman-1.jpg?resize=350%2C200","width":350,"height":200,"srcset":"https:\/\/i0.wp.com\/www.24baires.com\/wp-content\/uploads\/2020\/05\/guzman-1.jpg?resize=350%2C200 1x, https:\/\/i0.wp.com\/www.24baires.com\/wp-content\/uploads\/2020\/05\/guzman-1.jpg?resize=525%2C300 1.5x"},"classes":[]},{"id":115250,"url":"https:\/\/www.24baires.com\/?p=115250","url_meta":{"origin":113944,"position":5},"title":"Kicillof extiende la negociaci\u00f3n hasta el 19 de junio","author":"GB","date":"05\/06\/2020","format":false,"excerpt":"El gobernador bonaerense posterg\u00f3 por tercera vez el plazo para negociar con los bonistas. La administraci\u00f3n bonaerense, volvi\u00f3 a extender el plazo del vencimiento de la oferta de canje de la deuda p\u00fablica bajo la legislaci\u00f3n extranjera para suscribir al canje de USD7.148 millones hasta el 19 de junio. Si\u2026","rel":"","context":"En \u00abProvincia\u00bb","block_context":{"text":"Provincia","link":"https:\/\/www.24baires.com\/?cat=40"},"img":{"alt_text":"","src":"https:\/\/i0.wp.com\/www.24baires.com\/wp-content\/uploads\/2020\/04\/kicillof.jpeg?resize=350%2C200","width":350,"height":200,"srcset":"https:\/\/i0.wp.com\/www.24baires.com\/wp-content\/uploads\/2020\/04\/kicillof.jpeg?resize=350%2C200 1x, https:\/\/i0.wp.com\/www.24baires.com\/wp-content\/uploads\/2020\/04\/kicillof.jpeg?resize=525%2C300 1.5x"},"classes":[]}],"jetpack_sharing_enabled":true,"jetpack_likes_enabled":true,"_links":{"self":[{"href":"https:\/\/www.24baires.com\/index.php?rest_route=\/wp\/v2\/posts\/113944","targetHints":{"allow":["GET"]}}],"collection":[{"href":"https:\/\/www.24baires.com\/index.php?rest_route=\/wp\/v2\/posts"}],"about":[{"href":"https:\/\/www.24baires.com\/index.php?rest_route=\/wp\/v2\/types\/post"}],"author":[{"embeddable":true,"href":"https:\/\/www.24baires.com\/index.php?rest_route=\/wp\/v2\/users\/8"}],"replies":[{"embeddable":true,"href":"https:\/\/www.24baires.com\/index.php?rest_route=%2Fwp%2Fv2%2Fcomments&post=113944"}],"version-history":[{"count":1,"href":"https:\/\/www.24baires.com\/index.php?rest_route=\/wp\/v2\/posts\/113944\/revisions"}],"predecessor-version":[{"id":113945,"href":"https:\/\/www.24baires.com\/index.php?rest_route=\/wp\/v2\/posts\/113944\/revisions\/113945"}],"wp:attachment":[{"href":"https:\/\/www.24baires.com\/index.php?rest_route=%2Fwp%2Fv2%2Fmedia&parent=113944"}],"wp:term":[{"taxonomy":"category","embeddable":true,"href":"https:\/\/www.24baires.com\/index.php?rest_route=%2Fwp%2Fv2%2Fcategories&post=113944"},{"taxonomy":"post_tag","embeddable":true,"href":"https:\/\/www.24baires.com\/index.php?rest_route=%2Fwp%2Fv2%2Ftags&post=113944"}],"curies":[{"name":"wp","href":"https:\/\/api.w.org\/{rel}","templated":true}]}}