{"id":113935,"date":"2020-01-28T10:00:58","date_gmt":"2020-01-28T13:00:58","guid":{"rendered":"http:\/\/www.24baires.com\/?p=113935"},"modified":"2020-01-28T09:11:25","modified_gmt":"2020-01-28T12:11:25","slug":"guzman-se-reunira-con-autoridades-del-fmi-con-el-objetivo-de-avanzar-en-la-renegociacion-de-la-deuda","status":"publish","type":"post","link":"https:\/\/www.24baires.com\/?p=113935","title":{"rendered":"Guzm\u00e1n se reunir\u00e1 con autoridades del FMI con el objetivo de avanzar en la renegociaci\u00f3n de la deuda"},"content":{"rendered":"<p><img data-recalc-dims=\"1\" loading=\"lazy\" decoding=\"async\" src=\"https:\/\/i0.wp.com\/www.24baires.com\/wp-content\/uploads\/2020\/01\/guzman.jpg?resize=560%2C349\" alt=\"\" width=\"560\" height=\"349\" class=\"aligncenter size-full wp-image-113880\" srcset=\"https:\/\/i0.wp.com\/www.24baires.com\/wp-content\/uploads\/2020\/01\/guzman.jpg?w=560&amp;ssl=1 560w, https:\/\/i0.wp.com\/www.24baires.com\/wp-content\/uploads\/2020\/01\/guzman.jpg?resize=300%2C187&amp;ssl=1 300w\" sizes=\"auto, (max-width: 560px) 100vw, 560px\" \/>El titular de la cartera de Econom\u00eda intentar\u00e1 dar pasos adelante para lograr que los pagos de pospongan.<br \/>\n<!--more--><\/p>\n<p>El ministro de Econom\u00eda, Mart\u00edn Guzm\u00e1n, se encuentra en Nueva York y tendr\u00e1 una reuni\u00f3n con autoridades del Fondo Monetario Internacional (FMI). El encuentro tiene el objetivo para el Gobierno nacional de avanzar en las negociaciones con el organismo sobre la propuesta argentina de posponer los pagos del programa vigente.<\/p>\n<p>La reuni\u00f3n se llevar\u00e1 a cabo por la ma\u00f1ana y adem\u00e1s de Guzm\u00e1n, seg\u00fan public\u00f3 T\u00e9lam, participar\u00e1n el representante argentino ante el FMI, Sergio Chodos, la directora adjunta del departamento para el Hemisferio Occidental del Fondo, Julie Kozack, y el jefe de la misi\u00f3n del Fondo para la Argentina, Luis Cubeddu.<\/p>\n<p>La renegociaci\u00f3n de la deuda es el principal objetivo que posee el Gobierno nacional debido al cr\u00e9dito que tom\u00f3 el ex presidente, Mauricio Macri por la suma de US$ 57.000 millones, de los cu\u00e1les ya fueron desembolsados unos US$ 44.000 millones, y que implican vencimientos muy altos que deber\u00edan ser afrontados desde el a\u00f1o pr\u00f3ximo.<\/p>\n<p>El Ministro se encuentra en el pa\u00eds extranjero hace d\u00edas y el lunes mantuvo una reuni\u00f3n con medio centenar de inversores internacionales y representantes de bancos de inversi\u00f3n en la sede neoyorkina del Council of Am\u00e9ricas. A su vez, tuvo una serie de reuniones con representantes del Departamento del Tesoro de Estados Unidos.<\/p>\n<p>La reuni\u00f3n de este martes no ser\u00e1 la primera que Guzm\u00e1n mantiene con Cubeddu, quien fuera designado como el reemplazante del italiano Roberto Cardarelli como jefe de la misi\u00f3n en el pa\u00eds el pasado 25 de noviembre. Ambos, mantuvieron un encuentro junto a la directora del organismo, Kristalina Giorgieva, pocos d\u00edas antes de la asunci\u00f3n oficial del Guzm\u00e1n en su cargo, el pasado 10 de diciembre de 2020.<\/p>\n<p>En tanto, en la provincia de Buenos Aires mientras el reloj se mueve sin pausa hacia el 5 de febrero, fecha l\u00edmite que el Gobierno bonaerense les dio a los bonistas tenedores del BP21, el gobernador Axel Kicillof sali\u00f3 a dar muestras de voluntad de pago. Para eso comunic\u00f3 la propuesta de efectuar el \u201cpago total y adelantado de los intereses del per\u00edodo 27 de enero al 1 de mayo por el capital diferido\u201d.<\/p>\n<p>A su vez, el mandatario provincial critic\u00f3 a los analistas que no hacen referencia a quienes decidieron volver insostenible el peso de la deuda externa en la provincia de Buenos Aires a trav\u00e9s de una serie de tuits.<\/p>\n<p>\u201cHe le\u00eddo muchos art\u00edculos en los que se analiza la situaci\u00f3n de la deuda de la provincia de Buenos Aires pero, infelizmente, ninguno menciona a quienes la contrajeron\u201d, lanz\u00f3 y agreg\u00f3 que de esta forma \u201cel actual estado de insostenibilidad de la deuda al parecer \u00b4cay\u00f3 del cielo`.<\/p>\n","protected":false},"excerpt":{"rendered":"<p>El titular de la cartera de Econom\u00eda intentar\u00e1 dar pasos adelante para lograr que los pagos de pospongan.<\/p>\n","protected":false},"author":8,"featured_media":0,"comment_status":"open","ping_status":"open","sticky":false,"template":"","format":"standard","meta":{"_jetpack_newsletter_access":"","_jetpack_dont_email_post_to_subs":false,"_jetpack_newsletter_tier_id":0,"_jetpack_memberships_contains_paywalled_content":false,"_jetpack_memberships_contains_paid_content":false,"footnotes":""},"categories":[45],"tags":[],"class_list":["post-113935","post","type-post","status-publish","format-standard","hentry","category-economia"],"jetpack_featured_media_url":"","jetpack_shortlink":"https:\/\/wp.me\/p2JWE0-tDF","jetpack-related-posts":[{"id":114003,"url":"https:\/\/www.24baires.com\/?p=114003","url_meta":{"origin":113935,"position":0},"title":"Fern\u00e1ndez se reuni\u00f3 con Merkel, quien prometi\u00f3 ayudar con la negociaci\u00f3n de la deuda","author":"AF","date":"03\/02\/2020","format":false,"excerpt":"Merkel celebr\u00f3 \"los encuentros con el FMI\", que lleva adelante la gesti\u00f3n de Fern\u00e1ndez en busca de reperfilar la deuda. El presidente Alberto Fern\u00e1ndez comparti\u00f3 este lunes por la tarde una declaraci\u00f3n conjunta en Berl\u00edn con la canciller de Alemania, Angela Merkel, en el marco de su gira para lograr\u2026","rel":"","context":"En \u00abPol\u00edtica\u00bb","block_context":{"text":"Pol\u00edtica","link":"https:\/\/www.24baires.com\/?cat=51"},"img":{"alt_text":"","src":"https:\/\/i0.wp.com\/www.24baires.com\/wp-content\/uploads\/2020\/02\/merkel-fern%C3%A1ndez.jpg?resize=350%2C200","width":350,"height":200,"srcset":"https:\/\/i0.wp.com\/www.24baires.com\/wp-content\/uploads\/2020\/02\/merkel-fern%C3%A1ndez.jpg?resize=350%2C200 1x, https:\/\/i0.wp.com\/www.24baires.com\/wp-content\/uploads\/2020\/02\/merkel-fern%C3%A1ndez.jpg?resize=525%2C300 1.5x"},"classes":[]},{"id":116074,"url":"https:\/\/www.24baires.com\/?p=116074","url_meta":{"origin":113935,"position":1},"title":"El Presidente habl\u00f3 con la titular del FMI para iniciar la renegociaci\u00f3n de los US$44.000 millones","author":"AF","date":"26\/08\/2020","format":false,"excerpt":"Tras una \"extensa charla\" con la titular del Fondo Monetario Internacional (FMI), Kristalina Giorgieva, el Presidente afirm\u00f3 que el pa\u00eds ordenar\u00e1 sus finanzas. El presidente Alberto Fern\u00e1ndez mantuvo este mi\u00e9rcoles por la ma\u00f1ana una \"extensa charla\" con la titular del Fondo Monetario Internacional (FMI), Kristalina Giorgieva, tras lo cual anunci\u00f3\u2026","rel":"","context":"En \u00abPol\u00edtica\u00bb","block_context":{"text":"Pol\u00edtica","link":"https:\/\/www.24baires.com\/?cat=51"},"img":{"alt_text":"","src":"https:\/\/i0.wp.com\/www.24baires.com\/wp-content\/uploads\/2020\/08\/alberto-fern%C3%A1ndez.jpg?resize=350%2C200","width":350,"height":200,"srcset":"https:\/\/i0.wp.com\/www.24baires.com\/wp-content\/uploads\/2020\/08\/alberto-fern%C3%A1ndez.jpg?resize=350%2C200 1x, https:\/\/i0.wp.com\/www.24baires.com\/wp-content\/uploads\/2020\/08\/alberto-fern%C3%A1ndez.jpg?resize=525%2C300 1.5x"},"classes":[]},{"id":118417,"url":"https:\/\/www.24baires.com\/?p=118417","url_meta":{"origin":113935,"position":2},"title":"Fern\u00e1ndez: \u00abAjustar la econom\u00eda es dejar de crecer\u00bb","author":"AF","date":"05\/01\/2022","format":false,"excerpt":"El Presidente encabez\u00f3 una reuni\u00f3n con gobernadores en el Museo del Bicentenario de Casa de Gobierno, donde el ministro Mart\u00edn Guzm\u00e1n les inform\u00f3 sobre las negociaciones. El presidente Alberto Fern\u00e1ndez advirti\u00f3 que \"ajustar la econom\u00eda es dejar de crecer\" y que para el Gobierno argentino \"la palabra ajuste est\u00e1 desterrada\u2026","rel":"","context":"En \u00abPol\u00edtica\u00bb","block_context":{"text":"Pol\u00edtica","link":"https:\/\/www.24baires.com\/?cat=51"},"img":{"alt_text":"","src":"https:\/\/i0.wp.com\/www.24baires.com\/wp-content\/uploads\/2020\/08\/alberto-fern%C3%A1ndez.jpg?resize=350%2C200","width":350,"height":200,"srcset":"https:\/\/i0.wp.com\/www.24baires.com\/wp-content\/uploads\/2020\/08\/alberto-fern%C3%A1ndez.jpg?resize=350%2C200 1x, https:\/\/i0.wp.com\/www.24baires.com\/wp-content\/uploads\/2020\/08\/alberto-fern%C3%A1ndez.jpg?resize=525%2C300 1.5x"},"classes":[]},{"id":119959,"url":"https:\/\/www.24baires.com\/?p=119959","url_meta":{"origin":113935,"position":3},"title":"El FMI calcula que el impacto de la sequ\u00eda es de 9000 millones de d\u00f3lares","author":"AF","date":"29\/03\/2023","format":false,"excerpt":"En Econom\u00eda dejaron trascender que, para el Fondo Monetario Internacional, las consecuencias de la hist\u00f3rica seca es menor a lo que calcul\u00f3 la Bolsa de Rosario. Los planes para nuevo d\u00f3lar a las econom\u00edas regionales, las reservas en el Banco Central y la renegociaci\u00f3n del programa con el Fondo. El\u2026","rel":"","context":"En \u00abEconom\u00eda\u00bb","block_context":{"text":"Econom\u00eda","link":"https:\/\/www.24baires.com\/?cat=45"},"img":{"alt_text":"","src":"https:\/\/i0.wp.com\/www.24baires.com\/wp-content\/uploads\/2023\/03\/massa-fmi.jpeg?resize=350%2C200","width":350,"height":200,"srcset":"https:\/\/i0.wp.com\/www.24baires.com\/wp-content\/uploads\/2023\/03\/massa-fmi.jpeg?resize=350%2C200 1x, https:\/\/i0.wp.com\/www.24baires.com\/wp-content\/uploads\/2023\/03\/massa-fmi.jpeg?resize=525%2C300 1.5x, https:\/\/i0.wp.com\/www.24baires.com\/wp-content\/uploads\/2023\/03\/massa-fmi.jpeg?resize=700%2C400 2x"},"classes":[]},{"id":115230,"url":"https:\/\/www.24baires.com\/?p=115230","url_meta":{"origin":113935,"position":4},"title":"FMI respalda a Argentina: \u00abNadie se beneficia de un pa\u00eds que cae al precipio de la deuda\u00bb","author":"AF","date":"03\/06\/2020","format":false,"excerpt":"La titular del FMI advirti\u00f3 a los acreedores que se arriesgan a no recuperar su dinero y advirti\u00f3 que \"en ocasiones es necesario realizar una reestructuraci\u00f3n reflexiva\". La directora Gerente del Fondo Monetario Internacional (FMI), Kristalina Georgieva, volvi\u00f3 a manifestar este mi\u00e9rcoles su respaldo al proceso de reestructuraci\u00f3n que lleva\u2026","rel":"","context":"En \u00abEconom\u00eda\u00bb","block_context":{"text":"Econom\u00eda","link":"https:\/\/www.24baires.com\/?cat=45"},"img":{"alt_text":"","src":"https:\/\/i0.wp.com\/www.24baires.com\/wp-content\/uploads\/2016\/04\/fmi.jpg?resize=350%2C200","width":350,"height":200,"srcset":"https:\/\/i0.wp.com\/www.24baires.com\/wp-content\/uploads\/2016\/04\/fmi.jpg?resize=350%2C200 1x, https:\/\/i0.wp.com\/www.24baires.com\/wp-content\/uploads\/2016\/04\/fmi.jpg?resize=525%2C300 1.5x"},"classes":[]},{"id":118612,"url":"https:\/\/www.24baires.com\/?p=118612","url_meta":{"origin":113935,"position":5},"title":"Guzm\u00e1n: \u00abArgentina enfrenta una situaci\u00f3n de gran potencial desestabilizador\u00bb","author":"AF","date":"07\/03\/2022","format":false,"excerpt":"Tras encabezar cumbre clave con diputados del Frente de Todos, el ministro de Econom\u00eda asiste a la C\u00e1mara de Diputados en el inicio del tratamiento del proyecto. El ministro de Econom\u00eda, Mart\u00edn Guzm\u00e1n, dijo hoy que la Argentina \"enfrenta una situaci\u00f3n de gran potencial desestablizador por la combinaci\u00f3n de la\u2026","rel":"","context":"En \u00abPol\u00edtica\u00bb","block_context":{"text":"Pol\u00edtica","link":"https:\/\/www.24baires.com\/?cat=51"},"img":{"alt_text":"","src":"https:\/\/i0.wp.com\/www.24baires.com\/wp-content\/uploads\/2021\/11\/guzman.jpg?resize=350%2C200","width":350,"height":200,"srcset":"https:\/\/i0.wp.com\/www.24baires.com\/wp-content\/uploads\/2021\/11\/guzman.jpg?resize=350%2C200 1x, https:\/\/i0.wp.com\/www.24baires.com\/wp-content\/uploads\/2021\/11\/guzman.jpg?resize=525%2C300 1.5x"},"classes":[]}],"jetpack_sharing_enabled":true,"jetpack_likes_enabled":true,"_links":{"self":[{"href":"https:\/\/www.24baires.com\/index.php?rest_route=\/wp\/v2\/posts\/113935","targetHints":{"allow":["GET"]}}],"collection":[{"href":"https:\/\/www.24baires.com\/index.php?rest_route=\/wp\/v2\/posts"}],"about":[{"href":"https:\/\/www.24baires.com\/index.php?rest_route=\/wp\/v2\/types\/post"}],"author":[{"embeddable":true,"href":"https:\/\/www.24baires.com\/index.php?rest_route=\/wp\/v2\/users\/8"}],"replies":[{"embeddable":true,"href":"https:\/\/www.24baires.com\/index.php?rest_route=%2Fwp%2Fv2%2Fcomments&post=113935"}],"version-history":[{"count":1,"href":"https:\/\/www.24baires.com\/index.php?rest_route=\/wp\/v2\/posts\/113935\/revisions"}],"predecessor-version":[{"id":113936,"href":"https:\/\/www.24baires.com\/index.php?rest_route=\/wp\/v2\/posts\/113935\/revisions\/113936"}],"wp:attachment":[{"href":"https:\/\/www.24baires.com\/index.php?rest_route=%2Fwp%2Fv2%2Fmedia&parent=113935"}],"wp:term":[{"taxonomy":"category","embeddable":true,"href":"https:\/\/www.24baires.com\/index.php?rest_route=%2Fwp%2Fv2%2Fcategories&post=113935"},{"taxonomy":"post_tag","embeddable":true,"href":"https:\/\/www.24baires.com\/index.php?rest_route=%2Fwp%2Fv2%2Ftags&post=113935"}],"curies":[{"name":"wp","href":"https:\/\/api.w.org\/{rel}","templated":true}]}}