{"id":113929,"date":"2020-01-27T12:00:54","date_gmt":"2020-01-27T15:00:54","guid":{"rendered":"http:\/\/www.24baires.com\/?p=113929"},"modified":"2020-01-27T09:26:08","modified_gmt":"2020-01-27T12:26:08","slug":"de-no-interviene-el-gobierno-el-1-de-febrero-volveran-a-aumentar-los-combustibles","status":"publish","type":"post","link":"https:\/\/www.24baires.com\/?p=113929","title":{"rendered":"De no interviene el Gobierno, el 1 de febrero volver\u00e1n a aumentar los combustibles"},"content":{"rendered":"<p><img data-recalc-dims=\"1\" loading=\"lazy\" decoding=\"async\" src=\"https:\/\/i0.wp.com\/www.24baires.com\/wp-content\/uploads\/2019\/02\/shel-nafta.jpg?resize=560%2C315\" alt=\"\" width=\"560\" height=\"315\" class=\"aligncenter size-full wp-image-106663\" srcset=\"https:\/\/i0.wp.com\/www.24baires.com\/wp-content\/uploads\/2019\/02\/shel-nafta.jpg?w=560&amp;ssl=1 560w, https:\/\/i0.wp.com\/www.24baires.com\/wp-content\/uploads\/2019\/02\/shel-nafta.jpg?resize=300%2C169&amp;ssl=1 300w\" sizes=\"auto, (max-width: 560px) 100vw, 560px\" \/>Desde la Federaci\u00f3n de Entidades de Combustible prev\u00e9n una suba en los combustibles desde el 1 de febrero a ra\u00edz del ajuste en el coeficiente impositivo que grava las naftas y el gasoil. Como pas\u00f3 semanas atr\u00e1s, podr\u00eda intervenir Alberto Fern\u00e1ndez para que el incremento no impacte en los surtidores. Durante el 2019 hubo diez aumentos.<!--more--><\/p>\n<p>Desde la Federaci\u00f3n de Entidades de Combustibles (FEC) afirmaron que el s\u00e1bado 1 de febrero podr\u00eda aumentar el precio de los combustibles. La posible suba obedece al nuevo ajuste en el coeficiente impositivo que grava las naftas y el gasoil.<\/p>\n<p>El aumento se fundamenta en el decreto 103\/2020, que establece que el 1\u00ba de febrero habr\u00e1 una nueva actualizaci\u00f3n del impuesto a los combustibles, que debe ser ajustado seg\u00fan las variaciones del \u00cdndice de Precios al Consumidor (IPC) que suministra el INDEC.<\/p>\n<p>La medida, que deb\u00eda aplicarse a comienzos de este mes, fue pospuesta en sinton\u00eda con los postulados de la Ley N\u00b0 27.541, denominada de \u00abSolidaridad Social y Reactivaci\u00f3n Productiva en el Marco de la Emergencia P\u00fablica\u00bb.<\/p>\n","protected":false},"excerpt":{"rendered":"<p>Desde la Federaci\u00f3n de Entidades de Combustible prev\u00e9n una suba en los combustibles desde el 1 de febrero a ra\u00edz del ajuste en el coeficiente impositivo que grava las naftas y el gasoil. Como pas\u00f3 semanas atr\u00e1s, podr\u00eda intervenir Alberto Fern\u00e1ndez para que el incremento no impacte en los surtidores. Durante el 2019 hubo diez aumentos.<\/p>\n","protected":false},"author":8,"featured_media":0,"comment_status":"open","ping_status":"open","sticky":false,"template":"","format":"standard","meta":{"_jetpack_newsletter_access":"","_jetpack_dont_email_post_to_subs":false,"_jetpack_newsletter_tier_id":0,"_jetpack_memberships_contains_paywalled_content":false,"_jetpack_memberships_contains_paid_content":false,"footnotes":""},"categories":[45],"tags":[],"class_list":["post-113929","post","type-post","status-publish","format-standard","hentry","category-economia"],"jetpack_featured_media_url":"","jetpack_shortlink":"https:\/\/wp.me\/p2JWE0-tDz","jetpack-related-posts":[{"id":117110,"url":"https:\/\/www.24baires.com\/?p=117110","url_meta":{"origin":113929,"position":0},"title":"Una vez m\u00e1s aument\u00f3 el precio de los combustibles","author":"GB","date":"02\/02\/2021","format":false,"excerpt":"Se trata de un aumento del 1% para las naftas y del 1,9% para el gasoil. Por tercera vez en lo que va del 2021, las petroleras fijaron un aumento en los precios de los combustibles. La actualizaci\u00f3n fue dispuesta por el Gobierno nacional, al trasladar a los surtidores los\u2026","rel":"","context":"En \u00abConsumidores\u00bb","block_context":{"text":"Consumidores","link":"https:\/\/www.24baires.com\/?cat=78"},"img":{"alt_text":"","src":"https:\/\/i0.wp.com\/www.24baires.com\/wp-content\/uploads\/2013\/02\/surtidor-nafta.jpg?resize=350%2C200","width":350,"height":200,"srcset":"https:\/\/i0.wp.com\/www.24baires.com\/wp-content\/uploads\/2013\/02\/surtidor-nafta.jpg?resize=350%2C200 1x, https:\/\/i0.wp.com\/www.24baires.com\/wp-content\/uploads\/2013\/02\/surtidor-nafta.jpg?resize=525%2C300 1.5x"},"classes":[]},{"id":99165,"url":"https:\/\/www.24baires.com\/?p=99165","url_meta":{"origin":113929,"position":1},"title":"\u00abEl precio del combustible en Argentina es el segundo m\u00e1s caro de Latinoam\u00e9rica\u00bb","author":"GB","date":"04\/12\/2017","format":false,"excerpt":"El presidente de la Confederaci\u00f3n de Entidades del Comercio de Hidrocarburos y Afines, Carlos Gold, asegur\u00f3 que \"Desde que se liber\u00f3 el precio, el crudo no ha dejado de subir y es justamente ese el fundamento por el cual el combustible aument\u00f3\". YPF y Shell ya incrementaron el fin de\u2026","rel":"","context":"En \u00abConsumidores\u00bb","block_context":{"text":"Consumidores","link":"https:\/\/www.24baires.com\/?cat=78"},"img":{"alt_text":"","src":"https:\/\/i0.wp.com\/www.24baires.com\/wp-content\/uploads\/2013\/02\/surtidor-nafta.jpg?resize=350%2C200","width":350,"height":200,"srcset":"https:\/\/i0.wp.com\/www.24baires.com\/wp-content\/uploads\/2013\/02\/surtidor-nafta.jpg?resize=350%2C200 1x, https:\/\/i0.wp.com\/www.24baires.com\/wp-content\/uploads\/2013\/02\/surtidor-nafta.jpg?resize=525%2C300 1.5x"},"classes":[]},{"id":98250,"url":"https:\/\/www.24baires.com\/?p=98250","url_meta":{"origin":113929,"position":2},"title":"Ya rige el aumento de hasta un 12% de los combustibles en todo el pa\u00eds","author":"GB","date":"23\/10\/2017","format":false,"excerpt":"Finalmente, como se hab\u00eda adelantado, desde este lunes el incremento en naftas y gasoil de padecer\u00e1 en todo el territorio argentino. C\u00f3mo el gobierno nacional ya lo hab\u00eda adelantado, luego de la elecci\u00f3n donde triunf\u00f3 Cambiemos varias provincias, se aplicar\u00e1 el primer tarifazo de un paquete que adem\u00e1s incluye luz\u2026","rel":"","context":"En \u00abConsumidores\u00bb","block_context":{"text":"Consumidores","link":"https:\/\/www.24baires.com\/?cat=78"},"img":{"alt_text":"","src":"https:\/\/i0.wp.com\/www.24baires.com\/wp-content\/uploads\/2013\/02\/surtidor-nafta.jpg?resize=350%2C200","width":350,"height":200,"srcset":"https:\/\/i0.wp.com\/www.24baires.com\/wp-content\/uploads\/2013\/02\/surtidor-nafta.jpg?resize=350%2C200 1x, https:\/\/i0.wp.com\/www.24baires.com\/wp-content\/uploads\/2013\/02\/surtidor-nafta.jpg?resize=525%2C300 1.5x"},"classes":[]},{"id":107372,"url":"https:\/\/www.24baires.com\/?p=107372","url_meta":{"origin":113929,"position":3},"title":"El pr\u00f3ximo lunes suben las naftas y el gas","author":"GB","date":"26\/03\/2019","format":false,"excerpt":"Los aumentos se deben al traslado al precio de impuestos y al pedido de empresas. La inflaci\u00f3n y el d\u00f3lar, entre los factores de presi\u00f3n. Abril comenzar\u00e1 con nuevas alzas y, en el caso de los combustibles, con una fuerte incidencia de la evoluci\u00f3n del d\u00f3lar en lo que resta\u2026","rel":"","context":"En \u00abSociedad\u00bb","block_context":{"text":"Sociedad","link":"https:\/\/www.24baires.com\/?cat=1"},"img":{"alt_text":"","src":"https:\/\/i0.wp.com\/www.24baires.com\/wp-content\/uploads\/2019\/03\/combustible-aumenta.jpg?resize=350%2C200","width":350,"height":200,"srcset":"https:\/\/i0.wp.com\/www.24baires.com\/wp-content\/uploads\/2019\/03\/combustible-aumenta.jpg?resize=350%2C200 1x, https:\/\/i0.wp.com\/www.24baires.com\/wp-content\/uploads\/2019\/03\/combustible-aumenta.jpg?resize=525%2C300 1.5x"},"classes":[]},{"id":117069,"url":"https:\/\/www.24baires.com\/?p=117069","url_meta":{"origin":113929,"position":4},"title":"Postergan la suba en el impuesto a los combustibles","author":"GB","date":"25\/01\/2021","format":false,"excerpt":"La decisi\u00f3n responde a \"las circunstancias actuales y la necesaria estabilizaci\u00f3n de los precios\". El Gobierno posterg\u00f3 hasta el 12 de marzo pr\u00f3ximo la suba en el impuesto a los combustibles prevista para el 1 de marzo. Mediante el decreto 35\/2021, publicado hoy en el Bolet\u00edn Oficial, la administraci\u00f3n nacional\u2026","rel":"","context":"En \u00abEconom\u00eda\u00bb","block_context":{"text":"Econom\u00eda","link":"https:\/\/www.24baires.com\/?cat=45"},"img":{"alt_text":"","src":"https:\/\/i0.wp.com\/www.24baires.com\/wp-content\/uploads\/2013\/02\/surtidor-nafta.jpg?resize=350%2C200","width":350,"height":200,"srcset":"https:\/\/i0.wp.com\/www.24baires.com\/wp-content\/uploads\/2013\/02\/surtidor-nafta.jpg?resize=350%2C200 1x, https:\/\/i0.wp.com\/www.24baires.com\/wp-content\/uploads\/2013\/02\/surtidor-nafta.jpg?resize=525%2C300 1.5x"},"classes":[]},{"id":95618,"url":"https:\/\/www.24baires.com\/?p=95618","url_meta":{"origin":113929,"position":5},"title":"Aseguran que en octubre volver\u00e1 a subir el precio del combustible","author":"GB","date":"03\/07\/2017","format":false,"excerpt":"Lo confirm\u00f3 el presidente de la Federaci\u00f3n de Expendedores de Combustibles, Ra\u00fal Castellanos. Este fin de semana, la nafta aument\u00f3 un 7,2 por ciento y el gasoil un 6 por ciento. Tan solo 24 horas despu\u00e9s de que se registraran subas en el precio del combustible, el presidente de la\u2026","rel":"","context":"En \u00abEconom\u00eda\u00bb","block_context":{"text":"Econom\u00eda","link":"https:\/\/www.24baires.com\/?cat=45"},"img":{"alt_text":"","src":"https:\/\/i0.wp.com\/www.24baires.com\/wp-content\/uploads\/2013\/02\/surtidor-nafta-300x225.jpg?resize=350%2C200","width":350,"height":200},"classes":[]}],"jetpack_sharing_enabled":true,"jetpack_likes_enabled":true,"_links":{"self":[{"href":"https:\/\/www.24baires.com\/index.php?rest_route=\/wp\/v2\/posts\/113929","targetHints":{"allow":["GET"]}}],"collection":[{"href":"https:\/\/www.24baires.com\/index.php?rest_route=\/wp\/v2\/posts"}],"about":[{"href":"https:\/\/www.24baires.com\/index.php?rest_route=\/wp\/v2\/types\/post"}],"author":[{"embeddable":true,"href":"https:\/\/www.24baires.com\/index.php?rest_route=\/wp\/v2\/users\/8"}],"replies":[{"embeddable":true,"href":"https:\/\/www.24baires.com\/index.php?rest_route=%2Fwp%2Fv2%2Fcomments&post=113929"}],"version-history":[{"count":1,"href":"https:\/\/www.24baires.com\/index.php?rest_route=\/wp\/v2\/posts\/113929\/revisions"}],"predecessor-version":[{"id":113930,"href":"https:\/\/www.24baires.com\/index.php?rest_route=\/wp\/v2\/posts\/113929\/revisions\/113930"}],"wp:attachment":[{"href":"https:\/\/www.24baires.com\/index.php?rest_route=%2Fwp%2Fv2%2Fmedia&parent=113929"}],"wp:term":[{"taxonomy":"category","embeddable":true,"href":"https:\/\/www.24baires.com\/index.php?rest_route=%2Fwp%2Fv2%2Fcategories&post=113929"},{"taxonomy":"post_tag","embeddable":true,"href":"https:\/\/www.24baires.com\/index.php?rest_route=%2Fwp%2Fv2%2Ftags&post=113929"}],"curies":[{"name":"wp","href":"https:\/\/api.w.org\/{rel}","templated":true}]}}