{"id":11391,"date":"2013-01-06T18:44:47","date_gmt":"2013-01-06T21:44:47","guid":{"rendered":"http:\/\/www.24baires.com\/?p=11391"},"modified":"2013-01-06T18:44:53","modified_gmt":"2013-01-06T21:44:53","slug":"lanzan-operativo-en-la-costa-para-evitar-que-se-vulneren-los-derechos-del-nino","status":"publish","type":"post","link":"https:\/\/www.24baires.com\/?p=11391","title":{"rendered":"Lanzan operativo en la Costa para evitar que se vulneren los derechos del ni\u00f1o"},"content":{"rendered":"<p><a href=\"http:\/\/www.24baires.com\/sociedad\/11391-lanzan-operativo-en-la-costa-para-evitar-que-se-vulneren-los-derechos-del-nino\/attachment\/operadores-de-calle\/\" rel=\"attachment wp-att-11392\"><img data-recalc-dims=\"1\" loading=\"lazy\" decoding=\"async\" class=\"aligncenter size-full wp-image-11392\" alt=\"operadores de calle\" src=\"https:\/\/i0.wp.com\/www.24baires.com\/wp-content\/uploads\/2013\/01\/operadores-de-calle.jpg?resize=560%2C367\" width=\"560\" height=\"367\" srcset=\"https:\/\/i0.wp.com\/www.24baires.com\/wp-content\/uploads\/2013\/01\/operadores-de-calle.jpg?w=560&amp;ssl=1 560w, https:\/\/i0.wp.com\/www.24baires.com\/wp-content\/uploads\/2013\/01\/operadores-de-calle.jpg?resize=300%2C196&amp;ssl=1 300w\" sizes=\"auto, (max-width: 560px) 100vw, 560px\" \/><\/a>Especialistas en promoci\u00f3n y protecci\u00f3n de derechos de los ni\u00f1os y adolescentes recorren desde esta semana las calles de los principales centros tur\u00edsticos bonaerenses. El programa tambi\u00e9n cuenta con una l\u00ednea telef\u00f3nica gratuita para atender consultas y denuncias.<!--more--><\/p>\n<p>Un grupo de operadores de calle de la Secretar\u00eda de Ni\u00f1ez y Adolescencia de la provincia de Buenos Aires lleva a cabo diversas tareas en los puntos tur\u00edsticos de la Costa Atl\u00e1ntica para detectar y prevenir cualquier tipo de vulneraci\u00f3n de derechos<\/p>\n<p>El programa se implementa en el marco de los servicios al turista denominados \u201cBuenos Aires Arena\u201d, que incluye tambi\u00e9n la l\u00ednea telef\u00f3nica gratuita 102 en la que durante las 24 horas se puede alertar sobre situaciones de violencia, abuso o consumo de drogas de ni\u00f1os y adolescentes.<\/p>\n<p>El secretario de Ni\u00f1ez bonaerense, Pablo Navarro explic\u00f3 que \u201cesa l\u00ednea es atendida por profesionales y que articula en forma directa con otros organismos del gobierno, tales como los centros de salud m\u00e1s cercanos\u201d.<\/p>\n<p>\u201cAnte la denuncia por vulneraci\u00f3n de derechos, los especialistas se encargar\u00e1n de contactar a los padres de los j\u00f3venes que veranean solos y, de ser necesario, trabajar\u00e1 para garantizar los traslados de familiares hasta la costa y el regreso junto al joven a su lugar de origen\u201d, explic\u00f3.<\/p>\n<p>En Mar del Plata los operadores de calle tienen presencia en las zonas y horarios de mayor concentraci\u00f3n: la peatonal San Mart\u00edn, las plazas Mitre e Italia, la Rambla, la calles G\u00fcemes y Alem, y el Puerto.<\/p>\n<p>Tambi\u00e9n se controla el ingreso y la salida de las matin\u00e9s en la avenida Constituci\u00f3n, donde se realiza un trabajo articulado con los agentes del Registro Provincial de Bebidas Alcoh\u00f3licas (REBA), dependiente del Ministerio de Salud.<\/p>\n<p>Adem\u00e1s, se distribuye folleter\u00eda informativa sobre los derechos de los ni\u00f1os y adolescentes donde se detallan los dispositivos a los cuales acudir en caso de que se vulneren sus derechos.<\/p>\n<p>\u201cEl programa se propone que ni\u00f1as, ni\u00f1os y j\u00f3venes que eventualmente se encuentren atravesando situaciones que pongan en riesgo su integridad y sus derechos, puedan ser resguardados de forma integral\u201d, puntualizaron desde la Secretar\u00eda.<\/p>\n<p>&nbsp;<\/p>\n<p>&nbsp;<\/p>\n<p>&nbsp;<\/p>\n<p>&nbsp;<\/p>\n<p>&nbsp;<\/p>\n<p>&nbsp;<\/p>\n<p>&nbsp;<\/p>\n<p>&nbsp;<\/p>\n<p>&nbsp;<\/p>\n<p>&nbsp;<\/p>\n<p>&nbsp;<\/p>\n<p>&nbsp;<\/p>\n<p>&nbsp;<\/p>\n<p>&nbsp;<\/p>\n<p>&nbsp;<\/p>\n<p>&nbsp;<\/p>\n<p>&nbsp;<\/p>\n<p>&nbsp;<\/p>\n<p>&nbsp;<\/p>\n<p>&nbsp;<\/p>\n<p>&nbsp;<\/p>\n<p>&nbsp;<\/p>\n<p>&nbsp;<\/p>\n<p>&nbsp;<\/p>\n<p>&nbsp;<\/p>\n<p>&nbsp;<\/p>\n<p>&nbsp;<\/p>\n<p>&nbsp;<\/p>\n<p>&nbsp;<\/p>\n<p>&nbsp;<\/p>\n<p>&nbsp;<\/p>\n<p>&nbsp;<\/p>\n<p>&nbsp;<\/p>\n<p>&nbsp;<\/p>\n<p>&nbsp;<\/p>\n<p>&nbsp;<\/p>\n<p>&nbsp;<\/p>\n","protected":false},"excerpt":{"rendered":"<p>Especialistas en promoci\u00f3n y protecci\u00f3n de derechos de los ni\u00f1os y adolescentes recorren desde esta semana las calles de los principales centros tur\u00edsticos bonaerenses. El programa tambi\u00e9n cuenta con una l\u00ednea telef\u00f3nica gratuita para atender consultas y denuncias.<\/p>\n","protected":false},"author":4,"featured_media":0,"comment_status":"open","ping_status":"open","sticky":false,"template":"","format":"standard","meta":{"_jetpack_newsletter_access":"","_jetpack_dont_email_post_to_subs":false,"_jetpack_newsletter_tier_id":0,"_jetpack_memberships_contains_paywalled_content":false,"_jetpack_memberships_contains_paid_content":false,"footnotes":""},"categories":[1],"tags":[],"class_list":["post-11391","post","type-post","status-publish","format-standard","hentry","category-sociedad"],"jetpack_featured_media_url":"","jetpack_shortlink":"https:\/\/wp.me\/p2JWE0-2XJ","jetpack-related-posts":[{"id":41209,"url":"https:\/\/www.24baires.com\/?p=41209","url_meta":{"origin":11391,"position":0},"title":"El programa Operadores de Calle llega para los chicos de Monte Hermoso","author":"Grupo Sierra","date":"27\/02\/2014","format":false,"excerpt":"MONTE HERMOSO- El intendente Marcos Fern\u00e1ndez, firm\u00f3 un convenio con la directora provincial de Programas y Promoci\u00f3n Comunitaria de la Secretar\u00eda de Ni\u00f1ez y Adolescencia, Gladys Pestillo, para implementar el programa \u201cOperadores de calle\u201d en el distrito. El programa \u201cOperadores de calle\u201d propone, entre otros objetivo la prevenci\u00f3n y asistencia\u2026","rel":"","context":"En \u00abLocales\u00bb","block_context":{"text":"Locales","link":"https:\/\/www.24baires.com\/?cat=38"},"img":{"alt_text":"","src":"","width":0,"height":0},"classes":[]},{"id":11094,"url":"https:\/\/www.24baires.com\/?p=11094","url_meta":{"origin":11391,"position":1},"title":"La Provincia dispuso acciones preventivas para proteger a j\u00f3venes que veranean solos","author":"AF","date":"03\/01\/2013","format":false,"excerpt":"La Secretar\u00eda de Ni\u00f1ez y Adolescencia bonaerense, en el marco de los servicios al turista denominados \u201cBuenos Aires Arena\u201d, dispuso que grupos de operadores de calle, especialistas en la promoci\u00f3n y protecci\u00f3n de derechos, cumplan distintas tareas preventivas en distintos puntos de Mar del Plata y otros destinos tur\u00edsticos de\u2026","rel":"","context":"En \u00abSociedad\u00bb","block_context":{"text":"Sociedad","link":"https:\/\/www.24baires.com\/?cat=1"},"img":{"alt_text":"","src":"","width":0,"height":0},"classes":[]},{"id":44712,"url":"https:\/\/www.24baires.com\/?p=44712","url_meta":{"origin":11391,"position":2},"title":"Derechos del ni\u00f1o: m\u00e1s de mil llamadas fueron asistidas en la provincia","author":"Grupo Sierra","date":"25\/04\/2014","format":false,"excerpt":"La l\u00ednea telef\u00f3nica gratuita de la provincia de Buenos Aires para alertar sobre la vulneraci\u00f3n de derechos en ni\u00f1os, ni\u00f1as y adolescentes, que recibe consultas a trav\u00e9s del n\u00famero 102, resolvi\u00f3 un total de 1.091 llamadas en el curso de este a\u00f1o. El trabajo estad\u00edstico de la secretar\u00eda de la\u2026","rel":"","context":"En \u00abSociedad\u00bb","block_context":{"text":"Sociedad","link":"https:\/\/www.24baires.com\/?cat=1"},"img":{"alt_text":"deporte chicos","src":"https:\/\/i0.wp.com\/www.24baires.com\/wp-content\/uploads\/2014\/03\/deporte-chicos.jpg?resize=350%2C200","width":350,"height":200,"srcset":"https:\/\/i0.wp.com\/www.24baires.com\/wp-content\/uploads\/2014\/03\/deporte-chicos.jpg?resize=350%2C200 1x, https:\/\/i0.wp.com\/www.24baires.com\/wp-content\/uploads\/2014\/03\/deporte-chicos.jpg?resize=525%2C300 1.5x"},"classes":[]},{"id":40440,"url":"https:\/\/www.24baires.com\/?p=40440","url_meta":{"origin":11391,"position":3},"title":"Advierten sobre n\u00fameros alarmantes de violencia infantil en Buenos Aires","author":"GB","date":"14\/02\/2014","format":false,"excerpt":"La Directora del Comit\u00e9 Argentino por los derechos del ni\u00f1o, Lic. Nora Schulman, puntualiz\u00f3 que \"los n\u00fameros oficiales hay que multiplicarlos por 4\" El servicio telef\u00f3nico gratuito de la Provincia de Buenos Aires para alertar sobre la vulneraci\u00f3n de derechos en ni\u00f1os y adolescentes, que recibe llamadas a trav\u00e9s del\u2026","rel":"","context":"En \u00abProvincia\u00bb","block_context":{"text":"Provincia","link":"https:\/\/www.24baires.com\/?cat=40"},"img":{"alt_text":"","src":"","width":0,"height":0},"classes":[]},{"id":3625,"url":"https:\/\/www.24baires.com\/?p=3625","url_meta":{"origin":11391,"position":4},"title":"Se incrementaron en un 20% las denuncias por maltrato infantil al 102","author":"AF","date":"28\/10\/2012","format":false,"excerpt":"Las denuncias por maltrato infantil recibidas por el servicio telef\u00f3nico gratuito de la provincia 102 se incrementaron un 20 por ciento entre enero y septiembre de este a\u00f1o en relaci\u00f3n a igual per\u00edodo del a\u00f1o pasado. As\u00ed lo indic\u00f3 la Secretar\u00eda de Ni\u00f1ez y Adolescencia bonaerense en un comunicado y\u2026","rel":"","context":"En \u00abSociedad\u00bb","block_context":{"text":"Sociedad","link":"https:\/\/www.24baires.com\/?cat=1"},"img":{"alt_text":"","src":"","width":0,"height":0},"classes":[]},{"id":63195,"url":"https:\/\/www.24baires.com\/?p=63195","url_meta":{"origin":11391,"position":5},"title":"En la Provincia, m\u00e1s de 600 ni\u00f1os fueron separados de sus padres por \u00abnegligencia\u00bb","author":"AF","date":"16\/03\/2015","format":false,"excerpt":"Un total de 637 ni\u00f1os, ni\u00f1as y adolescentes fueron separados de sus padres en los \u00faltimos doce meses en la provincia de Buenos Aires debido a \u201cnegligencia\u201d, entendida como la falta de cuidados b\u00e1sicos. Seg\u00fan datos de la Secretar\u00eda de Ni\u00f1ez y Adolescencia bonaerense, la totalidad de casos registrados por\u2026","rel":"","context":"En \u00abSociedad\u00bb","block_context":{"text":"Sociedad","link":"https:\/\/www.24baires.com\/?cat=1"},"img":{"alt_text":"tolosa la plata ong  Iniciativa Ciudadana ropa ni\u00f1os donaci\u00f3n","src":"https:\/\/i0.wp.com\/www.24baires.com\/wp-content\/uploads\/2015\/01\/tolosa-la-plata-ong-Iniciativa-Ciudadana-ropa-ni%C3%B1os-donaci%C3%B3n.jpg?resize=350%2C200","width":350,"height":200,"srcset":"https:\/\/i0.wp.com\/www.24baires.com\/wp-content\/uploads\/2015\/01\/tolosa-la-plata-ong-Iniciativa-Ciudadana-ropa-ni%C3%B1os-donaci%C3%B3n.jpg?resize=350%2C200 1x, https:\/\/i0.wp.com\/www.24baires.com\/wp-content\/uploads\/2015\/01\/tolosa-la-plata-ong-Iniciativa-Ciudadana-ropa-ni%C3%B1os-donaci%C3%B3n.jpg?resize=525%2C300 1.5x"},"classes":[]}],"jetpack_sharing_enabled":true,"jetpack_likes_enabled":true,"_links":{"self":[{"href":"https:\/\/www.24baires.com\/index.php?rest_route=\/wp\/v2\/posts\/11391","targetHints":{"allow":["GET"]}}],"collection":[{"href":"https:\/\/www.24baires.com\/index.php?rest_route=\/wp\/v2\/posts"}],"about":[{"href":"https:\/\/www.24baires.com\/index.php?rest_route=\/wp\/v2\/types\/post"}],"author":[{"embeddable":true,"href":"https:\/\/www.24baires.com\/index.php?rest_route=\/wp\/v2\/users\/4"}],"replies":[{"embeddable":true,"href":"https:\/\/www.24baires.com\/index.php?rest_route=%2Fwp%2Fv2%2Fcomments&post=11391"}],"version-history":[{"count":3,"href":"https:\/\/www.24baires.com\/index.php?rest_route=\/wp\/v2\/posts\/11391\/revisions"}],"predecessor-version":[{"id":11398,"href":"https:\/\/www.24baires.com\/index.php?rest_route=\/wp\/v2\/posts\/11391\/revisions\/11398"}],"wp:attachment":[{"href":"https:\/\/www.24baires.com\/index.php?rest_route=%2Fwp%2Fv2%2Fmedia&parent=11391"}],"wp:term":[{"taxonomy":"category","embeddable":true,"href":"https:\/\/www.24baires.com\/index.php?rest_route=%2Fwp%2Fv2%2Fcategories&post=11391"},{"taxonomy":"post_tag","embeddable":true,"href":"https:\/\/www.24baires.com\/index.php?rest_route=%2Fwp%2Fv2%2Ftags&post=11391"}],"curies":[{"name":"wp","href":"https:\/\/api.w.org\/{rel}","templated":true}]}}