{"id":113904,"date":"2020-01-23T16:28:39","date_gmt":"2020-01-23T19:28:39","guid":{"rendered":"http:\/\/www.24baires.com\/?p=113904"},"modified":"2020-01-23T18:30:49","modified_gmt":"2020-01-23T21:30:49","slug":"bapro-lanzo-prestamos-blandos-para-las-pymes","status":"publish","type":"post","link":"https:\/\/www.24baires.com\/?p=113904","title":{"rendered":"BAPRO lanz\u00f3 pr\u00e9stamos blandos para las pymes"},"content":{"rendered":"<p><img data-recalc-dims=\"1\" loading=\"lazy\" decoding=\"async\" src=\"https:\/\/i0.wp.com\/www.24baires.com\/wp-content\/uploads\/2017\/03\/bapro.jpg?resize=560%2C336\" alt=\"\" width=\"560\" height=\"336\" class=\"aligncenter size-full wp-image-93309\" srcset=\"https:\/\/i0.wp.com\/www.24baires.com\/wp-content\/uploads\/2017\/03\/bapro.jpg?w=560&amp;ssl=1 560w, https:\/\/i0.wp.com\/www.24baires.com\/wp-content\/uploads\/2017\/03\/bapro.jpg?resize=300%2C180&amp;ssl=1 300w\" sizes=\"auto, (max-width: 560px) 100vw, 560px\" \/>\u201cEl Banco cambi\u00f3 sus prioridades, por eso ahora los recursos van a ir a los que producen y generan empleo\u201d, sostuvo el presidente del Banco Provincia.<!--more--><\/p>\n<p>En sinton\u00eda con ARBA, que anunci\u00f3 el lanzamiento de una moratoria para las pymes ante las abultadas deudas que registran, el Banco provincia present\u00f3 un programa de pr\u00e9stamos para el sector.<\/p>\n<p>Seg\u00fan se detall\u00f3 se trata de un fondo de 15.500 millones de pesos y 25 millones de d\u00f3lares, destinados para capital de trabajo, descuentos de documentos, prefinanciaci\u00f3n de exportaciones y refinanciaci\u00f3n de deudas.<\/p>\n<p>\u201cEl Banco cambi\u00f3 sus prioridades, por eso ahora los recursos van a ir a los que producen y generan empleo\u201d, sostuvo el presidente del Banco Provincia, Juan Cuattromo.<\/p>\n<p>El \u00abPrograma Reactivaci\u00f3n PyME\u00bb (RePyME) fue aprobado por el directorio del Banco, que destinar\u00e1 pr\u00e9stamos \u00abcon tasas competitivas y condiciones especiales para darle impulso a los sectores productivos\u00bb.<\/p>\n<p>Seg\u00fan se detall\u00f3 ser\u00e1n 4 l\u00edneas de cr\u00e9dito: para capital de trabajo ($5 mil millones), descuento de cheques ($10 mil millones), refinanciaci\u00f3n de deudas ($500 millones) y prefinanciaci\u00f3n de exportaciones (US$ 25 millones).<\/p>\n<p>\u201cLas PyMES son nuestra prioridad y por eso estamos poniendo al Banco Provincia al servicio de los que producen para fomentar la reconstrucci\u00f3n del sector\u201d, dijo Cuattromo y asegur\u00f3 que el gobernador Axel Kicillof \u201cest\u00e1 convencido que el Banco tiene que reorientar sus recursos hacia las PyMEs porque son las principales generadoras de empleo y crecimiento\u201d.<\/p>\n","protected":false},"excerpt":{"rendered":"<p>\u201cEl Banco cambi\u00f3 sus prioridades, por eso ahora los recursos van a ir a los que producen y generan empleo\u201d, sostuvo el presidente del Banco Provincia.<\/p>\n","protected":false},"author":4,"featured_media":0,"comment_status":"open","ping_status":"open","sticky":false,"template":"","format":"standard","meta":{"_jetpack_newsletter_access":"","_jetpack_dont_email_post_to_subs":false,"_jetpack_newsletter_tier_id":0,"_jetpack_memberships_contains_paywalled_content":false,"_jetpack_memberships_contains_paid_content":false,"footnotes":""},"categories":[40],"tags":[],"class_list":["post-113904","post","type-post","status-publish","format-standard","hentry","category-provincia"],"jetpack_shortlink":"https:\/\/wp.me\/p2JWE0-tDa","jetpack-related-posts":[{"id":112395,"url":"https:\/\/www.24baires.com\/?p=112395","url_meta":{"origin":113904,"position":0},"title":"Seg\u00fan el director del Banco Provincia, \u00abVidal es una mentirosa\u00bb","author":"AF","date":"07\/10\/2019","format":false,"excerpt":"As\u00ed lo sostuvo el director del Banco Provincia, Sebasti\u00e1n Galmarini. Agreg\u00f3 que la gobernadora \"dice que escucha a las pymes cuando en realidad usa al Banco Provincia para hacer campa\u00f1a electoral y estafar a los bonaerenses\". El director del Banco Provincia, Sebasti\u00e1n Galmarini, dijo que la gobernadora de la provincia\u2026","rel":"","context":"En \u00abProvincia\u00bb","block_context":{"text":"Provincia","link":"https:\/\/www.24baires.com\/?cat=40"},"img":{"alt_text":"","src":"https:\/\/i0.wp.com\/www.24baires.com\/wp-content\/uploads\/2019\/08\/vidal.jpg?resize=350%2C200","width":350,"height":200,"srcset":"https:\/\/i0.wp.com\/www.24baires.com\/wp-content\/uploads\/2019\/08\/vidal.jpg?resize=350%2C200 1x, https:\/\/i0.wp.com\/www.24baires.com\/wp-content\/uploads\/2019\/08\/vidal.jpg?resize=525%2C300 1.5x"},"classes":[]},{"id":2562,"url":"https:\/\/www.24baires.com\/?p=2562","url_meta":{"origin":113904,"position":1},"title":"\u201cEl cr\u00e9dito fomenta el desarrollo y el empleo\u201d asegur\u00f3 el Presidente del Bapro","author":"Grupo Sierra","date":"18\/10\/2012","format":false,"excerpt":"El presidente del Banco Provincia, Gustavo Marangoni, y el ministro de la Producci\u00f3n, Ciencia y Tecnolog\u00eda, Cristian Breitenstein, destacaron \"el impacto en el desarrollo productivo y la generaci\u00f3n de empleo que tuvo el programa Fuerza Productiva durante la gesti\u00f3n del gobernador Daniel Scioli\", que favoreci\u00f3 el acceso al cr\u00e9dito para\u2026","rel":"","context":"En \u00abEconom\u00eda\u00bb","block_context":{"text":"Econom\u00eda","link":"https:\/\/www.24baires.com\/?cat=45"},"img":{"alt_text":"","src":"","width":0,"height":0},"classes":[]},{"id":102535,"url":"https:\/\/www.24baires.com\/?p=102535","url_meta":{"origin":113904,"position":2},"title":"Vidal anuncia medidas para promover las pymes","author":"GB","date":"05\/06\/2018","format":false,"excerpt":"La gobernadora bonaerense encabezar\u00e1 un acto en la localidad de Vicente L\u00f3pez para impulsar el desarrollo de las peque\u00f1as y medianas empresas. La gobernadora de la provincia de Buenos Aires, Mar\u00eda Eugenia Vidal, anunciar\u00e1 a una serie de medidas para promover el desarrollo de las peque\u00f1as y medianas empresas, que\u2026","rel":"","context":"En \u00abProvincia\u00bb","block_context":{"text":"Provincia","link":"https:\/\/www.24baires.com\/?cat=40"},"img":{"alt_text":"","src":"https:\/\/i0.wp.com\/www.24baires.com\/wp-content\/uploads\/2018\/03\/vidal-1.jpg?resize=350%2C200","width":350,"height":200,"srcset":"https:\/\/i0.wp.com\/www.24baires.com\/wp-content\/uploads\/2018\/03\/vidal-1.jpg?resize=350%2C200 1x, https:\/\/i0.wp.com\/www.24baires.com\/wp-content\/uploads\/2018\/03\/vidal-1.jpg?resize=525%2C300 1.5x"},"classes":[]},{"id":122476,"url":"https:\/\/www.24baires.com\/?p=122476","url_meta":{"origin":113904,"position":3},"title":"Kicillof anunci\u00f3 un paquete de medidas para asistir a pymes","author":"GB","date":"22\/08\/2025","format":false,"excerpt":"El plan incluye $1 bill\u00f3n en cr\u00e9ditos del Banco Provincia, alivio fiscal de ARBA y l\u00edneas de apoyo productivo del Ministerio de Desarrollo Agrario. El gobernador de la provincia de Buenos Aires, Axel Kicillof, present\u00f3 un conjunto de medidas econ\u00f3micas y tributarias destinadas a respaldar a las pymes bonaerenses, en\u2026","rel":"","context":"En \u00abProvincia\u00bb","block_context":{"text":"Provincia","link":"https:\/\/www.24baires.com\/?cat=40"},"img":{"alt_text":"","src":"https:\/\/i0.wp.com\/www.24baires.com\/wp-content\/uploads\/2025\/05\/kici-saludo.webp?resize=350%2C200","width":350,"height":200,"srcset":"https:\/\/i0.wp.com\/www.24baires.com\/wp-content\/uploads\/2025\/05\/kici-saludo.webp?resize=350%2C200 1x, https:\/\/i0.wp.com\/www.24baires.com\/wp-content\/uploads\/2025\/05\/kici-saludo.webp?resize=525%2C300 1.5x, https:\/\/i0.wp.com\/www.24baires.com\/wp-content\/uploads\/2025\/05\/kici-saludo.webp?resize=700%2C400 2x"},"classes":[]},{"id":119297,"url":"https:\/\/www.24baires.com\/?p=119297","url_meta":{"origin":113904,"position":4},"title":"El BID libera cr\u00e9ditos por US$3000 millones","author":"AF","date":"06\/09\/2022","format":false,"excerpt":"El ministro de Econom\u00eda mantuvo un encuentro con el presidente del Banco Interamericano de Desarrollo, Mauricio Claver-Carone, en Estados Unidos y all\u00ed se acord\u00f3 el esquema crediticio. El ministro de Econom\u00eda, Sergio Massa, y el presidente del Banco Interamericano de Desarrollo (BID), Mauricio Claver-Carone, anunciaron este martes en Washington que\u2026","rel":"","context":"En \u00abPol\u00edtica\u00bb","block_context":{"text":"Pol\u00edtica","link":"https:\/\/www.24baires.com\/?cat=51"},"img":{"alt_text":"","src":"https:\/\/i0.wp.com\/www.24baires.com\/wp-content\/uploads\/2022\/09\/massa-bid.jpg?resize=350%2C200","width":350,"height":200,"srcset":"https:\/\/i0.wp.com\/www.24baires.com\/wp-content\/uploads\/2022\/09\/massa-bid.jpg?resize=350%2C200 1x, https:\/\/i0.wp.com\/www.24baires.com\/wp-content\/uploads\/2022\/09\/massa-bid.jpg?resize=525%2C300 1.5x, https:\/\/i0.wp.com\/www.24baires.com\/wp-content\/uploads\/2022\/09\/massa-bid.jpg?resize=700%2C400 2x"},"classes":[]},{"id":114665,"url":"https:\/\/www.24baires.com\/?p=114665","url_meta":{"origin":113904,"position":5},"title":"Impulsan un Fondo Solidario para pagar sueldos de peque\u00f1as pymes y monotributistas","author":"GB","date":"10\/04\/2020","format":false,"excerpt":"Senadores opositores quieren crear un Fondo de asistencia para peque\u00f1as empresas paguen compensaciones salariales. Desde el bloque de senadores de Juntos por el Cambio en provincia de Buenos Aires presentaron un proyecto para la creaci\u00f3n de un Fondo Solidario Provincial para el pago de una asignaci\u00f3n compensatoria de salarios de\u2026","rel":"","context":"En \u00abProvincia\u00bb","block_context":{"text":"Provincia","link":"https:\/\/www.24baires.com\/?cat=40"},"img":{"alt_text":"","src":"","width":0,"height":0},"classes":[]}],"jetpack_sharing_enabled":true,"jetpack_likes_enabled":true,"jetpack_featured_media_url":"","_links":{"self":[{"href":"https:\/\/www.24baires.com\/index.php?rest_route=\/wp\/v2\/posts\/113904","targetHints":{"allow":["GET"]}}],"collection":[{"href":"https:\/\/www.24baires.com\/index.php?rest_route=\/wp\/v2\/posts"}],"about":[{"href":"https:\/\/www.24baires.com\/index.php?rest_route=\/wp\/v2\/types\/post"}],"author":[{"embeddable":true,"href":"https:\/\/www.24baires.com\/index.php?rest_route=\/wp\/v2\/users\/4"}],"replies":[{"embeddable":true,"href":"https:\/\/www.24baires.com\/index.php?rest_route=%2Fwp%2Fv2%2Fcomments&post=113904"}],"version-history":[{"count":1,"href":"https:\/\/www.24baires.com\/index.php?rest_route=\/wp\/v2\/posts\/113904\/revisions"}],"predecessor-version":[{"id":113905,"href":"https:\/\/www.24baires.com\/index.php?rest_route=\/wp\/v2\/posts\/113904\/revisions\/113905"}],"wp:attachment":[{"href":"https:\/\/www.24baires.com\/index.php?rest_route=%2Fwp%2Fv2%2Fmedia&parent=113904"}],"wp:term":[{"taxonomy":"category","embeddable":true,"href":"https:\/\/www.24baires.com\/index.php?rest_route=%2Fwp%2Fv2%2Fcategories&post=113904"},{"taxonomy":"post_tag","embeddable":true,"href":"https:\/\/www.24baires.com\/index.php?rest_route=%2Fwp%2Fv2%2Ftags&post=113904"}],"curies":[{"name":"wp","href":"https:\/\/api.w.org\/{rel}","templated":true}]}}