{"id":11388,"date":"2013-01-06T18:45:05","date_gmt":"2013-01-06T21:45:05","guid":{"rendered":"http:\/\/www.24baires.com\/?p=11388"},"modified":"2013-01-06T18:45:06","modified_gmt":"2013-01-06T21:45:06","slug":"se-realizo-en-un-hospital-bonaerense-la-primera-histerectomia-sin-orden-judicial","status":"publish","type":"post","link":"https:\/\/www.24baires.com\/?p=11388","title":{"rendered":"Se realiz\u00f3 en un hospital bonaerense la primera histerectom\u00eda sin orden judicial"},"content":{"rendered":"<p>La nueva Ley de Identidad de G\u00e9nero fue el amparo necesario para que Ian Breppe se convierta en la primera persona a quien se le extirparon los ovarios y el \u00fatero en un hospital p\u00fablico bonaerense sin necesidad de diagn\u00f3stico ni orden judicial.<!--more--><\/p>\n<p>Ian Breppe se convirti\u00f3 en el primer hombre trans a quien se le extirparon los ovarios y el \u00fatero (histerectom\u00eda) en un hospital p\u00fablico de la provincia de Buenos Aires, sin necesidad de diagn\u00f3stico m\u00e9dico ni orden judicial, seg\u00fan lo permite la nueva Ley de Identidad de G\u00e9nero.<\/p>\n<p>La operaci\u00f3n fue realizada sobre el final de 2012 e informada hoy mediante un comunicado por la cartera bonaerense de Salud, que dirige Alejandro Collia.<\/p>\n<p>\u201cEl caso de Ian Breppe es una muestra m\u00e1s de la importancia que este ministerio y el gobierno de la Provincia dan a las pol\u00edticas de igualdad y ampliaci\u00f3n de derechos\u201d, afirm\u00f3 Collia, seg\u00fan el comunicado.<\/p>\n<p>\u201cNuestro mayor objetivo consiste en que todas las personas accedan al sistema de salud, que no exista ning\u00fan motivo para no acudir al hospital. Y respetar la diversidad sexual y abordarla como un tema de salud es la mejor forma de lograrlo\u201d, agreg\u00f3 el funcionario.<\/p>\n<p>De 42 a\u00f1os y actualmente viviendo en Lan\u00fas, el camino no fue f\u00e1cil para Ian, acostumbrado a batallar contra la discriminaci\u00f3n, la violencia y la pobreza.<\/p>\n<p>Seg\u00fan un informe de la Asociaci\u00f3n de Lucha por la Identidad de Travestis y Transexuales (Alitt), citado por el comunicado, el 40 por ciento de las personas trans nunca ha asistido a un centro de salud y el 56 por cierto lo ha hecho en pocas oportunidades. Las razones m\u00e1s mencionadas son el miedo y la discriminaci\u00f3n.<\/p>\n<p>Pero la senda comenz\u00f3 a allanarse cuando se enter\u00f3 de la existencia del Consultorio Amigable en el hospital provincial Paroissien, de La Matanza, un espacio destinado a la poblaci\u00f3n trans, donde comenz\u00f3 a tratarse.<br \/>\nEl director del hospital, Alejandro Royo, explic\u00f3 que el trabajo con el Consultorio Amigable, comenz\u00f3 hace un a\u00f1o. \u00abEs un espacio de asesoramiento y atenci\u00f3n a la comunidad LGTBI que busca incluir en el sistema de salud p\u00fablico a muchas personas que, a veces por miedo a la discriminaci\u00f3n, no se acercan al hospital\u201d, defini\u00f3.<\/p>\n<p>Desde hace tres a\u00f1os Ian se realiza all\u00ed un tratamiento hormonal y actualmente espera por una cirug\u00eda para extirparse las mamas -el pr\u00f3ximo paso en su proceso- que tendr\u00eda lugar en los primeros meses de 2013 en el mismo hospital Paroissien.<\/p>\n<p>Para Ian significar\u00e1 una notable mejora en su calidad de vida pues podr\u00e1, por ejemplo, practicar nataci\u00f3n con short, un deporte que ama pero que hasta ahora no practica.<br \/>\nEl caso de Ian es diferente a las cirug\u00edas de reasignaci\u00f3n genital que se realizan en la Provincia: \u00e9l no modific\u00f3 sus genitales, sino que se extirp\u00f3 los ovarios y el \u00fatero.<\/p>\n<p>\u201cLos m\u00e9dicos me explicaron que por el tratamiento hormonal que hago, estos \u00f3rganos se pueden ir atrofiando y sacarlos es una manera de prevenci\u00f3n. Para qu\u00e9 voy a tener algo que no quiero y me puede enfermar\u201d, cont\u00f3.<\/p>\n<p>En tanto, la reasignaci\u00f3n genital es un paso sobre el que no est\u00e1 decidido, aunque dice querer hacerlo en un futuro pr\u00f3ximo.<\/p>\n<p>La Ley define a la identidad de g\u00e9nero como \u201cla vivencia del g\u00e9nero tal como cada persona la siente, corresponda o no con el sexo asignado en el nacimiento\u201d.<\/p>\n<p>\u201cEstamos cumpliendo con la ley en nuestros hospitales, realizando las reasignaciones genitales, los tratamientos hormonales y, sobre todo, trabajando todos los d\u00edas para que nadie quede fuera del derecho a la salud\u201d, concluy\u00f3 Collia.<\/p>\n<p>&nbsp;<\/p>\n<p>&nbsp;<\/p>\n<p>&nbsp;<\/p>\n<p>&nbsp;<\/p>\n<p>&nbsp;<\/p>\n<p>&nbsp;<\/p>\n<p>&nbsp;<\/p>\n<p>&nbsp;<\/p>\n<p>&nbsp;<\/p>\n<p>&nbsp;<\/p>\n<p>&nbsp;<\/p>\n<p>&nbsp;<\/p>\n<p>&nbsp;<\/p>\n<p>&nbsp;<\/p>\n<p>&nbsp;<\/p>\n<p>&nbsp;<\/p>\n<p>&nbsp;<\/p>\n<p>&nbsp;<\/p>\n<p>&nbsp;<\/p>\n<p>&nbsp;<\/p>\n<p>&nbsp;<\/p>\n<p>&nbsp;<\/p>\n<p>&nbsp;<\/p>\n<p>&nbsp;<\/p>\n<p>&nbsp;<\/p>\n<p>&nbsp;<\/p>\n<p>&nbsp;<\/p>\n<p>&nbsp;<\/p>\n","protected":false},"excerpt":{"rendered":"<p>La nueva Ley de Identidad de G\u00e9nero fue el amparo necesario para que Ian Breppe se convierta en la primera persona a quien se le extirparon los ovarios y el \u00fatero en un hospital p\u00fablico bonaerense sin necesidad de diagn\u00f3stico ni orden judicial.<\/p>\n","protected":false},"author":4,"featured_media":0,"comment_status":"open","ping_status":"open","sticky":false,"template":"","format":"standard","meta":{"_jetpack_newsletter_access":"","_jetpack_dont_email_post_to_subs":false,"_jetpack_newsletter_tier_id":0,"_jetpack_memberships_contains_paywalled_content":false,"_jetpack_memberships_contains_paid_content":false,"footnotes":""},"categories":[1],"tags":[],"class_list":["post-11388","post","type-post","status-publish","format-standard","hentry","category-sociedad"],"jetpack_featured_media_url":"","jetpack_shortlink":"https:\/\/wp.me\/p2JWE0-2XG","jetpack-related-posts":[{"id":25336,"url":"https:\/\/www.24baires.com\/?p=25336","url_meta":{"origin":11388,"position":0},"title":"Extirpan tumor de 25 kilos a mujer en hospital p\u00fablico de la Provincia","author":"AF","date":"07\/06\/2013","format":false,"excerpt":"Un hecho in\u00e9dito se dio en el Hospital Guemes de la localidad de Haedo, donde el equipo m\u00e9dico de ese nosocomio extirp\u00f3 un tumor ov\u00e1rico de 25 kilos a una mujer de 42 a\u00f1os. La mujer sali\u00f3 del quir\u00f3fano con 30 kilos menos de los que ten\u00eda cuando lleg\u00f3 a\u2026","rel":"","context":"En \u00abSociedad\u00bb","block_context":{"text":"Sociedad","link":"https:\/\/www.24baires.com\/?cat=1"},"img":{"alt_text":"","src":"","width":0,"height":0},"classes":[]},{"id":36363,"url":"https:\/\/www.24baires.com\/?p=36363","url_meta":{"origin":11388,"position":1},"title":"Nuevas denuncias por mala praxis en Malvinas Argentinas","author":"AF","date":"07\/12\/2013","format":false,"excerpt":"Seg\u00fan el abogado Jorge Cancio, \"en el distrito conducido por el massista Jes\u00fas Cariglino se registraron tres nuevos casos de mala praxis en hospitales municipales. \u201cExiste un desprecio a la vida inexplicable\u201d, dijo. Se\u00f1al\u00f3 falta de supervisi\u00f3n y apunt\u00f3 que \u201cel riesgo latente de muerte pone en vilo a una\u2026","rel":"","context":"En \u00abLocales\u00bb","block_context":{"text":"Locales","link":"https:\/\/www.24baires.com\/?cat=38"},"img":{"alt_text":"","src":"","width":0,"height":0},"classes":[]},{"id":10273,"url":"https:\/\/www.24baires.com\/?p=10273","url_meta":{"origin":11388,"position":2},"title":"Realizaron la primer cirug\u00eda de cambio de sexo en un Hospital de San Mart\u00edn","author":"AF","date":"23\/12\/2012","format":false,"excerpt":"Pamela, una transexual de 36 a\u00f1os, logr\u00f3 cambiar sus \u00f3rganos genitales mediante una operaci\u00f3n gratuita en un hospital p\u00fablico, inform\u00f3 el Ministerio de Salud de la Provincia de Buenos Aires. Fue la primera cirug\u00eda de este tipo en el hospital \"Eva Per\u00f3n\" del partido de San Mart\u00edn, por lo que\u2026","rel":"","context":"En \u00abSociedad\u00bb","block_context":{"text":"Sociedad","link":"https:\/\/www.24baires.com\/?cat=1"},"img":{"alt_text":"hospital trans","src":"https:\/\/i0.wp.com\/www.24baires.com\/wp-content\/uploads\/2012\/12\/hospital-trans.jpg?resize=350%2C200","width":350,"height":200,"srcset":"https:\/\/i0.wp.com\/www.24baires.com\/wp-content\/uploads\/2012\/12\/hospital-trans.jpg?resize=350%2C200 1x, https:\/\/i0.wp.com\/www.24baires.com\/wp-content\/uploads\/2012\/12\/hospital-trans.jpg?resize=525%2C300 1.5x"},"classes":[]},{"id":26555,"url":"https:\/\/www.24baires.com\/?p=26555","url_meta":{"origin":11388,"position":3},"title":"Haedo: diagnostican infertilidad a trav\u00e9s de un estudio que permite ver el \u00fatero en 3D","author":"AF","date":"21\/06\/2013","format":false,"excerpt":"Un equipo m\u00e9dico del hospital provincial G\u00fcemes de Haedo ide\u00f3 y ya emple\u00f3 con \u00e9xito un nuevo m\u00e9todo para el diagn\u00f3stico de la infertilidad. Poco invasivo, r\u00e1pido e indoloro, permite ver el \u00fatero y las trompas de Falopio en 3D, como si se estuviera navegando dentro de ese \u00f3rgano. El\u2026","rel":"","context":"En \u00abSociedad\u00bb","block_context":{"text":"Sociedad","link":"https:\/\/www.24baires.com\/?cat=1"},"img":{"alt_text":"","src":"","width":0,"height":0},"classes":[]},{"id":116200,"url":"https:\/\/www.24baires.com\/?p=116200","url_meta":{"origin":11388,"position":4},"title":"Sobreseyeron por inimputable al hombre que arroj\u00f3 una molotov contra la Quinta de Olivos","author":"AF","date":"11\/09\/2020","format":false,"excerpt":"El imputado tiene antecedentes psiqui\u00e1tricos y estuvo internado en el Borda. El hombre que el mi\u00e9rcoles fue detenido luego de arrojar una bomba molotov contra uno de los paredones de la residencia presidencial, en la localidad bonaerense de Olivos, fue sobrese\u00eddo este viernes luego de que una pericia psiqui\u00e1trica determinara\u2026","rel":"","context":"En \u00abSociedad\u00bb","block_context":{"text":"Sociedad","link":"https:\/\/www.24baires.com\/?cat=1"},"img":{"alt_text":"","src":"https:\/\/i0.wp.com\/www.24baires.com\/wp-content\/uploads\/2020\/09\/olivos.jpeg?resize=350%2C200","width":350,"height":200,"srcset":"https:\/\/i0.wp.com\/www.24baires.com\/wp-content\/uploads\/2020\/09\/olivos.jpeg?resize=350%2C200 1x, https:\/\/i0.wp.com\/www.24baires.com\/wp-content\/uploads\/2020\/09\/olivos.jpeg?resize=525%2C300 1.5x"},"classes":[]},{"id":116670,"url":"https:\/\/www.24baires.com\/?p=116670","url_meta":{"origin":11388,"position":5},"title":"M\u00e9dicos bonaerenses realizar\u00e1n una protesta para exigir aumentos salariales","author":"GB","date":"11\/11\/2020","format":false,"excerpt":"La Asociaci\u00f3n Sindical de Profesionales de la Salud de la provincia de Buenos Aires (Cicop), que nuclea a los m\u00e9dicos de los hospitales bonaerenses, realizar\u00e1 ma\u00f1ana una caravana de autos, en demanda de una nueva convocatoria paritaria \"en la que el Gobierno mejore sustancialmente la oferta salarial\", se inform\u00f3 en\u2026","rel":"","context":"En \u00abProvincia\u00bb","block_context":{"text":"Provincia","link":"https:\/\/www.24baires.com\/?cat=40"},"img":{"alt_text":"","src":"https:\/\/i0.wp.com\/www.24baires.com\/wp-content\/uploads\/2019\/03\/hospital.jpg?resize=350%2C200","width":350,"height":200,"srcset":"https:\/\/i0.wp.com\/www.24baires.com\/wp-content\/uploads\/2019\/03\/hospital.jpg?resize=350%2C200 1x, https:\/\/i0.wp.com\/www.24baires.com\/wp-content\/uploads\/2019\/03\/hospital.jpg?resize=525%2C300 1.5x"},"classes":[]}],"jetpack_sharing_enabled":true,"jetpack_likes_enabled":true,"_links":{"self":[{"href":"https:\/\/www.24baires.com\/index.php?rest_route=\/wp\/v2\/posts\/11388","targetHints":{"allow":["GET"]}}],"collection":[{"href":"https:\/\/www.24baires.com\/index.php?rest_route=\/wp\/v2\/posts"}],"about":[{"href":"https:\/\/www.24baires.com\/index.php?rest_route=\/wp\/v2\/types\/post"}],"author":[{"embeddable":true,"href":"https:\/\/www.24baires.com\/index.php?rest_route=\/wp\/v2\/users\/4"}],"replies":[{"embeddable":true,"href":"https:\/\/www.24baires.com\/index.php?rest_route=%2Fwp%2Fv2%2Fcomments&post=11388"}],"version-history":[{"count":3,"href":"https:\/\/www.24baires.com\/index.php?rest_route=\/wp\/v2\/posts\/11388\/revisions"}],"predecessor-version":[{"id":11390,"href":"https:\/\/www.24baires.com\/index.php?rest_route=\/wp\/v2\/posts\/11388\/revisions\/11390"}],"wp:attachment":[{"href":"https:\/\/www.24baires.com\/index.php?rest_route=%2Fwp%2Fv2%2Fmedia&parent=11388"}],"wp:term":[{"taxonomy":"category","embeddable":true,"href":"https:\/\/www.24baires.com\/index.php?rest_route=%2Fwp%2Fv2%2Fcategories&post=11388"},{"taxonomy":"post_tag","embeddable":true,"href":"https:\/\/www.24baires.com\/index.php?rest_route=%2Fwp%2Fv2%2Ftags&post=11388"}],"curies":[{"name":"wp","href":"https:\/\/api.w.org\/{rel}","templated":true}]}}