{"id":113879,"date":"2020-01-21T12:54:53","date_gmt":"2020-01-21T15:54:53","guid":{"rendered":"http:\/\/www.24baires.com\/?p=113879"},"modified":"2020-01-21T12:54:53","modified_gmt":"2020-01-21T15:54:53","slug":"guzman-anticipo-que-el-gobierno-enviara-un-proyecto-de-ley-para-la-sostenibilidad-de-la-deuda","status":"publish","type":"post","link":"https:\/\/www.24baires.com\/?p=113879","title":{"rendered":"Guzm\u00e1n anticip\u00f3 que el gobierno enviar\u00e1 un proyecto de ley para la \u00absostenibilidad de la deuda\u00bb"},"content":{"rendered":"<p><img data-recalc-dims=\"1\" loading=\"lazy\" decoding=\"async\" src=\"https:\/\/i0.wp.com\/www.24baires.com\/wp-content\/uploads\/2020\/01\/guzman.jpg?resize=560%2C349\" alt=\"\" width=\"560\" height=\"349\" class=\"aligncenter size-full wp-image-113880\" srcset=\"https:\/\/i0.wp.com\/www.24baires.com\/wp-content\/uploads\/2020\/01\/guzman.jpg?w=560&amp;ssl=1 560w, https:\/\/i0.wp.com\/www.24baires.com\/wp-content\/uploads\/2020\/01\/guzman.jpg?resize=300%2C187&amp;ssl=1 300w\" sizes=\"auto, (max-width: 560px) 100vw, 560px\" \/>El ministro de Econom\u00eda cont\u00f3 que el gobierno le pedir\u00e1 formalmente a los bonitas \u00abm\u00e1s tiempo\u00bb para resolver un \u00abdescalabro macro econ\u00f3mico\u00bb. En la misma l\u00ednea suceder\u00eda con la deuda que contrae el gobierno de la provincia.<!--more--><\/p>\n<p>El ministro de Econom\u00eda de la Naci\u00f3n, Mart\u00edn Guzm\u00e1n, realiz\u00f3 una conferencia de prensa que anticip\u00f3 que el gobierno enviar\u00e1 un proyecto de ley de \u00absostenibilidad de la deuda\u00bb para ganar tiempo. Aunque sin brindar detalles, Guzm\u00e1n asegur\u00f3 que as\u00ed se buscar\u00e1 pedir \u00abm\u00e1s tiempo\u00bb para \u00abresolver el descalabro macro econ\u00f3mico que ha afectado a todo el pa\u00eds\u00bb. <\/p>\n<p>\u00abLe estamos pidiendo la misma fe y responsabilidad a los bonitas. Que nos den el tiempo necesario para resolver un problema de descalabro macro econ\u00f3mico que ha afectado a todo el pa\u00eds. En la medida que el pa\u00eds crezca, la posibilidad del pago se recuperar\u00e1\u00bb, expres\u00f3 el ministro. <\/p>\n<p>\u00abHoy por la tarde se enviar\u00e1 un proyecto de ley para la restauraci\u00f3n de la sostenibilidad de la deuda p\u00fablica\u201d, cont\u00f3 Guzm\u00e1n, que aprovech\u00f3 para comparar la situaci\u00f3n de la Naci\u00f3n con el de la provincia de Buenos Aires. Al respecto, dijo que el Tesoro est\u00e1 \u00abpagando los intereses, no el capital en d\u00f3lares\u00bb.<\/p>\n<p>\u00abLa provincia de Buenos Aires enfrenta un vencimiento que pidi\u00f3 prolongar, mientras sigue pagando sus intereses, igual que Naci\u00f3n. De nada servir\u00eda hacer un salvataje de este vencimiento\u201d, expres\u00f3.<\/p>\n<p>\u201cEsperamos que haya voluntad por parte de los bonistas para obtener una soluci\u00f3n ordenada, porque si la situaci\u00f3n termina siendo desordenada se perjudican todas las partes\u201d, sostuvo el funcionario.<\/p>\n<p>Adem\u00e1s, Guzm\u00e1n cont\u00f3 que el gobierno tambi\u00e9n ya est\u00e1 manteniendo comunicaci\u00f3n fluida con el Fondo Monetario Internacional. Las negociaciones ir\u00edan en el mismo sentido. \u00abTenemos conversaciones con el FMI con un tono constructivo\u00bb, dijo el funcionario y agreg\u00f3 que el objetivo principal de los primeros meses de gobierno es construir \u00abun sendero que le permita una vida mejor a todos los argentinos\u00bb.<\/p>\n<p>\u00abEsperamos el apoyo del Congreso. Esta propuesta ser\u00e1 comunicada y discutida en el \u00e1mbito del Congreso de la Naci\u00f3n. El proyecto de ley para la restauraci\u00f3n de la deuda. Necesitamos una soluci\u00f3n que sea sostenible. Hoy la situaci\u00f3n de la Argentina es cr\u00edtica y la carga de la deuda no se puede sostener\u00bb, cerr\u00f3 el ministro.<\/p>\n","protected":false},"excerpt":{"rendered":"<p>El ministro de Econom\u00eda cont\u00f3 que el gobierno le pedir\u00e1 formalmente a los bonitas \u00abm\u00e1s tiempo\u00bb para resolver un \u00abdescalabro macro econ\u00f3mico\u00bb. En la misma l\u00ednea suceder\u00eda con la deuda que contrae el gobierno de la provincia.<\/p>\n","protected":false},"author":8,"featured_media":0,"comment_status":"open","ping_status":"open","sticky":false,"template":"","format":"standard","meta":{"_jetpack_newsletter_access":"","_jetpack_dont_email_post_to_subs":false,"_jetpack_newsletter_tier_id":0,"_jetpack_memberships_contains_paywalled_content":false,"_jetpack_memberships_contains_paid_content":false,"footnotes":""},"categories":[45],"tags":[],"class_list":["post-113879","post","type-post","status-publish","format-standard","hentry","category-economia"],"jetpack_featured_media_url":"","jetpack_shortlink":"https:\/\/wp.me\/p2JWE0-tCL","jetpack-related-posts":[{"id":113357,"url":"https:\/\/www.24baires.com\/?p=113357","url_meta":{"origin":113879,"position":0},"title":"Guzm\u00e1n anticip\u00f3 el reperfilamiento de la deuda","author":"AF","date":"11\/12\/2019","format":false,"excerpt":"El funcionario fue contundente al remarcar que el programa econ\u00f3mico ser\u00e1 el del Gobierno y no el del FMI. En su primera conferencia de prensa como ministro de Econom\u00eda, Mart\u00edn Guzm\u00e1n anticip\u00f3 que se reunir\u00e1n con acreedores para dise\u00f1ar un programa de reestructuraci\u00f3n de pagos. Adem\u00e1s, sostuvo que el FMI\u2026","rel":"","context":"En \u00abPol\u00edtica\u00bb","block_context":{"text":"Pol\u00edtica","link":"https:\/\/www.24baires.com\/?cat=51"},"img":{"alt_text":"","src":"https:\/\/i0.wp.com\/www.24baires.com\/wp-content\/uploads\/2019\/08\/fmi.jpg?resize=350%2C200","width":350,"height":200,"srcset":"https:\/\/i0.wp.com\/www.24baires.com\/wp-content\/uploads\/2019\/08\/fmi.jpg?resize=350%2C200 1x, https:\/\/i0.wp.com\/www.24baires.com\/wp-content\/uploads\/2019\/08\/fmi.jpg?resize=525%2C300 1.5x"},"classes":[]},{"id":113955,"url":"https:\/\/www.24baires.com\/?p=113955","url_meta":{"origin":113879,"position":1},"title":"Diputados aprob\u00f3 en general la Ley para fortalecer la negociaci\u00f3n de la deuda externa","author":"AF","date":"29\/01\/2020","format":false,"excerpt":"Fue por amplia mayor\u00eda. La iniciativa del Ejecutivo, con el respaldo del Ministro de Econom\u00eda Mart\u00edn Guzm\u00e1n. La C\u00e1mara de Diputados aprob\u00f3 y envi\u00f3 al Senado el proyecto de Restauraci\u00f3n de la Sostenibilidad de la Deuda Externa, con una amplia mayor\u00eda de votos producto del consenso alcanzado con las principales\u2026","rel":"","context":"En \u00abProvincia\u00bb","block_context":{"text":"Provincia","link":"https:\/\/www.24baires.com\/?cat=40"},"img":{"alt_text":"","src":"https:\/\/i0.wp.com\/www.24baires.com\/wp-content\/uploads\/2020\/01\/0037349339-300x225.jpg?resize=350%2C200","width":350,"height":200},"classes":[]},{"id":118112,"url":"https:\/\/www.24baires.com\/?p=118112","url_meta":{"origin":113879,"position":2},"title":"Guzm\u00e1n: \u00abLas cargas de deuda impiden la recuperaci\u00f3n y crean una din\u00e1mica desestabilizadora\u00bb","author":"AF","date":"06\/10\/2021","format":false,"excerpt":"El ministro de Econom\u00eda particip\u00f3 de la XV Conferencia de las Naciones Unidas sobre Comercio y Desarrollo (Unctad) y habl\u00f3 sobre la reestructuraci\u00f3n llevada adelante por Argentina el a\u00f1o pasado. \"Hacen falta reformas en la arquitectura financiera internacional\", expres\u00f3. El ministro de Econom\u00eda, Mart\u00edn Guzm\u00e1n, advirti\u00f3 este mi\u00e9rcoles que \"las\u2026","rel":"","context":"En \u00abEconom\u00eda\u00bb","block_context":{"text":"Econom\u00eda","link":"https:\/\/www.24baires.com\/?cat=45"},"img":{"alt_text":"","src":"https:\/\/i0.wp.com\/www.24baires.com\/wp-content\/uploads\/2020\/05\/guzman-1.jpg?resize=350%2C200","width":350,"height":200,"srcset":"https:\/\/i0.wp.com\/www.24baires.com\/wp-content\/uploads\/2020\/05\/guzman-1.jpg?resize=350%2C200 1x, https:\/\/i0.wp.com\/www.24baires.com\/wp-content\/uploads\/2020\/05\/guzman-1.jpg?resize=525%2C300 1.5x"},"classes":[]},{"id":116296,"url":"https:\/\/www.24baires.com\/?p=116296","url_meta":{"origin":113879,"position":3},"title":"Guzm\u00e1n: el Presupuesto 2021 \u00abes un paso fundamental en el proceso de estabilizar la econom\u00eda\u00bb","author":"AF","date":"22\/09\/2020","format":false,"excerpt":"El ministro brinda detalles en comisi\u00f3n sobre los principales ejes que contempla un crecimiento del 5,5% del PBI y un gasto total de m\u00e1s de 8 billones de pesos. El ministro de Econom\u00eda, Mart\u00edn Guzm\u00e1n, afirm\u00f3 que \"estamos en una situaci\u00f3n muy dif\u00edcil en Argentina y en el mundo\" a\u2026","rel":"","context":"En \u00abEconom\u00eda\u00bb","block_context":{"text":"Econom\u00eda","link":"https:\/\/www.24baires.com\/?cat=45"},"img":{"alt_text":"","src":"https:\/\/i0.wp.com\/www.24baires.com\/wp-content\/uploads\/2020\/05\/guzman-1.jpg?resize=350%2C200","width":350,"height":200,"srcset":"https:\/\/i0.wp.com\/www.24baires.com\/wp-content\/uploads\/2020\/05\/guzman-1.jpg?resize=350%2C200 1x, https:\/\/i0.wp.com\/www.24baires.com\/wp-content\/uploads\/2020\/05\/guzman-1.jpg?resize=525%2C300 1.5x"},"classes":[]},{"id":116121,"url":"https:\/\/www.24baires.com\/?p=116121","url_meta":{"origin":113879,"position":4},"title":"Guzm\u00e1n: \u00abRestauramos la sostenibilidad de la deuda p\u00fablica con acreedores privados\u00bb","author":"AF","date":"01\/09\/2020","format":false,"excerpt":"El ministro de Econom\u00eda destac\u00f3 el alcance de la reestructuraci\u00f3n de la deuda con los bonistas privados. A trav\u00e9s de sus cuentas en las redes sociales, el ministro de Econom\u00eda de la Naci\u00f3n, Mart\u00edn Guzm\u00e1n, destac\u00f3 este martes el acuerdo alcanzado con los bonistas privados para reestructurar parte de la\u2026","rel":"","context":"En \u00abEconom\u00eda\u00bb","block_context":{"text":"Econom\u00eda","link":"https:\/\/www.24baires.com\/?cat=45"},"img":{"alt_text":"","src":"https:\/\/i0.wp.com\/www.24baires.com\/wp-content\/uploads\/2020\/05\/guzman-1.jpg?resize=350%2C200","width":350,"height":200,"srcset":"https:\/\/i0.wp.com\/www.24baires.com\/wp-content\/uploads\/2020\/05\/guzman-1.jpg?resize=350%2C200 1x, https:\/\/i0.wp.com\/www.24baires.com\/wp-content\/uploads\/2020\/05\/guzman-1.jpg?resize=525%2C300 1.5x"},"classes":[]},{"id":119013,"url":"https:\/\/www.24baires.com\/?p=119013","url_meta":{"origin":113879,"position":5},"title":"Guzm\u00e1n se reuni\u00f3 con empresarios para buscar consensos en la renovaci\u00f3n de Precios Cuidados","author":"AF","date":"24\/06\/2022","format":false,"excerpt":"El programa tiene prevista una renovaci\u00f3n para el pr\u00f3ximo 7 de julio. Ante los empresarios, el ministro realiz\u00f3 una presentaci\u00f3n sobre la situaci\u00f3n macroecon\u00f3mica y las perspectivas de la pol\u00edtica econ\u00f3mica para el 2022. El ministro de Econom\u00eda, Mart\u00edn Guzm\u00e1n, encabez\u00f3 en el Palacio de Hacienda una reuni\u00f3n con representantes\u2026","rel":"","context":"En \u00abEconom\u00eda\u00bb","block_context":{"text":"Econom\u00eda","link":"https:\/\/www.24baires.com\/?cat=45"},"img":{"alt_text":"","src":"https:\/\/i0.wp.com\/www.24baires.com\/wp-content\/uploads\/2022\/06\/62b651fd56efe_900.jpg?resize=350%2C200","width":350,"height":200,"srcset":"https:\/\/i0.wp.com\/www.24baires.com\/wp-content\/uploads\/2022\/06\/62b651fd56efe_900.jpg?resize=350%2C200 1x, https:\/\/i0.wp.com\/www.24baires.com\/wp-content\/uploads\/2022\/06\/62b651fd56efe_900.jpg?resize=525%2C300 1.5x, https:\/\/i0.wp.com\/www.24baires.com\/wp-content\/uploads\/2022\/06\/62b651fd56efe_900.jpg?resize=700%2C400 2x"},"classes":[]}],"jetpack_sharing_enabled":true,"jetpack_likes_enabled":true,"_links":{"self":[{"href":"https:\/\/www.24baires.com\/index.php?rest_route=\/wp\/v2\/posts\/113879","targetHints":{"allow":["GET"]}}],"collection":[{"href":"https:\/\/www.24baires.com\/index.php?rest_route=\/wp\/v2\/posts"}],"about":[{"href":"https:\/\/www.24baires.com\/index.php?rest_route=\/wp\/v2\/types\/post"}],"author":[{"embeddable":true,"href":"https:\/\/www.24baires.com\/index.php?rest_route=\/wp\/v2\/users\/8"}],"replies":[{"embeddable":true,"href":"https:\/\/www.24baires.com\/index.php?rest_route=%2Fwp%2Fv2%2Fcomments&post=113879"}],"version-history":[{"count":1,"href":"https:\/\/www.24baires.com\/index.php?rest_route=\/wp\/v2\/posts\/113879\/revisions"}],"predecessor-version":[{"id":113881,"href":"https:\/\/www.24baires.com\/index.php?rest_route=\/wp\/v2\/posts\/113879\/revisions\/113881"}],"wp:attachment":[{"href":"https:\/\/www.24baires.com\/index.php?rest_route=%2Fwp%2Fv2%2Fmedia&parent=113879"}],"wp:term":[{"taxonomy":"category","embeddable":true,"href":"https:\/\/www.24baires.com\/index.php?rest_route=%2Fwp%2Fv2%2Fcategories&post=113879"},{"taxonomy":"post_tag","embeddable":true,"href":"https:\/\/www.24baires.com\/index.php?rest_route=%2Fwp%2Fv2%2Ftags&post=113879"}],"curies":[{"name":"wp","href":"https:\/\/api.w.org\/{rel}","templated":true}]}}