{"id":11381,"date":"2013-01-06T18:23:16","date_gmt":"2013-01-06T21:23:16","guid":{"rendered":"http:\/\/www.24baires.com\/?p=11381"},"modified":"2013-01-06T18:29:56","modified_gmt":"2013-01-06T21:29:56","slug":"river-llega-a-tandil-para-hacer-la-pretemporada-y-sera-recibido-por-5-mil-hinchas","status":"publish","type":"post","link":"https:\/\/www.24baires.com\/?p=11381","title":{"rendered":"River llega a Tandil para hacer pretemporada y ser\u00e1 recibido por 5 mil hinchas"},"content":{"rendered":"<p>Se reunir\u00e1n el lunes en la Glorieta de la Plaza Independencia para acompa\u00f1ar en caravana por la ruta 226 -alrededor de las 19- al plantel hasta el hotel Elegance, el b\u00fanker elegido por Ram\u00f3n D\u00edaz para realizar la pretemporada de cara al torneo Final 2013.<!--more--><br \/>\nLos simpatizantes riverplatenses se autoconvocaron, a partir de las 15.30, en uno de los puntos populares de esta pintoresca ciudad bonaerense para darle su apoyo al \u201cPelado\u201d D\u00edaz, en su tercer ciclo en el club, y sus dirigidos, con miras al primer semestre de este nuevo a\u00f1o.<\/p>\n<p>La convocatoria se realiz\u00f3 a trav\u00e9s de varias redes sociales y el programa partidario local \u00abDesde La Cuna\u00bb, que conduce Marcos Carrillo.<\/p>\n<p>Pero a la vez los simpatizantes \u201cmillonarios\u201d de la filial Tandil empapelaron la ciudad con dos afiches: \u00abEl 7 de enero a las 15.30, en la Plaza Independencia, caravana hasta 226 y 30\u00bb y \u00abes una tarde especial, no te la vas a olvidar, River va a copar toda la ciudad\u00bb.<\/p>\n<p>Con toda esta movida, ya est\u00e1 confirmada la presencia de no s\u00f3lo los hinchas de River locales, sino tambi\u00e9n de otros de las filiales aleda\u00f1as a la ciudad serrana, como Mar del Plata, Necochea, Ju\u00e1rez, Olavarr\u00eda, Rauch, Ayacucho y Azul.<\/p>\n<p>\u00abEsperamos casi 5.000 personas y un arsenal de bengalas de humo\u00bb, se\u00f1alaron desde la organizaci\u00f3n.<\/p>\n<p>Todos juntos esperar\u00e1n al \u00f3mnibus que trasladar\u00e1 al plantel de River hasta el hotel Elegance, que abri\u00f3 sus puertas el 27 de agosto de 2005.<\/p>\n<p>Este lujoso y coqueto resort ser\u00e1 el b\u00fanker \u201cmillonario\u201d hasta el 24 de enero, d\u00eda que el plantel jugar\u00e1 su \u00faltimo partido en Mar del Plata por la Copa Centenario ante Racing Club. Previamente lo har\u00e1 frente a Independiente y Boca Juniors, los s\u00e1bados 12 y 19 del mismo mes.<\/p>\n<p>La familia Braceras, due\u00f1a del Elegance, reacondicion\u00f3 el hotel para que la estad\u00eda del plantel y cuerpo t\u00e9cnico sea perfecta. Cabe destacar que el lugar ser\u00e1 utilizado exclusivamente por la gente de River.<\/p>\n<p>De esta manera, las 28 habitaciones, divididas en triples, dobles y una matrimonial a lo largo de dos plantas; m\u00e1s un sal\u00f3n de conferencias devenido en gimnasio, otro en sala de masajes, un tercero con dos hidromasajes, y un cuarto para la utiler\u00eda; un amplio lobby con cuatro sectores; un enorme restaurant; y una linda piscina exterior climatizada con vista a la ciudad, ser\u00e1n el hogar del plantel \u201cmillonario\u201d.<\/p>\n<p>Las tareas futbol\u00edsticas se desarrollar\u00e1n en el club Ferrocarril Sud de Tandil y las f\u00edsicas en el club de Golf y en el club de rugby Los 50.<\/p>\n<p>As\u00ed, entre el calor y la pasi\u00f3n de la gente, y la comodidad y la tranquilidad del hotel Elegance, ubicado en el kil\u00f3metro 160,5, transcurrir\u00e1 la pretemporada de River de cara a un semestre duro, pero en el que conf\u00edan dejar atr\u00e1s el tema del promedio y volver a gritar campe\u00f3n en la m\u00e1xima categor\u00eda del f\u00fatbol argentino.<\/p>\n<p>&nbsp;<\/p>\n<p>&nbsp;<\/p>\n<p>&nbsp;<\/p>\n<p>&nbsp;<\/p>\n<p>&nbsp;<\/p>\n<p>&nbsp;<\/p>\n<p>&nbsp;<\/p>\n<p>&nbsp;<\/p>\n<p>&nbsp;<\/p>\n<p>&nbsp;<\/p>\n<p>&nbsp;<\/p>\n<p>&nbsp;<\/p>\n<p>&nbsp;<\/p>\n<p>&nbsp;<\/p>\n<p>&nbsp;<\/p>\n<p>&nbsp;<\/p>\n<p>&nbsp;<\/p>\n<p>&nbsp;<\/p>\n<p>&nbsp;<\/p>\n<p>&nbsp;<\/p>\n<p>&nbsp;<\/p>\n<p>&nbsp;<\/p>\n<p>&nbsp;<\/p>\n","protected":false},"excerpt":{"rendered":"<p>Se reunir\u00e1n el lunes en la Glorieta de la Plaza Independencia para acompa\u00f1ar en caravana por la ruta 226 -alrededor de las 19- al plantel hasta el hotel Elegance, el b\u00fanker elegido por Ram\u00f3n D\u00edaz para realizar la pretemporada de cara al torneo Final 2013.<\/p>\n","protected":false},"author":4,"featured_media":0,"comment_status":"open","ping_status":"open","sticky":false,"template":"","format":"standard","meta":{"_jetpack_newsletter_access":"","_jetpack_dont_email_post_to_subs":false,"_jetpack_newsletter_tier_id":0,"_jetpack_memberships_contains_paywalled_content":false,"_jetpack_memberships_contains_paid_content":false,"footnotes":""},"categories":[1],"tags":[],"class_list":["post-11381","post","type-post","status-publish","format-standard","hentry","category-sociedad"],"jetpack_featured_media_url":"","jetpack_shortlink":"https:\/\/wp.me\/p2JWE0-2Xz","jetpack-related-posts":[{"id":11482,"url":"https:\/\/www.24baires.com\/?p=11482","url_meta":{"origin":11381,"position":0},"title":"Lleg\u00f3 River y explot\u00f3 Tandil","author":"Grupo Sierra","date":"07\/01\/2013","format":false,"excerpt":"El plantel profesional de River Plate, con su DT Ram\u00f3n D\u00edaz a la cabeza, lleg\u00f3 a las 19.25 a la ciudad serrana bonaerense de Tandil, donde realizar\u00e1 la parte m\u00e1s dura de la pretemporada y fue recibido por unos 4.500 hinchas que lo acompa\u00f1aron hasta el hotel Elegance, donde qued\u00f3\u2026","rel":"","context":"En \u00abDeportes\u00bb","block_context":{"text":"Deportes","link":"https:\/\/www.24baires.com\/?cat=12"},"img":{"alt_text":"river en tandil 2","src":"https:\/\/i0.wp.com\/www.24baires.com\/wp-content\/uploads\/2013\/01\/river-en-tandil-2.jpg?resize=350%2C200","width":350,"height":200,"srcset":"https:\/\/i0.wp.com\/www.24baires.com\/wp-content\/uploads\/2013\/01\/river-en-tandil-2.jpg?resize=350%2C200 1x, https:\/\/i0.wp.com\/www.24baires.com\/wp-content\/uploads\/2013\/01\/river-en-tandil-2.jpg?resize=525%2C300 1.5x"},"classes":[]},{"id":11421,"url":"https:\/\/www.24baires.com\/?p=11421","url_meta":{"origin":11381,"position":1},"title":"Boca, al igual que River, har\u00e1 pretemporada en Tandil","author":"AF","date":"07\/01\/2013","format":false,"excerpt":"El equipo que dirige Carlos Bianchi empezar\u00e1 sus trabajos con vistas al pr\u00f3ximo torneo Final 2013. Por su parte, tambi\u00e9n volver\u00e1 a los entrenamientos el \u00faltimo campe\u00f3n, V\u00e9lez Sarsfield. El plantel de Boca arrib\u00f3 ayer domingo a la ciudad serrana bonaerense de Tandil, donde realizar\u00e1 la parte m\u00e1s exigente de\u2026","rel":"","context":"En \u00abSociedad\u00bb","block_context":{"text":"Sociedad","link":"https:\/\/www.24baires.com\/?cat=1"},"img":{"alt_text":"","src":"","width":0,"height":0},"classes":[]},{"id":91635,"url":"https:\/\/www.24baires.com\/?p=91635","url_meta":{"origin":11381,"position":2},"title":"Banfield y Gimnasia abren el torneo de verano en Mar del Plata","author":"AF","date":"16\/01\/2017","format":false,"excerpt":"Banfield y Gimnasia y Esgrima La Plata abrir\u00e1n hoy la temporada de f\u00fatbol de verano en Mar del Plata cuando se enfrenten por la Copa del Sur desde las 22.10 en el estadio Jos\u00e9 Mar\u00eda Minella. Gimnasia reemplaz\u00f3 a Lan\u00fas, vigente campe\u00f3n del f\u00fatbol argentino, que decidi\u00f3 no jugar este\u2026","rel":"","context":"En \u00abDeportes\u00bb","block_context":{"text":"Deportes","link":"https:\/\/www.24baires.com\/?cat=12"},"img":{"alt_text":"","src":"https:\/\/i0.wp.com\/www.24baires.com\/wp-content\/uploads\/2017\/01\/banfield-gimnasia.jpg?resize=350%2C200","width":350,"height":200,"srcset":"https:\/\/i0.wp.com\/www.24baires.com\/wp-content\/uploads\/2017\/01\/banfield-gimnasia.jpg?resize=350%2C200 1x, https:\/\/i0.wp.com\/www.24baires.com\/wp-content\/uploads\/2017\/01\/banfield-gimnasia.jpg?resize=525%2C300 1.5x"},"classes":[]},{"id":53776,"url":"https:\/\/www.24baires.com\/?p=53776","url_meta":{"origin":11381,"position":3},"title":"C\u00f3mo sigue la fecha en las categor\u00edas del ascenso","author":"Grupo Sierra","date":"16\/09\/2014","format":false,"excerpt":"La Asociaci\u00f3n del F\u00fatbol Argentino dio a conocer los d\u00edas, horarios y \u00e1rbitros de las fechas que se vienen, en todas las categor\u00edas argentinas. La B Nacional arranca la octava fecha ma\u00f1ana y el domingo pr\u00f3ximo la novena. B NACIONAL \u0096 FECHA 9 ZONA A Domingo 16.00 hs Boca Unidos-Aldosivi\u2026","rel":"","context":"En \u00abDeportes\u00bb","block_context":{"text":"Deportes","link":"https:\/\/www.24baires.com\/?cat=12"},"img":{"alt_text":"hurac\u00e1n","src":"https:\/\/i0.wp.com\/www.24baires.com\/wp-content\/uploads\/2014\/08\/hurac%C3%A1n.jpg?resize=350%2C200","width":350,"height":200,"srcset":"https:\/\/i0.wp.com\/www.24baires.com\/wp-content\/uploads\/2014\/08\/hurac%C3%A1n.jpg?resize=350%2C200 1x, https:\/\/i0.wp.com\/www.24baires.com\/wp-content\/uploads\/2014\/08\/hurac%C3%A1n.jpg?resize=525%2C300 1.5x"},"classes":[]},{"id":39589,"url":"https:\/\/www.24baires.com\/?p=39589","url_meta":{"origin":11381,"position":4},"title":"Tandil cierra Enero con un 70% de ocupaci\u00f3n en las sierras","author":"Grupo Sierra","date":"31\/01\/2014","format":false,"excerpt":"Es uno de los destinos m\u00e1s elegidos por los turistas durante todo el a\u00f1o y sobre todo para las escapadas de fin de semana. A pesar de que el nivel de ocupaci\u00f3n fue bueno para este primer mes de vacaciones, el porcentaje en los alojamientos baj\u00f3 en relaci\u00f3n al a\u00f1o\u2026","rel":"","context":"En \u00abTurismo\u00bb","block_context":{"text":"Turismo","link":"https:\/\/www.24baires.com\/?cat=69"},"img":{"alt_text":"turismo tandil","src":"https:\/\/i0.wp.com\/www.24baires.com\/wp-content\/uploads\/2014\/01\/turismo-tandil.jpg?resize=350%2C200","width":350,"height":200,"srcset":"https:\/\/i0.wp.com\/www.24baires.com\/wp-content\/uploads\/2014\/01\/turismo-tandil.jpg?resize=350%2C200 1x, https:\/\/i0.wp.com\/www.24baires.com\/wp-content\/uploads\/2014\/01\/turismo-tandil.jpg?resize=525%2C300 1.5x"},"classes":[]},{"id":60135,"url":"https:\/\/www.24baires.com\/?p=60135","url_meta":{"origin":11381,"position":5},"title":"Arruabarrena espera la llegada de Rol\u00edn y Mena para reforzar el equipo","author":"GB","date":"15\/01\/2015","format":false,"excerpt":"Boca se entren\u00f3 en el estadio de Ferrocarril Sud de Tandil mientras espera por la llegada del defensor uruguayo Alexis Rol\u00edn, con quien tiene todo acordado, y la definici\u00f3n por el lateral izquierdo chileno Eugenio Mena, libre del Santos de Brasil. La llegada del zaguero uruguayo es un hecho. El\u2026","rel":"","context":"En \u00abDeportes\u00bb","block_context":{"text":"Deportes","link":"https:\/\/www.24baires.com\/?cat=12"},"img":{"alt_text":"hincha de boca","src":"https:\/\/i0.wp.com\/www.24baires.com\/wp-content\/uploads\/2013\/12\/hincha-de-boca.jpg?resize=350%2C200","width":350,"height":200,"srcset":"https:\/\/i0.wp.com\/www.24baires.com\/wp-content\/uploads\/2013\/12\/hincha-de-boca.jpg?resize=350%2C200 1x, https:\/\/i0.wp.com\/www.24baires.com\/wp-content\/uploads\/2013\/12\/hincha-de-boca.jpg?resize=525%2C300 1.5x"},"classes":[]}],"jetpack_sharing_enabled":true,"jetpack_likes_enabled":true,"_links":{"self":[{"href":"https:\/\/www.24baires.com\/index.php?rest_route=\/wp\/v2\/posts\/11381","targetHints":{"allow":["GET"]}}],"collection":[{"href":"https:\/\/www.24baires.com\/index.php?rest_route=\/wp\/v2\/posts"}],"about":[{"href":"https:\/\/www.24baires.com\/index.php?rest_route=\/wp\/v2\/types\/post"}],"author":[{"embeddable":true,"href":"https:\/\/www.24baires.com\/index.php?rest_route=\/wp\/v2\/users\/4"}],"replies":[{"embeddable":true,"href":"https:\/\/www.24baires.com\/index.php?rest_route=%2Fwp%2Fv2%2Fcomments&post=11381"}],"version-history":[{"count":3,"href":"https:\/\/www.24baires.com\/index.php?rest_route=\/wp\/v2\/posts\/11381\/revisions"}],"predecessor-version":[{"id":11384,"href":"https:\/\/www.24baires.com\/index.php?rest_route=\/wp\/v2\/posts\/11381\/revisions\/11384"}],"wp:attachment":[{"href":"https:\/\/www.24baires.com\/index.php?rest_route=%2Fwp%2Fv2%2Fmedia&parent=11381"}],"wp:term":[{"taxonomy":"category","embeddable":true,"href":"https:\/\/www.24baires.com\/index.php?rest_route=%2Fwp%2Fv2%2Fcategories&post=11381"},{"taxonomy":"post_tag","embeddable":true,"href":"https:\/\/www.24baires.com\/index.php?rest_route=%2Fwp%2Fv2%2Ftags&post=11381"}],"curies":[{"name":"wp","href":"https:\/\/api.w.org\/{rel}","templated":true}]}}