{"id":113765,"date":"2020-01-10T16:03:27","date_gmt":"2020-01-10T19:03:27","guid":{"rendered":"http:\/\/www.24baires.com\/?p=113765"},"modified":"2020-01-10T19:07:03","modified_gmt":"2020-01-10T22:07:03","slug":"alfonsin-si-yo-hubiera-sido-gobernador-hubiera-presentado-un-proyecto-como-el-de-kicillof","status":"publish","type":"post","link":"https:\/\/www.24baires.com\/?p=113765","title":{"rendered":"Alfons\u00edn: \u00abSi yo hubiera sido gobernador hubiera presentado un proyecto como el de Kicillof\u00bb"},"content":{"rendered":"<p><img data-recalc-dims=\"1\" loading=\"lazy\" decoding=\"async\" src=\"https:\/\/i0.wp.com\/www.24baires.com\/wp-content\/uploads\/2013\/09\/alfonsin.jpg?resize=560%2C349\" alt=\"\" width=\"560\" height=\"349\" class=\"aligncenter size-full wp-image-32286\" srcset=\"https:\/\/i0.wp.com\/www.24baires.com\/wp-content\/uploads\/2013\/09\/alfonsin.jpg?w=560&amp;ssl=1 560w, https:\/\/i0.wp.com\/www.24baires.com\/wp-content\/uploads\/2013\/09\/alfonsin.jpg?resize=300%2C186&amp;ssl=1 300w\" sizes=\"auto, (max-width: 560px) 100vw, 560px\" \/>El referente del radicalismo cuestion\u00f3 que legisladores de su partido hayan reclamado modificaciones al proyecto que le terminaron quitando equidad a la propuesta.<!--more--><\/p>\n<p>El ex diputado nacional radical Ricardo Alfons\u00edn asegur\u00f3 este viernes que si \u00e9l fuera gobernador bonaerense \u00abhubiera presentado un proyecto de ley impositiva como el que present\u00f3 inicialmente Axel Kicillof\u00bb y advirti\u00f3 que las modificaciones incluidas por Juntos por el Cambio a la iniciativa \u00able quitaron equidad\u00bb a la propuesta.<\/p>\n<p>En declaraciones radiales el dirigente radical asegur\u00f3 que la propuesta original que envi\u00f3 Kicillof a la Legislatura \u00abno establec\u00eda un aumento en el impuesto inmobiliario, sino una actualizaci\u00f3n\u00bb.<\/p>\n<p>Esta semana, la C\u00e1mara de Diputados de la provincia de Buenos Aires convirti\u00f3 en ley el proyecto impositivo 2020, con modificaciones introducidas por la oposici\u00f3n en el Senado en el impuesto inmobiliario urbano y la al\u00edcuota de las actividades portuarias, entre otras.<\/p>\n<p>\u00abLa ley se propon\u00eda conservar el poder adquisitivo que ten\u00edan estos impuestos el a\u00f1o anterior. Para actualizar se utiliz\u00f3 un criterio central que es el de la equidad, seg\u00fan la capacidad productiva\u00bb, describi\u00f3 Alfons\u00edn.<\/p>\n<p>Asimismo, apunt\u00f3 que, a su modo de ver, las modificaciones introducidas por Juntos por el Cambio \u00able han quitado equidad\u00bb a esa propuesta.<\/p>\n<p>\u00abSi yo hubiera sido gobernador, lo digo con mucha franqueza porque a nadie le gusta ni siquiera actualizar impuestos, hubiera presentado un proyecto como el que se present\u00f3 inicialmente\u00bb, acot\u00f3.<\/p>\n<p>En ese tono, destac\u00f3 que \u00ablas modificaciones representan 10 mil millones de pesos menos, que pod\u00edan haber sido destinados a salud y educaci\u00f3n\u00bb.<\/p>\n<p>As\u00ed, el ex legislador manifest\u00f3 que \u00e9l \u00abhubiera tenido una posici\u00f3n distinta\u00bb y dijo desconocer los motivos por los cuales el radicalismo \u00abplante\u00f3 objeciones a las tasas de los que tienen mayor capacidad contributiva\u00bb.<\/p>\n","protected":false},"excerpt":{"rendered":"<p>El referente del radicalismo cuestion\u00f3 que legisladores de su partido hayan reclamado modificaciones al proyecto que le terminaron quitando equidad a la propuesta.<\/p>\n","protected":false},"author":4,"featured_media":0,"comment_status":"open","ping_status":"open","sticky":false,"template":"","format":"standard","meta":{"_jetpack_newsletter_access":"","_jetpack_dont_email_post_to_subs":false,"_jetpack_newsletter_tier_id":0,"_jetpack_memberships_contains_paywalled_content":false,"_jetpack_memberships_contains_paid_content":false,"footnotes":""},"categories":[40],"tags":[],"class_list":["post-113765","post","type-post","status-publish","format-standard","hentry","category-provincia"],"jetpack_shortlink":"https:\/\/wp.me\/p2JWE0-tAV","jetpack-related-posts":[{"id":120475,"url":"https:\/\/www.24baires.com\/?p=120475","url_meta":{"origin":113765,"position":0},"title":"Kicillof particip\u00f3 junto a radicales de la inauguraci\u00f3n del Ateneo Ra\u00fal Alfons\u00edn","author":"AF","date":"14\/09\/2023","format":false,"excerpt":"El gobernador encabez\u00f3 un acto que uni\u00f3 a referentes del partido centenario de cara a la elecci\u00f3n de octubre. Cuestionamientos a los proyectos opositores anti-Estado. \u201cLos compa\u00f1eros correligionarios\u201d. Esa fue la f\u00f3rmula discursiva que el gobernador Axel Kicillof utiliz\u00f3 para agradecer a la dirigencia y la militancia presente este jueves\u2026","rel":"","context":"En \u00abPol\u00edtica\u00bb","block_context":{"text":"Pol\u00edtica","link":"https:\/\/www.24baires.com\/?cat=51"},"img":{"alt_text":"","src":"https:\/\/i0.wp.com\/www.24baires.com\/wp-content\/uploads\/2023\/09\/768156-3a-na-0.jpg?resize=350%2C200","width":350,"height":200},"classes":[]},{"id":122707,"url":"https:\/\/www.24baires.com\/?p=122707","url_meta":{"origin":113765,"position":1},"title":"Kicillof logr\u00f3 convertir en Ley el Presupuesto y la Impositiva, pero no junt\u00f3 los votos para el endeudamiento","author":"GB","date":"27\/11\/2025","format":false,"excerpt":"Luego de una marat\u00f3nica jornada de negociaciones, tanto Diputados como Senadores aprobaron el Presupuesto 2026 y la Ley Impositiva. El endeudamiento se tratar\u00e1 el viernes si el oficialismo consigue los dos tercios necesarios para aprobarlo. Finalmente, y con 9 horas de atraso, sesion\u00f3 Diputados, pero solo aprob\u00f3 el Presupuesto 2026\u2026","rel":"","context":"En \u00abProvincia\u00bb","block_context":{"text":"Provincia","link":"https:\/\/www.24baires.com\/?cat=40"},"img":{"alt_text":"","src":"https:\/\/i0.wp.com\/www.24baires.com\/wp-content\/uploads\/2019\/12\/diputados-bonaerenses.jpg?resize=350%2C200","width":350,"height":200,"srcset":"https:\/\/i0.wp.com\/www.24baires.com\/wp-content\/uploads\/2019\/12\/diputados-bonaerenses.jpg?resize=350%2C200 1x, https:\/\/i0.wp.com\/www.24baires.com\/wp-content\/uploads\/2019\/12\/diputados-bonaerenses.jpg?resize=525%2C300 1.5x, https:\/\/i0.wp.com\/www.24baires.com\/wp-content\/uploads\/2019\/12\/diputados-bonaerenses.jpg?resize=700%2C400 2x"},"classes":[]},{"id":113694,"url":"https:\/\/www.24baires.com\/?p=113694","url_meta":{"origin":113765,"position":2},"title":"El gobierno bonaerense modific\u00f3 el proyecto de ley impositiva","author":"GB","date":"07\/01\/2020","format":false,"excerpt":"El gobierno de la provincia de Buenos Aires modific\u00f3, tras intensas negociaciones, el proyecto de la Ley Impositiva 2020, que ahora contemplar\u00eda un mayor tributo para propiedades de m\u00e1s de 300.000 d\u00f3lares de valor real, y conf\u00eda en que \"la oposici\u00f3n entienda lo necesario de esta ley\" y habilite su\u2026","rel":"","context":"En \u00abProvincia\u00bb","block_context":{"text":"Provincia","link":"https:\/\/www.24baires.com\/?cat=40"},"img":{"alt_text":"","src":"https:\/\/i0.wp.com\/www.24baires.com\/wp-content\/uploads\/2019\/11\/kicillof.jpg?resize=350%2C200","width":350,"height":200,"srcset":"https:\/\/i0.wp.com\/www.24baires.com\/wp-content\/uploads\/2019\/11\/kicillof.jpg?resize=350%2C200 1x, https:\/\/i0.wp.com\/www.24baires.com\/wp-content\/uploads\/2019\/11\/kicillof.jpg?resize=525%2C300 1.5x"},"classes":[]},{"id":121867,"url":"https:\/\/www.24baires.com\/?p=121867","url_meta":{"origin":113765,"position":3},"title":"Kicillof celebrar\u00e1 la amistad entre la Argentina y Brasil desde Chascom\u00fas","author":"GB","date":"03\/12\/2024","format":false,"excerpt":"El Gobernador reforzar\u00e1 el buen v\u00ednculo que mantiene con el pa\u00eds del norte en la fecha conmemorativa del abrazo entre Ra\u00fal Alfons\u00edn y Jos\u00e9 Sarney y el v\u00ednculo que posibilit\u00f3 la consolidaci\u00f3n del Mercosur. El Gobernador bonaerense Axel Kicillof estar\u00e1 en Chascom\u00fas este martes 3 de diciembre para celebrar el\u2026","rel":"","context":"En \u00abProvincia\u00bb","block_context":{"text":"Provincia","link":"https:\/\/www.24baires.com\/?cat=40"},"img":{"alt_text":"","src":"https:\/\/i0.wp.com\/www.24baires.com\/wp-content\/uploads\/2024\/12\/kici-bandera-brasil.webp?resize=350%2C200","width":350,"height":200,"srcset":"https:\/\/i0.wp.com\/www.24baires.com\/wp-content\/uploads\/2024\/12\/kici-bandera-brasil.webp?resize=350%2C200 1x, https:\/\/i0.wp.com\/www.24baires.com\/wp-content\/uploads\/2024\/12\/kici-bandera-brasil.webp?resize=525%2C300 1.5x, https:\/\/i0.wp.com\/www.24baires.com\/wp-content\/uploads\/2024\/12\/kici-bandera-brasil.webp?resize=700%2C400 2x"},"classes":[]},{"id":113713,"url":"https:\/\/www.24baires.com\/?p=113713","url_meta":{"origin":113765,"position":4},"title":"La Legislatura sesiona por la Ley Impositiva","author":"GB","date":"08\/01\/2020","format":false,"excerpt":"En Cambiemos contestaron los reproches de Bianco y, a horas de bajar al recinto, las conversaciones para llegar a acuerdos continuaban. A horas de que termine el martes, el jefe de Gabinete Carlos Bianco le recrimin\u00f3 a Juntos por el Cambio la falta de un interlocutor v\u00e1lido y el legislador\u2026","rel":"","context":"En \u00abLocales\u00bb","block_context":{"text":"Locales","link":"https:\/\/www.24baires.com\/?cat=38"},"img":{"alt_text":"","src":"https:\/\/i0.wp.com\/www.24baires.com\/wp-content\/uploads\/2019\/12\/diputados-bonaerenses.jpg?resize=350%2C200","width":350,"height":200,"srcset":"https:\/\/i0.wp.com\/www.24baires.com\/wp-content\/uploads\/2019\/12\/diputados-bonaerenses.jpg?resize=350%2C200 1x, https:\/\/i0.wp.com\/www.24baires.com\/wp-content\/uploads\/2019\/12\/diputados-bonaerenses.jpg?resize=525%2C300 1.5x"},"classes":[]},{"id":121834,"url":"https:\/\/www.24baires.com\/?p=121834","url_meta":{"origin":113765,"position":5},"title":"El Senado aprob\u00f3 el RIGI bonaerense y modific\u00f3 la ley de jubilatoria de los trabajadores del BAPRO","author":"GB","date":"15\/11\/2024","format":false,"excerpt":"El Senado bonaerense aprob\u00f3 dos proyectos clave de Kicillof, con el apoyo de los libertarios dialoguistas: La reforma jubilatoria y el r\u00e9gimen de fomento a inversiones estrat\u00e9gicas. Este martes, el Senado de la Provincia de Buenos Aires aprob\u00f3 en sesi\u00f3n especial dos importantes proyectos impulsados por el gobernador Axel Kicillof:\u2026","rel":"","context":"En \u00abProvincia\u00bb","block_context":{"text":"Provincia","link":"https:\/\/www.24baires.com\/?cat=40"},"img":{"alt_text":"","src":"https:\/\/i0.wp.com\/www.24baires.com\/wp-content\/uploads\/2014\/08\/senado-bonaerense.jpg?resize=350%2C200","width":350,"height":200,"srcset":"https:\/\/i0.wp.com\/www.24baires.com\/wp-content\/uploads\/2014\/08\/senado-bonaerense.jpg?resize=350%2C200 1x, https:\/\/i0.wp.com\/www.24baires.com\/wp-content\/uploads\/2014\/08\/senado-bonaerense.jpg?resize=525%2C300 1.5x, https:\/\/i0.wp.com\/www.24baires.com\/wp-content\/uploads\/2014\/08\/senado-bonaerense.jpg?resize=700%2C400 2x"},"classes":[]}],"jetpack_sharing_enabled":true,"jetpack_likes_enabled":true,"jetpack_featured_media_url":"","_links":{"self":[{"href":"https:\/\/www.24baires.com\/index.php?rest_route=\/wp\/v2\/posts\/113765","targetHints":{"allow":["GET"]}}],"collection":[{"href":"https:\/\/www.24baires.com\/index.php?rest_route=\/wp\/v2\/posts"}],"about":[{"href":"https:\/\/www.24baires.com\/index.php?rest_route=\/wp\/v2\/types\/post"}],"author":[{"embeddable":true,"href":"https:\/\/www.24baires.com\/index.php?rest_route=\/wp\/v2\/users\/4"}],"replies":[{"embeddable":true,"href":"https:\/\/www.24baires.com\/index.php?rest_route=%2Fwp%2Fv2%2Fcomments&post=113765"}],"version-history":[{"count":1,"href":"https:\/\/www.24baires.com\/index.php?rest_route=\/wp\/v2\/posts\/113765\/revisions"}],"predecessor-version":[{"id":113766,"href":"https:\/\/www.24baires.com\/index.php?rest_route=\/wp\/v2\/posts\/113765\/revisions\/113766"}],"wp:attachment":[{"href":"https:\/\/www.24baires.com\/index.php?rest_route=%2Fwp%2Fv2%2Fmedia&parent=113765"}],"wp:term":[{"taxonomy":"category","embeddable":true,"href":"https:\/\/www.24baires.com\/index.php?rest_route=%2Fwp%2Fv2%2Fcategories&post=113765"},{"taxonomy":"post_tag","embeddable":true,"href":"https:\/\/www.24baires.com\/index.php?rest_route=%2Fwp%2Fv2%2Ftags&post=113765"}],"curies":[{"name":"wp","href":"https:\/\/api.w.org\/{rel}","templated":true}]}}