{"id":113755,"date":"2020-01-10T10:00:29","date_gmt":"2020-01-10T13:00:29","guid":{"rendered":"http:\/\/www.24baires.com\/?p=113755"},"modified":"2020-01-10T09:21:12","modified_gmt":"2020-01-10T12:21:12","slug":"provincia-se-reunio-con-el-banco-mundial-y-delineo-prioridades-en-infraestructura","status":"publish","type":"post","link":"https:\/\/www.24baires.com\/?p=113755","title":{"rendered":"Provincia se reuni\u00f3 con el Banco Mundial y deline\u00f3 prioridades en infraestructura"},"content":{"rendered":"<p><img data-recalc-dims=\"1\" loading=\"lazy\" decoding=\"async\" src=\"https:\/\/i0.wp.com\/www.24baires.com\/wp-content\/uploads\/2020\/01\/provincia-fmi.jpg?resize=560%2C313\" alt=\"\" width=\"560\" height=\"313\" class=\"aligncenter size-full wp-image-113756\" srcset=\"https:\/\/i0.wp.com\/www.24baires.com\/wp-content\/uploads\/2020\/01\/provincia-fmi.jpg?w=560&amp;ssl=1 560w, https:\/\/i0.wp.com\/www.24baires.com\/wp-content\/uploads\/2020\/01\/provincia-fmi.jpg?resize=300%2C168&amp;ssl=1 300w\" sizes=\"auto, (max-width: 560px) 100vw, 560px\" \/>El ministro Agust\u00edn Simone se reuni\u00f3 con autoridades del organismo y explic\u00f3 las prioridades del Gobierno: obras hidr\u00e1ulicas y educativas.<!--more--><\/p>\n<p>Agust\u00edn Simone, titular del Ministerio de Infraestructura y Servicios P\u00fablicos, encabez\u00f3 este jueves un encuentro con autoridades del Banco Mundial pensando en las prioridades de la provincia durante los pr\u00f3ximos a\u00f1os de gesti\u00f3n de Axel Kicillof. <\/p>\n<p>\u201cConversamos sobre las necesidades de infraestructura. Les transmitimos el diagn\u00f3stico de estos casi primeros treinta d\u00edas de gobierno en varios aspectos: temas h\u00eddricos, manejo de inundaciones, agua y saneamiento\u201d, explic\u00f3 Simone a la salida del encuentro.<\/p>\n<p>En esa l\u00ednea, explic\u00f3 que tambi\u00e9n estuvo presente la subsecretaria de Administraci\u00f3n y Recursos humanos de la Direcci\u00f3n General de Cultura y Educaci\u00f3n, Ver\u00f3nica Ferraris, en miras a solucionar problemas educativos en la provincia.<\/p>\n<p>\u201cEl Banco comparte la estrat\u00e9gica visi\u00f3n del gobernador en cuanto a que la accesibilidad y superaci\u00f3n a largo plazo de la pobreza tiene que ver con el desarrollo educativo. Quedamos en avanzar para trabajar en una estrategia integral para enfrentar el d\u00e9ficit de infraestructura  y la modernizaci\u00f3n de la gesti\u00f3n en forma conjunta\u201d, desliz\u00f3 la funcionaria.<\/p>\n<p>En paralelo, el subsecretario de Obras P\u00fablicas, Ernesto Selzer, anticip\u00f3 que el Gobierno trabajar\u00e1 con los municipios para relocalizar barrios y viviendas de zonas inundables sumado a temas como \u201cmejoramiento de caminos e infraestructura b\u00e1sica\u201d.<\/p>\n<p>Por su parte, el subsecretario de Infraestructura Hidr\u00e1ulica, Guillermo Jelinsky, se\u00f1al\u00f3 las necesidades en servicios de saneamiento como agua y cloaca; en construcci\u00f3n de nuevas plantas de tratamientos de efluentes; en recursos econ\u00f3micos que \u201cno est\u00e1n siendo ejecutados y que son necesarios como obras del Salado\u201d. \u201cTienen un desarrollo baj\u00edsimo y es necesario llevarlos adelante. El acompa\u00f1amiento del Banco es fundamental\u201d, dijo.<\/p>\n<p>Por el lado del Banco Mundial estuvieron presentes el Gerente de Operaciones para Argentina, Paraguay y Uruguay, Paul Procee; el Oficial de Pa\u00eds Senior para Argentina, Paraguay y Uruguay; An\u00edbal L\u00f3pez; y la L\u00edder del Programa de Desarrollo Sostenible e Infraestructura para Argentina, Paraguay y Uruguay, Carole Megevand.<\/p>\n","protected":false},"excerpt":{"rendered":"<p>El ministro Agust\u00edn Simone se reuni\u00f3 con autoridades del organismo y explic\u00f3 las prioridades del Gobierno: obras hidr\u00e1ulicas y educativas.<\/p>\n","protected":false},"author":8,"featured_media":0,"comment_status":"open","ping_status":"open","sticky":false,"template":"","format":"standard","meta":{"_jetpack_newsletter_access":"","_jetpack_dont_email_post_to_subs":false,"_jetpack_newsletter_tier_id":0,"_jetpack_memberships_contains_paywalled_content":false,"_jetpack_memberships_contains_paid_content":false,"footnotes":""},"categories":[40],"tags":[],"class_list":["post-113755","post","type-post","status-publish","format-standard","hentry","category-provincia"],"jetpack_shortlink":"https:\/\/wp.me\/p2JWE0-tAL","jetpack-related-posts":[{"id":113826,"url":"https:\/\/www.24baires.com\/?p=113826","url_meta":{"origin":113755,"position":0},"title":"Kicillof se reuni\u00f3 con el ministro Katopodis para coordinar el plan de obras p\u00fablicas","author":"AF","date":"16\/01\/2020","format":false,"excerpt":"Se trata de obras proyectadas que tienen un valor cercano a los 4 mil millones de pesos. El gobernador bonaerense, Axel Kicillof, se reuni\u00f3 hoy con el ministro de Obras P\u00fablicas de la Naci\u00f3n, Gabriel Katopodis, para coordinar el dise\u00f1o de un plan de trabajo conjunto y evaluar la continuidad\u2026","rel":"","context":"En \u00abProvincia\u00bb","block_context":{"text":"Provincia","link":"https:\/\/www.24baires.com\/?cat=40"},"img":{"alt_text":"","src":"https:\/\/i0.wp.com\/www.24baires.com\/wp-content\/uploads\/2020\/01\/kicillof-katopodis.jpg?resize=350%2C200","width":350,"height":200,"srcset":"https:\/\/i0.wp.com\/www.24baires.com\/wp-content\/uploads\/2020\/01\/kicillof-katopodis.jpg?resize=350%2C200 1x, https:\/\/i0.wp.com\/www.24baires.com\/wp-content\/uploads\/2020\/01\/kicillof-katopodis.jpg?resize=525%2C300 1.5x"},"classes":[]},{"id":103957,"url":"https:\/\/www.24baires.com\/?p=103957","url_meta":{"origin":113755,"position":1},"title":"Avanza la declaraci\u00f3n de emergencia en infraestructura escolar","author":"AF","date":"17\/08\/2018","format":false,"excerpt":"Diputados de la oposici\u00f3n lograron ayer avanzar un expediente que plantea la emergencia en infraestructura escolar, un proyecto empujado por todas las bancadas del peronismo luego de la tr\u00e1gica explosi\u00f3n de la escuela de Moreno, que caus\u00f3 dos muertes. El proyecto, que plantea la emergencia en infraestructura escolar por el\u2026","rel":"","context":"En \u00abSociedad\u00bb","block_context":{"text":"Sociedad","link":"https:\/\/www.24baires.com\/?cat=1"},"img":{"alt_text":"","src":"https:\/\/i0.wp.com\/www.24baires.com\/wp-content\/uploads\/2018\/08\/moreno.jpg?resize=350%2C200","width":350,"height":200,"srcset":"https:\/\/i0.wp.com\/www.24baires.com\/wp-content\/uploads\/2018\/08\/moreno.jpg?resize=350%2C200 1x, https:\/\/i0.wp.com\/www.24baires.com\/wp-content\/uploads\/2018\/08\/moreno.jpg?resize=525%2C300 1.5x"},"classes":[]},{"id":114364,"url":"https:\/\/www.24baires.com\/?p=114364","url_meta":{"origin":113755,"position":2},"title":"Kicillof busca que Naci\u00f3n se haga cargo de los subsidios de transporte y energ\u00eda","author":"AF","date":"11\/03\/2020","format":false,"excerpt":"Kicillof empuja para que Naci\u00f3n se haga cargo de los subsidios de transporte y energ\u00eda Desde la gesti\u00f3n bonaerense aseguraron que la Provincia \u201cno est\u00e1 en condiciones de afrontar\u201d los costos y apuestan a la colaboraci\u00f3n de Naci\u00f3n En declaraciones radiales, el titular de Infraestructura y Servicios P\u00fablicos bonaerense, Agust\u00edn\u2026","rel":"","context":"En \u00abProvincia\u00bb","block_context":{"text":"Provincia","link":"https:\/\/www.24baires.com\/?cat=40"},"img":{"alt_text":"","src":"https:\/\/i0.wp.com\/www.24baires.com\/wp-content\/uploads\/2020\/03\/kicillof-operativo-sol.jpg?resize=350%2C200","width":350,"height":200,"srcset":"https:\/\/i0.wp.com\/www.24baires.com\/wp-content\/uploads\/2020\/03\/kicillof-operativo-sol.jpg?resize=350%2C200 1x, https:\/\/i0.wp.com\/www.24baires.com\/wp-content\/uploads\/2020\/03\/kicillof-operativo-sol.jpg?resize=525%2C300 1.5x"},"classes":[]},{"id":114290,"url":"https:\/\/www.24baires.com\/?p=114290","url_meta":{"origin":113755,"position":3},"title":"Vidal dej\u00f3 de pagar la luz de las escuelas y hospitales p\u00fablicos desde que perdi\u00f3 las PASO","author":"AF","date":"03\/03\/2020","format":false,"excerpt":"El ministro de infraestructura de la Provincia, Agust\u00edn Simone, revel\u00f3 que la gesti\u00f3n anterior le dej\u00f3 con Edenor una deuda de 1700 millones de pesos. Despu\u00e9s de perder las elecciones primarias en la provincia de Buenos Aires, la entonces gobernadora Mar\u00eda Eugenia Vidal cort\u00f3 los pagos de los servicios p\u00fablicos\u2026","rel":"","context":"En \u00abProvincia\u00bb","block_context":{"text":"Provincia","link":"https:\/\/www.24baires.com\/?cat=40"},"img":{"alt_text":"","src":"https:\/\/i0.wp.com\/www.24baires.com\/wp-content\/uploads\/2019\/10\/voto-vidal.jpg?resize=350%2C200","width":350,"height":200,"srcset":"https:\/\/i0.wp.com\/www.24baires.com\/wp-content\/uploads\/2019\/10\/voto-vidal.jpg?resize=350%2C200 1x, https:\/\/i0.wp.com\/www.24baires.com\/wp-content\/uploads\/2019\/10\/voto-vidal.jpg?resize=525%2C300 1.5x"},"classes":[]},{"id":113316,"url":"https:\/\/www.24baires.com\/?p=113316","url_meta":{"origin":113755,"position":4},"title":"\u00abHay una situaci\u00f3n de emergencia en la provincia\u00bb","author":"AF","date":"09\/12\/2019","format":false,"excerpt":"El gobernador bonaerense electo, Axel Kicillof, confirm\u00f3 esta tarde su Gabinete, con Pablo L\u00f3pez como ministro de Hacienda y Sergio Berni al frente de la cartera de Seguridad. En tanto, Augusto Costa ser\u00e1 ministro de Producci\u00f3n, Ciencia e Innovaci\u00f3n Tecnol\u00f3gica; Julio Alak encabezar\u00e1 la cartera de Justicia y Derechos Humanos,\u2026","rel":"","context":"En \u00abProvincia\u00bb","block_context":{"text":"Provincia","link":"https:\/\/www.24baires.com\/?cat=40"},"img":{"alt_text":"","src":"https:\/\/i0.wp.com\/www.24baires.com\/wp-content\/uploads\/2014\/01\/axelkicillof.jpg?resize=350%2C200","width":350,"height":200,"srcset":"https:\/\/i0.wp.com\/www.24baires.com\/wp-content\/uploads\/2014\/01\/axelkicillof.jpg?resize=350%2C200 1x, https:\/\/i0.wp.com\/www.24baires.com\/wp-content\/uploads\/2014\/01\/axelkicillof.jpg?resize=525%2C300 1.5x"},"classes":[]},{"id":114387,"url":"https:\/\/www.24baires.com\/?p=114387","url_meta":{"origin":113755,"position":5},"title":"Kicillof se reuni\u00f3 con intendentes del Conurbano tras decretar la emergencia sanitaria","author":"AF","date":"13\/03\/2020","format":false,"excerpt":"Con el foco puesto en el coronavirus, el Gobernador mantuvo un encuentro con intendentes de la Primera Secci\u00f3n. Este viernes Axel Kicillof recibi\u00f3 en La Plata a intendentes del Frente de Todos en la Primera Secci\u00f3n Electoral. Con una agenda atravesada por el coronavirus, el mandatario bonaerense puso el eje\u2026","rel":"","context":"En \u00abProvincia\u00bb","block_context":{"text":"Provincia","link":"https:\/\/www.24baires.com\/?cat=40"},"img":{"alt_text":"","src":"https:\/\/i0.wp.com\/www.24baires.com\/wp-content\/uploads\/2020\/03\/dc76fb64a0c44f71439a458f47e22381.jpg?resize=350%2C200","width":350,"height":200,"srcset":"https:\/\/i0.wp.com\/www.24baires.com\/wp-content\/uploads\/2020\/03\/dc76fb64a0c44f71439a458f47e22381.jpg?resize=350%2C200 1x, https:\/\/i0.wp.com\/www.24baires.com\/wp-content\/uploads\/2020\/03\/dc76fb64a0c44f71439a458f47e22381.jpg?resize=525%2C300 1.5x"},"classes":[]}],"jetpack_sharing_enabled":true,"jetpack_likes_enabled":true,"jetpack_featured_media_url":"","_links":{"self":[{"href":"https:\/\/www.24baires.com\/index.php?rest_route=\/wp\/v2\/posts\/113755","targetHints":{"allow":["GET"]}}],"collection":[{"href":"https:\/\/www.24baires.com\/index.php?rest_route=\/wp\/v2\/posts"}],"about":[{"href":"https:\/\/www.24baires.com\/index.php?rest_route=\/wp\/v2\/types\/post"}],"author":[{"embeddable":true,"href":"https:\/\/www.24baires.com\/index.php?rest_route=\/wp\/v2\/users\/8"}],"replies":[{"embeddable":true,"href":"https:\/\/www.24baires.com\/index.php?rest_route=%2Fwp%2Fv2%2Fcomments&post=113755"}],"version-history":[{"count":1,"href":"https:\/\/www.24baires.com\/index.php?rest_route=\/wp\/v2\/posts\/113755\/revisions"}],"predecessor-version":[{"id":113757,"href":"https:\/\/www.24baires.com\/index.php?rest_route=\/wp\/v2\/posts\/113755\/revisions\/113757"}],"wp:attachment":[{"href":"https:\/\/www.24baires.com\/index.php?rest_route=%2Fwp%2Fv2%2Fmedia&parent=113755"}],"wp:term":[{"taxonomy":"category","embeddable":true,"href":"https:\/\/www.24baires.com\/index.php?rest_route=%2Fwp%2Fv2%2Fcategories&post=113755"},{"taxonomy":"post_tag","embeddable":true,"href":"https:\/\/www.24baires.com\/index.php?rest_route=%2Fwp%2Fv2%2Ftags&post=113755"}],"curies":[{"name":"wp","href":"https:\/\/api.w.org\/{rel}","templated":true}]}}