{"id":113709,"date":"2020-01-07T18:21:50","date_gmt":"2020-01-07T21:21:50","guid":{"rendered":"http:\/\/www.24baires.com\/?p=113709"},"modified":"2020-01-07T21:23:40","modified_gmt":"2020-01-08T00:23:40","slug":"tractorazos-en-la-provincia-contra-las-retenciones-y-el-inmobiliario-rural","status":"publish","type":"post","link":"https:\/\/www.24baires.com\/?p=113709","title":{"rendered":"Tractorazos en la Provincia contra las retenciones y el inmobiliario rural"},"content":{"rendered":"<p><img data-recalc-dims=\"1\" loading=\"lazy\" decoding=\"async\" src=\"https:\/\/i0.wp.com\/www.24baires.com\/wp-content\/uploads\/2014\/10\/federaci%C3%B3n-agragria-corte-campo-protesta-tractor.jpg?resize=560%2C310\" alt=\"\" width=\"560\" height=\"310\" class=\"aligncenter size-full wp-image-54739\" srcset=\"https:\/\/i0.wp.com\/www.24baires.com\/wp-content\/uploads\/2014\/10\/federaci%C3%B3n-agragria-corte-campo-protesta-tractor.jpg?w=560&amp;ssl=1 560w, https:\/\/i0.wp.com\/www.24baires.com\/wp-content\/uploads\/2014\/10\/federaci%C3%B3n-agragria-corte-campo-protesta-tractor.jpg?resize=300%2C166&amp;ssl=1 300w\" sizes=\"auto, (max-width: 560px) 100vw, 560px\" \/>Se dieron movilizaciones de productores rurales en Pergamino y Saliquel\u00f3.<!--more--><\/p>\n<p>Este martes, los productores agropecuarios se hicieron escuchar nuevamente en la provincia de Buenos Aires. En nuevos tractorazos en los distritos de Salliquel\u00f3 y Pergamino, manifestaron su descontento por el aumento de las retenciones y de los impuestos provinciales y municipales. <\/p>\n<p>Son las primeras medidas de fuerza que toman los productores contra las medidas adoptadas por Alberto Fern\u00e1ndez en Naci\u00f3n y Axel Kicillof en Provincia,  a lo que se suma el descontento por algunas tasas por mantenimiento de caminos rurales por parte de municipios. <\/p>\n<p>Las protestas de hoy  tuvieron lugar en Pergamino, donde hubo alrededor de 500 productores con 200 tractores extendidos a lo largo de 20 cuadras, y en Salliquel\u00f3, donde participaron unos 50 camiones y tres tractores que se concentraron en la plaza principal de la ciudad. <\/p>\n<p>Desde el sector rural cuestionan con vehemencia la suba del Impuesto Inmobiliario Rural que pretende la gesti\u00f3n de Kicillof, y la suba de retenciones que decret\u00f3 el gobierno de Alberto Fern\u00e1ndez. Combinadas con el alza de las tasas municipales, que se estiman en orden del 60 por ciento, aseguran que la presi\u00f3n impositiva sobre el sector se hace insostenible y liquida los m\u00e1rgenes de rentabilidad. Tal como lo expres\u00f3 este lunes el presidente de la Sociedad Rural, Daniel Pellegrina.<\/p>\n<p>\u00ab\u00a1Un \u00e9xito el #tractorazo de productores en Pergamino! M\u00e1s de 200 tractores, 20 cuadras de camionetas, muchos vecinos en las veredas apoyando con banderas de Argentina y m\u00e1s de 500 productores en asamblea. \u00a1El campo dice basta!\u00bb, escribi\u00f3 el agrodiputado bonaerense Luciano Bugallo, que particip\u00f3 de la marcha de Pergamino y la difundi\u00f3 por sus redes. All\u00ed tambi\u00e9n estuvo presente el diputado nacional del PRO, Pablo Torello. <\/p>\n<p>Por su parte, desde Salliquel\u00f3, el presidente de la Confederaci\u00f3n de Asociaciones Rurales de Buenos Aires y La Pampa (Carbap), Mat\u00edas de Velazco, expres\u00f3 en conversaci\u00f3n con Infobae que \u00abel malestar de los productores y de la sociedad es muy grande. Nos han expresado en la Asamblea el apoyo a nuestra entidad para avanzar en medidas gremiales que expresen el descontento que existe\u00bb.<\/p>\n","protected":false},"excerpt":{"rendered":"<p>Se dieron movilizaciones de productores rurales en Pergamino y Saliquel\u00f3.<\/p>\n","protected":false},"author":4,"featured_media":0,"comment_status":"open","ping_status":"open","sticky":false,"template":"","format":"standard","meta":{"_jetpack_newsletter_access":"","_jetpack_dont_email_post_to_subs":false,"_jetpack_newsletter_tier_id":0,"_jetpack_memberships_contains_paywalled_content":false,"_jetpack_memberships_contains_paid_content":false,"footnotes":""},"categories":[40],"tags":[],"class_list":["post-113709","post","type-post","status-publish","format-standard","hentry","category-provincia"],"jetpack_shortlink":"https:\/\/wp.me\/p2JWE0-tA1","jetpack-related-posts":[{"id":112787,"url":"https:\/\/www.24baires.com\/?p=112787","url_meta":{"origin":113709,"position":0},"title":"La justicia proces\u00f3 a tres productores rurales en la causa del agua contaminada","author":"GB","date":"31\/10\/2019","format":false,"excerpt":"PERGAMINO-La causa que investiga la contaminaci\u00f3n del agua avanza a pasos agigantados. Ahora, no solo dos funcionarios locales fueron citados por la Justicia sino que tambi\u00e9n se proces\u00f3 a tres productores rurales, considerados \u201ccoautores responsables\u201d de las fumigaciones ilegales que terminaron poniendo en peligro a la poblaci\u00f3n. La causa que\u2026","rel":"","context":"En \u00abMunicipios\u00bb","block_context":{"text":"Municipios","link":"https:\/\/www.24baires.com\/?cat=44"},"img":{"alt_text":"","src":"https:\/\/i0.wp.com\/www.24baires.com\/wp-content\/uploads\/2019\/09\/pergamino-fumigacion.jpg?resize=350%2C200","width":350,"height":200,"srcset":"https:\/\/i0.wp.com\/www.24baires.com\/wp-content\/uploads\/2019\/09\/pergamino-fumigacion.jpg?resize=350%2C200 1x, https:\/\/i0.wp.com\/www.24baires.com\/wp-content\/uploads\/2019\/09\/pergamino-fumigacion.jpg?resize=525%2C300 1.5x"},"classes":[]},{"id":50659,"url":"https:\/\/www.24baires.com\/?p=50659","url_meta":{"origin":113709,"position":1},"title":"Inundaciones en Provincia: nueve distritos se suman al pedido de Emergencia agropecuaria","author":"AF","date":"28\/07\/2014","format":false,"excerpt":"Nuevos distritos bonaerenses se sumaron al pedido de la emergencia agropecuaria por exceso de lluvias, luego de que m\u00e1s de 20 municipios fueran declarados en esa situaci\u00f3n, lo que les permite a los productores afectados prorrogar y eximir el pago de impuestos. Uno de ellos es Olavarr\u00eda, complicado por el\u2026","rel":"","context":"En \u00abMunicipios\u00bb","block_context":{"text":"Municipios","link":"https:\/\/www.24baires.com\/?cat=44"},"img":{"alt_text":"oeste bonaerense inundado","src":"https:\/\/i0.wp.com\/www.24baires.com\/wp-content\/uploads\/2012\/12\/oeste-bonaerense-inundado.jpg?resize=350%2C200","width":350,"height":200,"srcset":"https:\/\/i0.wp.com\/www.24baires.com\/wp-content\/uploads\/2012\/12\/oeste-bonaerense-inundado.jpg?resize=350%2C200 1x, https:\/\/i0.wp.com\/www.24baires.com\/wp-content\/uploads\/2012\/12\/oeste-bonaerense-inundado.jpg?resize=525%2C300 1.5x"},"classes":[]},{"id":113761,"url":"https:\/\/www.24baires.com\/?p=113761","url_meta":{"origin":113709,"position":2},"title":"El campo prepara una asamblea para definir \u201cmedidas de acci\u00f3n\u201d","author":"GB","date":"10\/01\/2020","format":false,"excerpt":"Carbap reunir\u00e1 a sus principales dirigentes la pr\u00f3xima semana en Pergamino, pero antes expres\u00f3 su disconformidad con la sanci\u00f3n de la Ley Impositiva. La Confederaci\u00f3n de Asociaciones Rurales de Buenos Aires y La Pampa (Carbap) hizo escuchar su disconformidad a los legisladores de Juntos por el Cambio y anunci\u00f3 que\u2026","rel":"","context":"En \u00abSociedad\u00bb","block_context":{"text":"Sociedad","link":"https:\/\/www.24baires.com\/?cat=1"},"img":{"alt_text":"","src":"https:\/\/i0.wp.com\/www.24baires.com\/wp-content\/uploads\/2020\/01\/campo.jpg?resize=350%2C200","width":350,"height":200,"srcset":"https:\/\/i0.wp.com\/www.24baires.com\/wp-content\/uploads\/2020\/01\/campo.jpg?resize=350%2C200 1x, https:\/\/i0.wp.com\/www.24baires.com\/wp-content\/uploads\/2020\/01\/campo.jpg?resize=525%2C300 1.5x"},"classes":[]},{"id":113008,"url":"https:\/\/www.24baires.com\/?p=113008","url_meta":{"origin":113709,"position":3},"title":"Declaran la emergencia agropecuaria en distritos de la Provincia","author":"GB","date":"15\/11\/2019","format":false,"excerpt":"A ra\u00edz de la sequ\u00eda que sufrieron localidades se la Sexta Secci\u00f3n electoral, dictaron el estado de emergencia. Ruralistas adelantaron que \"la cosecha de cebada y de trigo est\u00e1n perdidas\u201d. Tras verse afectadas varias parcelas rurales por la sequ\u00eda, la Comisi\u00f3n de Emergencia y Desastre Agropecuario de la provincia de\u2026","rel":"","context":"En \u00abProvincia\u00bb","block_context":{"text":"Provincia","link":"https:\/\/www.24baires.com\/?cat=40"},"img":{"alt_text":"","src":"https:\/\/i0.wp.com\/www.24baires.com\/wp-content\/uploads\/2017\/09\/trigo-campo.jpg?resize=350%2C200","width":350,"height":200,"srcset":"https:\/\/i0.wp.com\/www.24baires.com\/wp-content\/uploads\/2017\/09\/trigo-campo.jpg?resize=350%2C200 1x, https:\/\/i0.wp.com\/www.24baires.com\/wp-content\/uploads\/2017\/09\/trigo-campo.jpg?resize=525%2C300 1.5x"},"classes":[]},{"id":114330,"url":"https:\/\/www.24baires.com\/?p=114330","url_meta":{"origin":113709,"position":4},"title":"Kicillof se refiri\u00f3 al paro de la Mesa de Enlace: \u201cHa sido una actitud que no logro comprender\u201d","author":"AF","date":"06\/03\/2020","format":false,"excerpt":"\u201cBuenos Aires es una provincia productiva y necesitamos que el sector trabaje\u201d, sostuvo el mandatario bonaerense. Tras el cierre del Operativo Sol, el gobernador Axel Kicillof se refiri\u00f3 a la medida de fuerza que anunci\u00f3 la Mesa de Enlace con cuatro d\u00edas de paro para la semana pr\u00f3xima. \u201cHa sido\u2026","rel":"","context":"En \u00abProvincia\u00bb","block_context":{"text":"Provincia","link":"https:\/\/www.24baires.com\/?cat=40"},"img":{"alt_text":"","src":"https:\/\/i0.wp.com\/www.24baires.com\/wp-content\/uploads\/2019\/11\/kicillof.jpg?resize=350%2C200","width":350,"height":200,"srcset":"https:\/\/i0.wp.com\/www.24baires.com\/wp-content\/uploads\/2019\/11\/kicillof.jpg?resize=350%2C200 1x, https:\/\/i0.wp.com\/www.24baires.com\/wp-content\/uploads\/2019\/11\/kicillof.jpg?resize=525%2C300 1.5x"},"classes":[]},{"id":113444,"url":"https:\/\/www.24baires.com\/?p=113444","url_meta":{"origin":113709,"position":5},"title":"Retenciones: no descartan cortes de ruta en la Provincia","author":"GB","date":"16\/12\/2019","format":false,"excerpt":"Lo dijo el titular de Carbap, la Federaci\u00f3n que nuclea a los productores agropecuarios bonaerenses. Seg\u00fan dijo, los productores no hacen lo que quiere la entidad, sino \"el presidente hace lo que quieren las bases\" El presidente de la Confederaci\u00f3n de Asociaciones Rurales de Buenos Aires y La Pampa (Carbap),\u2026","rel":"","context":"En \u00abProvincia\u00bb","block_context":{"text":"Provincia","link":"https:\/\/www.24baires.com\/?cat=40"},"img":{"alt_text":"","src":"https:\/\/i0.wp.com\/www.24baires.com\/wp-content\/uploads\/2019\/12\/cortes-ruta.jpg?resize=350%2C200","width":350,"height":200,"srcset":"https:\/\/i0.wp.com\/www.24baires.com\/wp-content\/uploads\/2019\/12\/cortes-ruta.jpg?resize=350%2C200 1x, https:\/\/i0.wp.com\/www.24baires.com\/wp-content\/uploads\/2019\/12\/cortes-ruta.jpg?resize=525%2C300 1.5x"},"classes":[]}],"jetpack_sharing_enabled":true,"jetpack_likes_enabled":true,"jetpack_featured_media_url":"","_links":{"self":[{"href":"https:\/\/www.24baires.com\/index.php?rest_route=\/wp\/v2\/posts\/113709","targetHints":{"allow":["GET"]}}],"collection":[{"href":"https:\/\/www.24baires.com\/index.php?rest_route=\/wp\/v2\/posts"}],"about":[{"href":"https:\/\/www.24baires.com\/index.php?rest_route=\/wp\/v2\/types\/post"}],"author":[{"embeddable":true,"href":"https:\/\/www.24baires.com\/index.php?rest_route=\/wp\/v2\/users\/4"}],"replies":[{"embeddable":true,"href":"https:\/\/www.24baires.com\/index.php?rest_route=%2Fwp%2Fv2%2Fcomments&post=113709"}],"version-history":[{"count":1,"href":"https:\/\/www.24baires.com\/index.php?rest_route=\/wp\/v2\/posts\/113709\/revisions"}],"predecessor-version":[{"id":113710,"href":"https:\/\/www.24baires.com\/index.php?rest_route=\/wp\/v2\/posts\/113709\/revisions\/113710"}],"wp:attachment":[{"href":"https:\/\/www.24baires.com\/index.php?rest_route=%2Fwp%2Fv2%2Fmedia&parent=113709"}],"wp:term":[{"taxonomy":"category","embeddable":true,"href":"https:\/\/www.24baires.com\/index.php?rest_route=%2Fwp%2Fv2%2Fcategories&post=113709"},{"taxonomy":"post_tag","embeddable":true,"href":"https:\/\/www.24baires.com\/index.php?rest_route=%2Fwp%2Fv2%2Ftags&post=113709"}],"curies":[{"name":"wp","href":"https:\/\/api.w.org\/{rel}","templated":true}]}}