{"id":113702,"date":"2020-01-07T13:00:38","date_gmt":"2020-01-07T16:00:38","guid":{"rendered":"http:\/\/www.24baires.com\/?p=113702"},"modified":"2020-01-07T12:54:50","modified_gmt":"2020-01-07T15:54:50","slug":"se-complica-la-situacion-de-pablo-rago","status":"publish","type":"post","link":"https:\/\/www.24baires.com\/?p=113702","title":{"rendered":"Se complica la situaci\u00f3n de Pablo Rago"},"content":{"rendered":"<p><img data-recalc-dims=\"1\" loading=\"lazy\" decoding=\"async\" src=\"https:\/\/i0.wp.com\/www.24baires.com\/wp-content\/uploads\/2020\/01\/pablo-rago.jpg?resize=350%2C197\" alt=\"\" width=\"350\" height=\"197\" class=\"aligncenter size-full wp-image-113703\" srcset=\"https:\/\/i0.wp.com\/www.24baires.com\/wp-content\/uploads\/2020\/01\/pablo-rago.jpg?w=350&amp;ssl=1 350w, https:\/\/i0.wp.com\/www.24baires.com\/wp-content\/uploads\/2020\/01\/pablo-rago.jpg?resize=300%2C169&amp;ssl=1 300w\" sizes=\"auto, (max-width: 350px) 100vw, 350px\" \/>La situaci\u00f3n de Pablo Rago se complica. El Juzgado en lo Criminal y Correccional N\u00b0 54 decidi\u00f3 imputar al actor por abuso sexual.<!--more--><\/p>\n<p>Rago eligi\u00f3 el silencio y se refugi\u00f3 en su casa confiando en su abogado, Fernando Burlando. \u00c9rica Basile, la mujer que lo denunci\u00f3 por abuso sexual, dice tener pruebas que present\u00f3 ante la justicia para defender su causa y con la que los abogados est\u00e1n trabajando para determinar qu\u00e9 fue lo que pas\u00f3.<\/p>\n<p>A partir de esta medida, Rago tendr\u00e1 que pedir permiso para salir del pa\u00eds y no podr\u00e1 dejar su domicilio por m\u00e1s de 24 horas. \u00abAdem\u00e1s tenemos medidas de prueba aprobadas para que se trabaje durante la feria judicial. La causa avanza y a \u00c9rica le van a realizar distintos peritajes psicol\u00f3gicos y psiqui\u00e1tricos\u00bb, dijo el letrado de Basile, Alejandro Cipolla.<\/p>\n<p>La v\u00edctima dio detalles escabrosos sobre la situaci\u00f3n que asegura haber vivido y son realmente escalofriantes, por lo cual ahora todo el mundo est\u00e1 prestando especial atenci\u00f3n a esta situaci\u00f3n.<\/p>\n<p>Seg\u00fan cont\u00f3, todo se produjo una noche en la que visit\u00f3 a Pablo Rago en su casa. La mujer relat\u00f3 que cuando lleg\u00f3 vio al actor fumando marihuana, actividad en la que no particip\u00f3, y luego comenzaron a besarse y las cosas se salieron de control.<\/p>\n<p>Ah\u00ed fue cuando, seg\u00fan cuenta \u00c9rica, el actor le pidi\u00f3 \u201calgo sexual\u201d a lo que ella no quiso acceder y ah\u00ed fue cuando se puso agresivo: \u201cMe empez\u00f3 a insultar y directamente hubo penetraci\u00f3n no consentida\u201d, explic\u00f3 la denunciante.<\/p>\n<p>Adem\u00e1s, cont\u00f3 cu\u00e1l fue la conducta de Rago tras esta situaci\u00f3n: \u201cLos videos que me enviaba masturb\u00e1ndose fueron inc\u00f3modos. Fueron varios. No lo bloque\u00e9 porque hab\u00edamos quedado en un tema de trabajo, que yo segu\u00eda esperando, y nunca me respondi\u00f3. Solamente me cambiaba de tema\u201d, dijo visiblemente conmovida y shockeada.<\/p>\n<p>Como la mayor\u00eda de las v\u00edctimas de violaci\u00f3n, este hecho trajo consecuencias en su vida diaria que seg\u00fan cuenta, ni siquiera pudo contarle a su familia por el dolor y el trauma que le qued\u00f3 despu\u00e9s de haber vivido eso.<\/p>\n<p>\u201cMe gustar\u00eda que Pablo saliera a hablar y diga que lo que yo digo que es mentira. Que diga que \u00e9l no me toc\u00f3, que no estuvo con una c\u00e1mara y me abus\u00f3. Que lo diga\u2026 Solo \u00e9l y yo sabemos lo que pas\u00f3. Me arruin\u00f3 la vida porque me humill\u00f3. Me siento humillada por completo. Estoy entera por mis cuatro hijos, que los amo y son mi orgullo\u201d, explic\u00f3.<\/p>\n","protected":false},"excerpt":{"rendered":"<p>La situaci\u00f3n de Pablo Rago se complica. El Juzgado en lo Criminal y Correccional N\u00b0 54 decidi\u00f3 imputar al actor por abuso sexual.<\/p>\n","protected":false},"author":8,"featured_media":0,"comment_status":"open","ping_status":"open","sticky":false,"template":"","format":"standard","meta":{"_jetpack_newsletter_access":"","_jetpack_dont_email_post_to_subs":false,"_jetpack_newsletter_tier_id":0,"_jetpack_memberships_contains_paywalled_content":false,"_jetpack_memberships_contains_paid_content":false,"footnotes":""},"categories":[41],"tags":[],"class_list":["post-113702","post","type-post","status-publish","format-standard","hentry","category-espectaculos"],"jetpack_featured_media_url":"","jetpack_shortlink":"https:\/\/wp.me\/p2JWE0-tzU","jetpack-related-posts":[{"id":30246,"url":"https:\/\/www.24baires.com\/?p=30246","url_meta":{"origin":113702,"position":0},"title":"Coordinan las c\u00e1maras de seguridad de Necochea con la Polic\u00eda","author":"AF","date":"16\/08\/2013","format":false,"excerpt":"El servicio de las c\u00e1maras de seguridad que funcionan en la sala de monitoreo de la municipalidad de Necochea es coordinado junto con la Polic\u00eda de la Provincia de Buenos Aires. As\u00ed lo indic\u00f3 Hugo Rago, asesor en Prevenci\u00f3n y Protecci\u00f3n Ciudadana, quien detall\u00f3 que est\u00e1n funcionando 18 c\u00e1maras en\u2026","rel":"","context":"En \u00abLocales\u00bb","block_context":{"text":"Locales","link":"https:\/\/www.24baires.com\/?cat=38"},"img":{"alt_text":"camarasmonitoreo","src":"https:\/\/i0.wp.com\/www.24baires.com\/wp-content\/uploads\/2012\/10\/camarasmonitoreo.jpeg?resize=350%2C200","width":350,"height":200},"classes":[]},{"id":119931,"url":"https:\/\/www.24baires.com\/?p=119931","url_meta":{"origin":113702,"position":1},"title":"Lleg\u00f3 el d\u00eda: dar\u00e1n a conocer el veredicto por el femicidio de Luc\u00eda P\u00e9rez","author":"GB","date":"23\/03\/2023","format":false,"excerpt":"A las 14.30 se leer\u00e1 la resoluci\u00f3n de los jueces que integran el Tribunal Oral en lo Criminal N\u00b02. Las defensas pidieron absoluci\u00f3n de los dos acusados, Mat\u00edas Far\u00edas y Juan Pablo Offidani. La familia P\u00e9rez reclam\u00f3 prisi\u00f3n perpetua para ambos y el fiscal Leandro Ar\u00e9valo solo contempl\u00f3 una pena\u2026","rel":"","context":"En \u00abJUDICIALES\u00bb","block_context":{"text":"JUDICIALES","link":"https:\/\/www.24baires.com\/?cat=68"},"img":{"alt_text":"","src":"https:\/\/i0.wp.com\/www.24baires.com\/wp-content\/uploads\/2018\/12\/justicia-por-lucia.jpg?resize=350%2C200","width":350,"height":200,"srcset":"https:\/\/i0.wp.com\/www.24baires.com\/wp-content\/uploads\/2018\/12\/justicia-por-lucia.jpg?resize=350%2C200 1x, https:\/\/i0.wp.com\/www.24baires.com\/wp-content\/uploads\/2018\/12\/justicia-por-lucia.jpg?resize=525%2C300 1.5x, https:\/\/i0.wp.com\/www.24baires.com\/wp-content\/uploads\/2018\/12\/justicia-por-lucia.jpg?resize=700%2C400 2x"},"classes":[]},{"id":121705,"url":"https:\/\/www.24baires.com\/?p=121705","url_meta":{"origin":113702,"position":2},"title":"Detienen al funcionario de Conte Grand que estaba acusado por abuso sexual de menores","author":"GB","date":"02\/10\/2024","format":false,"excerpt":"Jorge Eduardo Garz\u00f3n, el abogado y funcionario de la Procuraci\u00f3n nombrado por Julio Conte Grand, fue detenido por abuso sexual. Enfrenta penas de 20 a\u00f1os. Luego de seis a\u00f1os de iniciada la causa, la Justicia detuvo a Jorge Eduardo Garz\u00f3n, el abogado y funcionario de la Procuraci\u00f3n Bonaerense -organismo a\u2026","rel":"","context":"En \u00abPol\u00edtica\u00bb","block_context":{"text":"Pol\u00edtica","link":"https:\/\/www.24baires.com\/?cat=51"},"img":{"alt_text":"","src":"https:\/\/i0.wp.com\/www.24baires.com\/wp-content\/uploads\/2024\/10\/funcionario-abuso.webp?resize=350%2C200","width":350,"height":200,"srcset":"https:\/\/i0.wp.com\/www.24baires.com\/wp-content\/uploads\/2024\/10\/funcionario-abuso.webp?resize=350%2C200 1x, https:\/\/i0.wp.com\/www.24baires.com\/wp-content\/uploads\/2024\/10\/funcionario-abuso.webp?resize=525%2C300 1.5x, https:\/\/i0.wp.com\/www.24baires.com\/wp-content\/uploads\/2024\/10\/funcionario-abuso.webp?resize=700%2C400 2x"},"classes":[]},{"id":40173,"url":"https:\/\/www.24baires.com\/?p=40173","url_meta":{"origin":113702,"position":3},"title":"Lanzaron libros infantiles sobre diversidad sexual","author":"Grupo Sierra","date":"10\/02\/2014","format":false,"excerpt":"Molinos de Viento es una editorial con t\u00edtulos sobre la diversidad familiar que se consolid\u00f3 en los \u00faltimos a\u00f1os a la par de las leyes de inclusi\u00f3n y respeto sexual. El proyecto naci\u00f3 desde la necesidad, ya que no hab\u00eda material para familias homoparentales en la Argentina. Una pareja de\u2026","rel":"","context":"En \u00abSociedad\u00bb","block_context":{"text":"Sociedad","link":"https:\/\/www.24baires.com\/?cat=1"},"img":{"alt_text":"diversidad","src":"https:\/\/i0.wp.com\/www.24baires.com\/wp-content\/uploads\/2014\/02\/diversidad.jpg?resize=350%2C200","width":350,"height":200,"srcset":"https:\/\/i0.wp.com\/www.24baires.com\/wp-content\/uploads\/2014\/02\/diversidad.jpg?resize=350%2C200 1x, https:\/\/i0.wp.com\/www.24baires.com\/wp-content\/uploads\/2014\/02\/diversidad.jpg?resize=525%2C300 1.5x"},"classes":[]},{"id":39700,"url":"https:\/\/www.24baires.com\/?p=39700","url_meta":{"origin":113702,"position":4},"title":"Siete juicios por delitos de lesa humanidad comenzar\u00e1n en cuanto termine la feria judicial","author":"GB","date":"02\/02\/2014","format":false,"excerpt":"Siete juicios por delitos de lesa humanidad cometidos durante la dictadura c\u00edvico militar comenzar\u00e1n tras la feria judicial en Capital Federal, Rosario, Mendoza, Tucum\u00e1n, San Juan y Jujuy. El Tribunal Oral en lo Criminal Federal 4 de la Capital Federal fij\u00f3 para el 13 de febrero el inicio de un\u2026","rel":"","context":"En \u00abMemoria\u00bb","block_context":{"text":"Memoria","link":"https:\/\/www.24baires.com\/?cat=50"},"img":{"alt_text":"","src":"","width":0,"height":0},"classes":[]},{"id":106934,"url":"https:\/\/www.24baires.com\/?p=106934","url_meta":{"origin":113702,"position":5},"title":"Ordenan incluir en el registro de violadores al cura Grassi","author":"GB","date":"21\/02\/2019","format":false,"excerpt":"La justicia dictamin\u00f3 que se le extraigan muestras de ADN al padre condenado a 15 a\u00f1os de prisi\u00f3n por abuso sexual agravado y corrupci\u00f3n de menores en 2019. La justicia orden\u00f3 extraer muestras de ADN del cura Julio C\u00e9sar Grassi, condenado a 15 a\u00f1os de prisi\u00f3n por abuso sexual agravado\u2026","rel":"","context":"En \u00abSociedad\u00bb","block_context":{"text":"Sociedad","link":"https:\/\/www.24baires.com\/?cat=1"},"img":{"alt_text":"","src":"https:\/\/i0.wp.com\/www.24baires.com\/wp-content\/uploads\/2013\/09\/grassi3.jpg?resize=350%2C200","width":350,"height":200,"srcset":"https:\/\/i0.wp.com\/www.24baires.com\/wp-content\/uploads\/2013\/09\/grassi3.jpg?resize=350%2C200 1x, https:\/\/i0.wp.com\/www.24baires.com\/wp-content\/uploads\/2013\/09\/grassi3.jpg?resize=525%2C300 1.5x"},"classes":[]}],"jetpack_sharing_enabled":true,"jetpack_likes_enabled":true,"_links":{"self":[{"href":"https:\/\/www.24baires.com\/index.php?rest_route=\/wp\/v2\/posts\/113702","targetHints":{"allow":["GET"]}}],"collection":[{"href":"https:\/\/www.24baires.com\/index.php?rest_route=\/wp\/v2\/posts"}],"about":[{"href":"https:\/\/www.24baires.com\/index.php?rest_route=\/wp\/v2\/types\/post"}],"author":[{"embeddable":true,"href":"https:\/\/www.24baires.com\/index.php?rest_route=\/wp\/v2\/users\/8"}],"replies":[{"embeddable":true,"href":"https:\/\/www.24baires.com\/index.php?rest_route=%2Fwp%2Fv2%2Fcomments&post=113702"}],"version-history":[{"count":1,"href":"https:\/\/www.24baires.com\/index.php?rest_route=\/wp\/v2\/posts\/113702\/revisions"}],"predecessor-version":[{"id":113704,"href":"https:\/\/www.24baires.com\/index.php?rest_route=\/wp\/v2\/posts\/113702\/revisions\/113704"}],"wp:attachment":[{"href":"https:\/\/www.24baires.com\/index.php?rest_route=%2Fwp%2Fv2%2Fmedia&parent=113702"}],"wp:term":[{"taxonomy":"category","embeddable":true,"href":"https:\/\/www.24baires.com\/index.php?rest_route=%2Fwp%2Fv2%2Fcategories&post=113702"},{"taxonomy":"post_tag","embeddable":true,"href":"https:\/\/www.24baires.com\/index.php?rest_route=%2Fwp%2Fv2%2Ftags&post=113702"}],"curies":[{"name":"wp","href":"https:\/\/api.w.org\/{rel}","templated":true}]}}