{"id":113694,"date":"2020-01-07T11:43:29","date_gmt":"2020-01-07T14:43:29","guid":{"rendered":"http:\/\/www.24baires.com\/?p=113694"},"modified":"2020-01-07T11:43:29","modified_gmt":"2020-01-07T14:43:29","slug":"el-gobierno-bonaerense-modifico-el-proyecto-de-ley-impositiva","status":"publish","type":"post","link":"https:\/\/www.24baires.com\/?p=113694","title":{"rendered":"El gobierno bonaerense modific\u00f3 el proyecto de ley impositiva"},"content":{"rendered":"<p><img data-recalc-dims=\"1\" loading=\"lazy\" decoding=\"async\" src=\"https:\/\/i0.wp.com\/www.24baires.com\/wp-content\/uploads\/2019\/11\/kicillof.jpg?resize=560%2C317\" alt=\"\" width=\"560\" height=\"317\" class=\"aligncenter size-full wp-image-112994\" srcset=\"https:\/\/i0.wp.com\/www.24baires.com\/wp-content\/uploads\/2019\/11\/kicillof.jpg?w=560&amp;ssl=1 560w, https:\/\/i0.wp.com\/www.24baires.com\/wp-content\/uploads\/2019\/11\/kicillof.jpg?resize=300%2C170&amp;ssl=1 300w\" sizes=\"auto, (max-width: 560px) 100vw, 560px\" \/>El gobierno de la provincia de Buenos Aires modific\u00f3, tras intensas negociaciones, el proyecto de la Ley Impositiva 2020, que ahora contemplar\u00eda un mayor tributo para propiedades de m\u00e1s de 300.000 d\u00f3lares de valor real, y conf\u00eda en que \u00abla oposici\u00f3n entienda lo necesario de esta ley\u00bb y habilite su tratamiento en la C\u00e1mara de Diputados bonaerense el pr\u00f3ximo mi\u00e9rcoles, informaron este lunes fuentes oficiales.<!--more--><\/p>\n<p>Ver\u00f3nica Magario asegur\u00f3 que \u00abel porcentaje del 75% (de aumento del Inmobiliario) cuestionado lleva much\u00edsimas menos partidas y se est\u00e1 hablando del doble del valor fiscal que se ven\u00eda planteando en el proyecto original\u00bb. A\u00f1adi\u00f3 que en consecuencia \u00abesto alcanzar\u00eda a propiedades que est\u00e1n por encima de los 300 mil d\u00f3lares de su valor real\u00bb.<\/p>\n<p>De la reuni\u00f3n participaron, por el oficialismo, Magario; la ministra de Gobierno bonaerense, Teresa Garc\u00eda; el jefe de Gabinete, Carlos Bianco; el titular de la C\u00e1mara de Diputados, Federico Oterm\u00edn; el vicepresidente de Diputados, Carlos \u00abCuto\u00bb Moreno, y el jefe del bloque del Frente de Todos, Facundo Tignanelli.<\/p>\n<p>Por la oposici\u00f3n estuvieron el jefe de la bancada de Juntos por el Cambio, Maximiliano Abad; el senador Emiliano Reparaz; el intendente de Lan\u00fas, N\u00e9stor Grindetti; el diputado Juan Pablo Allan y el senador Andr\u00e9s De Leo.<\/p>\n<p>Luego, Magario remarc\u00f3 que \u00abseguimos apuntando a beneficiar a los que menos tienen y que los de mayor ingreso hagan un esfuerzo\u00bb. \u00abTambi\u00e9n llegamos a la propuesta que aquellos que tienen la Asignaci\u00f3n Universal no paguen impuestos en la provincia\u00bb, detall\u00f3.<\/p>\n<p>Magario se mostr\u00f3 optimista con la aprobaci\u00f3n del proyecto que ser\u00e1 enviado ma\u00f1ana y remarc\u00f3: \u00abSeguimos abiertos al di\u00e1logo con la mejor predisposici\u00f3n. Noto una actitud distinta a partir de la reuni\u00f3n que mantuvo el gobernador Axel Kicilof con los intendentes, que comprendieron la situaci\u00f3n y la necesidad de esta ley\u00bb. \u00abContamos que entender\u00e1n que esto es necesario, en el buen criterio, en la responsabilidad y que a partir de esta ley la recaudaci\u00f3n ir\u00e1 a los arreglos de las escuelas, de los hospitales y podremos abocarnos a combatir el hambre y trabajar en pos del crecimiento y la producci\u00f3n\u00bb, complet\u00f3 la vicegobernadora bonaerense.<\/p>\n<p>Otra de las modificaciones al proyecto original que incluir\u00e1 la nueva versi\u00f3n afecta al impuesto a los Ingresos Brutos a los medicamentos, tal como reconoci\u00f3 el ministro de Producci\u00f3n, Ciencia e Innovaci\u00f3n Tecnol\u00f3gica bonaerense, Augusto Costa, quien dijo que el gobierno \u00abest\u00e1 revisando\u00bb ese tributo.<\/p>\n<p>Los representantes de Juntos por el Cambio acercaron hoy al oficialismo una serie de modificaciones al proyecto de Ley Impositiva 2020, entre las que se destaca la disminuci\u00f3n de los topes de aumento de los impuestos Inmobiliario Rural e Inmobiliario Urbano. La propuesta de la oposici\u00f3n, a la que tuvo acceso T\u00e9lam, consta de nueve puntos y el m\u00e1s relevante consiste en un pedido para que el esquema del Inmobiliario sea desde el 10% al 55% de aumento, seg\u00fan los tramos, cuando la propuesta original propone que sea de 15% a 75%.<\/p>\n<p>Los legisladores quieren que estos cambios se introduzcan en el proyecto presentado por el gobernador Kicillof, que se buscar\u00e1 debatir este mi\u00e9rcoles en la Legislatura bonaerense. Adem\u00e1s solicitan exenciones en el Inmobiliario para todos los campos de hasta 100 hect\u00e1reas destinados a la explotaci\u00f3n tambera y frenar la iniciativa para que la Provincia recaude 20% de Patentes para autos modelos 2009.<\/p>\n<p>Tambi\u00e9n piden retrotraer a 2019 las al\u00edcuotas del Impuesto a los Ingresos Brutos de la fabricaci\u00f3n de medicamentos de uso humano y productos farmac\u00e9uticos; de la venta al por mayor de cereales, oleaginosas y forrajeras, excepto semillas, y de la venta al por mayor de abonos, fertilizantes y plaguicidas.<\/p>\n<p>En paralelo, buscan que para los servicios profesionales y no profesionales la al\u00edcuota de Ingresos Brutos no suba del 3,5 a 4,5%, como plantea la iniciativa original, y elevar la sobretasa de medio punto para quienes facturen m\u00e1s de 500 mil pesos mensuales y no 80 mil, como busca el Gobierno.<\/p>\n<p>A la vez, la oposici\u00f3n requiere eliminar los impuestos extraordinarios a las actividades portuarias. Sobre la exenci\u00f3n del Impuesto a los Automotores para los transportes p\u00fablicos de pasajeros, apuntan a agregar a las sociedades con participaci\u00f3n estatal mayoritaria.<\/p>\n<p>En el marco de las intensas negociaciones por la ley, Kicillof se reuni\u00f3 hoy con el presidente Alberto Fern\u00e1ndez. Tambi\u00e9n se destac\u00f3 un encuentro del intendente opositor Grindetti con el primer mandatario, en la Casa Rosada, previa reuni\u00f3n con el vicejefe de asesores gubernamentales, Juli\u00e1n Leunda.<\/p>\n","protected":false},"excerpt":{"rendered":"<p>El gobierno de la provincia de Buenos Aires modific\u00f3, tras intensas negociaciones, el proyecto de la Ley Impositiva 2020, que ahora contemplar\u00eda un mayor tributo para propiedades de m\u00e1s de 300.000 d\u00f3lares de valor real, y conf\u00eda en que \u00abla oposici\u00f3n entienda lo necesario de esta ley\u00bb y habilite su tratamiento en la C\u00e1mara de Diputados bonaerense el pr\u00f3ximo mi\u00e9rcoles, [&#8230;]<\/p>\n","protected":false},"author":8,"featured_media":0,"comment_status":"open","ping_status":"open","sticky":false,"template":"","format":"standard","meta":{"_jetpack_newsletter_access":"","_jetpack_dont_email_post_to_subs":false,"_jetpack_newsletter_tier_id":0,"_jetpack_memberships_contains_paywalled_content":false,"_jetpack_memberships_contains_paid_content":false,"footnotes":""},"categories":[40],"tags":[],"class_list":["post-113694","post","type-post","status-publish","format-standard","hentry","category-provincia"],"jetpack_shortlink":"https:\/\/wp.me\/p2JWE0-tzM","jetpack-related-posts":[{"id":113738,"url":"https:\/\/www.24baires.com\/?p=113738","url_meta":{"origin":113694,"position":0},"title":"Provincia confirm\u00f3 bono a estatales","author":"GB","date":"09\/01\/2020","format":false,"excerpt":"El gobierno bonaerense expres\u00f3 la intenci\u00f3n de aplicar el aumento a los gremios, pero con las modificaciones que impuso la oposici\u00f3n a la ley impositiva deber\u00e1 hacer las cuentas nuevamente. La sanci\u00f3n de la ley impositiva 2020 con los cambios impuestos por parte de la oposici\u00f3n ya comenz\u00f3 a hacer\u2026","rel":"","context":"En \u00abLocales\u00bb","block_context":{"text":"Locales","link":"https:\/\/www.24baires.com\/?cat=38"},"img":{"alt_text":"","src":"","width":0,"height":0},"classes":[]},{"id":113720,"url":"https:\/\/www.24baires.com\/?p=113720","url_meta":{"origin":113694,"position":1},"title":"Con media sanci\u00f3n, el Senado trata la Ley Impositiva","author":"AF","date":"08\/01\/2020","format":false,"excerpt":"Tras un cuarto intermedio por negociaciones de \u00faltimo momento con la oposici\u00f3n, el oficialismo bonaerense logr\u00f3 darle media sanci\u00f3n a la ley impositiva. Desde la 16 se trata en el Senado. Luego de un nuevo cuarto intermedio por negociaciones de \u00faltimo momento entre el gobierno de Axel Kicillof y la\u2026","rel":"","context":"En \u00abProvincia\u00bb","block_context":{"text":"Provincia","link":"https:\/\/www.24baires.com\/?cat=40"},"img":{"alt_text":"","src":"https:\/\/i0.wp.com\/www.24baires.com\/wp-content\/uploads\/2019\/11\/kicillof.jpg?resize=350%2C200","width":350,"height":200,"srcset":"https:\/\/i0.wp.com\/www.24baires.com\/wp-content\/uploads\/2019\/11\/kicillof.jpg?resize=350%2C200 1x, https:\/\/i0.wp.com\/www.24baires.com\/wp-content\/uploads\/2019\/11\/kicillof.jpg?resize=525%2C300 1.5x"},"classes":[]},{"id":113713,"url":"https:\/\/www.24baires.com\/?p=113713","url_meta":{"origin":113694,"position":2},"title":"La Legislatura sesiona por la Ley Impositiva","author":"GB","date":"08\/01\/2020","format":false,"excerpt":"En Cambiemos contestaron los reproches de Bianco y, a horas de bajar al recinto, las conversaciones para llegar a acuerdos continuaban. A horas de que termine el martes, el jefe de Gabinete Carlos Bianco le recrimin\u00f3 a Juntos por el Cambio la falta de un interlocutor v\u00e1lido y el legislador\u2026","rel":"","context":"En \u00abLocales\u00bb","block_context":{"text":"Locales","link":"https:\/\/www.24baires.com\/?cat=38"},"img":{"alt_text":"","src":"https:\/\/i0.wp.com\/www.24baires.com\/wp-content\/uploads\/2019\/12\/diputados-bonaerenses.jpg?resize=350%2C200","width":350,"height":200,"srcset":"https:\/\/i0.wp.com\/www.24baires.com\/wp-content\/uploads\/2019\/12\/diputados-bonaerenses.jpg?resize=350%2C200 1x, https:\/\/i0.wp.com\/www.24baires.com\/wp-content\/uploads\/2019\/12\/diputados-bonaerenses.jpg?resize=525%2C300 1.5x"},"classes":[]},{"id":113581,"url":"https:\/\/www.24baires.com\/?p=113581","url_meta":{"origin":113694,"position":3},"title":"La Legislatura trata la ley impositiva 2020 que envi\u00f3 Kicillof","author":"GB","date":"26\/12\/2019","format":false,"excerpt":"El gobernador busca sostener la recaudaci\u00f3n bonaerense para evitar que la crisis contin\u00faa asfixiando a los sectores m\u00e1s vulnerables. Los legisladores se preparan para discutir la ley impositiva que ingres\u00f3, este martes, el gobernador Axel Kicillof, que incluye un incremento promedio del 54,6% de la presi\u00f3n impositiva, en el marco\u2026","rel":"","context":"En \u00abProvincia\u00bb","block_context":{"text":"Provincia","link":"https:\/\/www.24baires.com\/?cat=40"},"img":{"alt_text":"","src":"https:\/\/i0.wp.com\/www.24baires.com\/wp-content\/uploads\/2019\/12\/diputados-bonaerenses.jpg?resize=350%2C200","width":350,"height":200,"srcset":"https:\/\/i0.wp.com\/www.24baires.com\/wp-content\/uploads\/2019\/12\/diputados-bonaerenses.jpg?resize=350%2C200 1x, https:\/\/i0.wp.com\/www.24baires.com\/wp-content\/uploads\/2019\/12\/diputados-bonaerenses.jpg?resize=525%2C300 1.5x"},"classes":[]},{"id":113616,"url":"https:\/\/www.24baires.com\/?p=113616","url_meta":{"origin":113694,"position":4},"title":"Provincia descarta que vaya a promover un reval\u00fao fiscal para el Campo","author":"GB","date":"28\/12\/2019","format":false,"excerpt":"La versi\u00f3n surgi\u00f3 a partir de un p\u00e1rrafo de la Ley Impositiva que puso en alerta a las entidades del campo. Desde el Gobierno se\u00f1alaron que no est\u00e1 en agenda y que adem\u00e1s implementarlo requerir\u00eda acuerdo Legislativo. El proyecto de Ley Impositiva que Axel Kicillof remiti\u00f3 a la Legislatura no\u2026","rel":"","context":"En \u00abProvincia\u00bb","block_context":{"text":"Provincia","link":"https:\/\/www.24baires.com\/?cat=40"},"img":{"alt_text":"","src":"https:\/\/i0.wp.com\/www.24baires.com\/wp-content\/uploads\/2019\/12\/campo.jpg?resize=350%2C200","width":350,"height":200,"srcset":"https:\/\/i0.wp.com\/www.24baires.com\/wp-content\/uploads\/2019\/12\/campo.jpg?resize=350%2C200 1x, https:\/\/i0.wp.com\/www.24baires.com\/wp-content\/uploads\/2019\/12\/campo.jpg?resize=525%2C300 1.5x"},"classes":[]},{"id":113723,"url":"https:\/\/www.24baires.com\/?p=113723","url_meta":{"origin":113694,"position":5},"title":"Con cambios, el Senado tambi\u00e9n aprob\u00f3 la Ley Impositiva","author":"AF","date":"08\/01\/2020","format":false,"excerpt":"Por las modificaciones que le introdujo la oposici\u00f3n, la C\u00e1mara alta gir\u00f3 la iniciativa a Diputados que por la ma\u00f1ana ya la hab\u00eda aprobado. Con 45 votos a favor y ninguno en contra, el Senado bonaerense aprob\u00f3 la Ley Impositiva 2020. Juntos por el Cambio propuso cambios en el Impuesto\u2026","rel":"","context":"En \u00abProvincia\u00bb","block_context":{"text":"Provincia","link":"https:\/\/www.24baires.com\/?cat=40"},"img":{"alt_text":"","src":"https:\/\/i0.wp.com\/www.24baires.com\/wp-content\/uploads\/2020\/01\/magario-senado.jpg?resize=350%2C200","width":350,"height":200,"srcset":"https:\/\/i0.wp.com\/www.24baires.com\/wp-content\/uploads\/2020\/01\/magario-senado.jpg?resize=350%2C200 1x, https:\/\/i0.wp.com\/www.24baires.com\/wp-content\/uploads\/2020\/01\/magario-senado.jpg?resize=525%2C300 1.5x"},"classes":[]}],"jetpack_sharing_enabled":true,"jetpack_likes_enabled":true,"jetpack_featured_media_url":"","_links":{"self":[{"href":"https:\/\/www.24baires.com\/index.php?rest_route=\/wp\/v2\/posts\/113694","targetHints":{"allow":["GET"]}}],"collection":[{"href":"https:\/\/www.24baires.com\/index.php?rest_route=\/wp\/v2\/posts"}],"about":[{"href":"https:\/\/www.24baires.com\/index.php?rest_route=\/wp\/v2\/types\/post"}],"author":[{"embeddable":true,"href":"https:\/\/www.24baires.com\/index.php?rest_route=\/wp\/v2\/users\/8"}],"replies":[{"embeddable":true,"href":"https:\/\/www.24baires.com\/index.php?rest_route=%2Fwp%2Fv2%2Fcomments&post=113694"}],"version-history":[{"count":1,"href":"https:\/\/www.24baires.com\/index.php?rest_route=\/wp\/v2\/posts\/113694\/revisions"}],"predecessor-version":[{"id":113695,"href":"https:\/\/www.24baires.com\/index.php?rest_route=\/wp\/v2\/posts\/113694\/revisions\/113695"}],"wp:attachment":[{"href":"https:\/\/www.24baires.com\/index.php?rest_route=%2Fwp%2Fv2%2Fmedia&parent=113694"}],"wp:term":[{"taxonomy":"category","embeddable":true,"href":"https:\/\/www.24baires.com\/index.php?rest_route=%2Fwp%2Fv2%2Fcategories&post=113694"},{"taxonomy":"post_tag","embeddable":true,"href":"https:\/\/www.24baires.com\/index.php?rest_route=%2Fwp%2Fv2%2Ftags&post=113694"}],"curies":[{"name":"wp","href":"https:\/\/api.w.org\/{rel}","templated":true}]}}