{"id":113692,"date":"2020-01-06T18:00:23","date_gmt":"2020-01-06T21:00:23","guid":{"rendered":"http:\/\/www.24baires.com\/?p=113692"},"modified":"2020-01-06T16:06:33","modified_gmt":"2020-01-06T19:06:33","slug":"intendente-de-cambiemos-pidio-que-se-apruebe-la-ley-impositiva-de-kicillof","status":"publish","type":"post","link":"https:\/\/www.24baires.com\/?p=113692","title":{"rendered":"Intendente de Cambiemos pidi\u00f3 que se apruebe la Ley Impositiva de Kicillof"},"content":{"rendered":"<p><img data-recalc-dims=\"1\" loading=\"lazy\" decoding=\"async\" src=\"https:\/\/i0.wp.com\/www.24baires.com\/wp-content\/uploads\/2019\/11\/kicillof.jpg?resize=560%2C317\" alt=\"\" width=\"560\" height=\"317\" class=\"aligncenter size-full wp-image-112994\" srcset=\"https:\/\/i0.wp.com\/www.24baires.com\/wp-content\/uploads\/2019\/11\/kicillof.jpg?w=560&amp;ssl=1 560w, https:\/\/i0.wp.com\/www.24baires.com\/wp-content\/uploads\/2019\/11\/kicillof.jpg?resize=300%2C170&amp;ssl=1 300w\" sizes=\"auto, (max-width: 560px) 100vw, 560px\" \/>V\u00edctor Aiola, intendente de Chacabuco (UCR) habl\u00f3 sobre la ley impositiva que se tratar\u00e1 desde el mi\u00e9rcoles en la legislatura bonaerense: \u201cLos legisladores son responsables, van a plantear alternativas, pero finalmente se tiene que dar la aprobaci\u00f3n de la ley impositiva\u201d.<!--more--><\/p>\n<p>En declaraciones al programa \u201cHabr\u00e1 consecuencias\u201d, por El Destape Radio,  el dirigente remarc\u00f3: \u201cLos intendentes radicales debemos llevar la voz cantante en la relaci\u00f3n con el Gobernador. Es para celebrar que nos llame, siendo nosotros de la oposici\u00f3n y haber tenido la posibilidad de habernos expresado y plantear nuestras inquietudes. Suma y hay que seguir manteniendo estas reuniones e ir afianzando el di\u00e1logo\u201d. \u201cHay que trabajar juntos, porque lo importante es el vecino, no lo partidarios. El vecino no quiere chicanas pol\u00edticas, quiere que trabajemos para que viva mejor\u201d.<\/p>\n<p>En ese sentido, Aiola remarc\u00f3: \u201cDespu\u00e9s de ganar las elecciones en noviembre, declar\u00e9 la emergencia financiera en Chacabuco. Tuve que aumentar las tasas un 50%. De esa forma pude gobernar la ciudad. Al Gobernador seguramente le pas\u00f3 lo mismo: necesita herramientas para poder gobernar. Los radicales somos respetuosos de la decisi\u00f3n del pueblo y vamos a acompa\u00f1ar\u201d.<\/p>\n<p>Asimismo, el jefe comunal subray\u00f3: \u201cCoincido en que a mucha gente le ha ido muy bien, sobre todo a los que trabajan productos en d\u00f3lares. Y son ellos los que tienen que hacer un esfuerzo. Tenemos que ver qui\u00e9n tiene que poner el hombro para poder sacar esto adelante. Lo tenemos que hacer entre todos. Los sectores que tienen mayor poder adquisitivo tienen que hacer un mayor esfuerzo, en eso coincido con el Gobernador\u201d.<\/p>\n<p>Adem\u00e1s, Aiola dijo: \u201cEl Gobernador habl\u00f3 de la emergencia educativa, de la emergencia econ\u00f3mica y de la reactivaci\u00f3n. Nosotros hablamos de los insumos hospitalarios y de que IOMA no funciona como debiera funcionar. Se habl\u00f3 de que independientemente de lo partidario van a bajar muchas pol\u00edticas p\u00fablicas y van a tratar de descentralizar la provincia, para que los ministros hablen directamente con los secretarios de los municipios\u201d.<\/p>\n<p>Por \u00faltimo el chacabuquense asever\u00f3: \u201cTodos queremos una provincia mucho mejor. Obviamente que a nadie le gusta aumentar las tasas, pero cuando las cosas son bien explicadas y se tratan con respeto, la situaci\u00f3n se entiende. El camino es el di\u00e1logo. No pasa por un enfrenamiento entre campo y Gobierno. Las partes han hablado y hubo un entendimiento. Y eso me parece sano y maduro\u201d.<\/p>\n","protected":false},"excerpt":{"rendered":"<p>V\u00edctor Aiola, intendente de Chacabuco (UCR) habl\u00f3 sobre la ley impositiva que se tratar\u00e1 desde el mi\u00e9rcoles en la legislatura bonaerense: \u201cLos legisladores son responsables, van a plantear alternativas, pero finalmente se tiene que dar la aprobaci\u00f3n de la ley impositiva\u201d.<\/p>\n","protected":false},"author":4,"featured_media":0,"comment_status":"open","ping_status":"open","sticky":false,"template":"","format":"standard","meta":{"_jetpack_newsletter_access":"","_jetpack_dont_email_post_to_subs":false,"_jetpack_newsletter_tier_id":0,"_jetpack_memberships_contains_paywalled_content":false,"_jetpack_memberships_contains_paid_content":false,"footnotes":""},"categories":[40],"tags":[],"class_list":["post-113692","post","type-post","status-publish","format-standard","hentry","category-provincia"],"jetpack_shortlink":"https:\/\/wp.me\/p2JWE0-tzK","jetpack-related-posts":[{"id":113624,"url":"https:\/\/www.24baires.com\/?p=113624","url_meta":{"origin":113692,"position":0},"title":"Kicillof: \u201cNo aprobar la Impositiva es nocivo para los intendentes\u201d","author":"GB","date":"30\/12\/2019","format":false,"excerpt":"En busca de conseguir recursos para afrontar la emergencia en la provincia, el gobernador cruz\u00f3 a la oposici\u00f3n por no tener un interlocutor en pos de negociar los alcances de la ley. El gobernador bonaerense Axel Kicillof les avis\u00f3 a los intendentes de la provincia el riesgo que corren por\u2026","rel":"","context":"En \u00abProvincia\u00bb","block_context":{"text":"Provincia","link":"https:\/\/www.24baires.com\/?cat=40"},"img":{"alt_text":"","src":"https:\/\/i0.wp.com\/www.24baires.com\/wp-content\/uploads\/2019\/11\/kicillof.jpg?resize=350%2C200","width":350,"height":200,"srcset":"https:\/\/i0.wp.com\/www.24baires.com\/wp-content\/uploads\/2019\/11\/kicillof.jpg?resize=350%2C200 1x, https:\/\/i0.wp.com\/www.24baires.com\/wp-content\/uploads\/2019\/11\/kicillof.jpg?resize=525%2C300 1.5x"},"classes":[]},{"id":113612,"url":"https:\/\/www.24baires.com\/?p=113612","url_meta":{"origin":113692,"position":1},"title":"Kicillof tild\u00f3 de \u201cirresponsable\u201d a la oposici\u00f3n","author":"AF","date":"27\/12\/2019","format":false,"excerpt":"\u201cEste Gobernador no va a aceptar extorsiones para aprobar leyes, menos todav\u00eda mentiras\", sostuvo en conferencia de prensa tras la ca\u00edda de Ley Impositiva. Luego de que se cayera el tratamiento la Ley Impositiva y de la conferencia de prensa de legisladores e intendentes de la oposici\u00f3n, el gobernador Axel\u2026","rel":"","context":"En \u00abProvincia\u00bb","block_context":{"text":"Provincia","link":"https:\/\/www.24baires.com\/?cat=40"},"img":{"alt_text":"","src":"https:\/\/i0.wp.com\/www.24baires.com\/wp-content\/uploads\/2019\/11\/kicillof.jpg?resize=350%2C200","width":350,"height":200,"srcset":"https:\/\/i0.wp.com\/www.24baires.com\/wp-content\/uploads\/2019\/11\/kicillof.jpg?resize=350%2C200 1x, https:\/\/i0.wp.com\/www.24baires.com\/wp-content\/uploads\/2019\/11\/kicillof.jpg?resize=525%2C300 1.5x"},"classes":[]},{"id":113648,"url":"https:\/\/www.24baires.com\/?p=113648","url_meta":{"origin":113692,"position":2},"title":"Kicillof recibir\u00e1 a los intendentes de la oposici\u00f3n","author":"GB","date":"02\/01\/2020","format":false,"excerpt":"En busca de llegar a un acuerdo para que la norma se trate nuevamente en la Legislatura, los jefes comunales de Juntos por el Cambio arribar\u00e1n a Gobernaci\u00f3n. Fracasadas las negociaciones con los legisladores de Juntos por el Cambio por el proyecto de Ley Impositiva, el gobernador Axel Kicillof recibir\u00e1\u2026","rel":"","context":"En \u00abProvincia\u00bb","block_context":{"text":"Provincia","link":"https:\/\/www.24baires.com\/?cat=40"},"img":{"alt_text":"","src":"https:\/\/i0.wp.com\/www.24baires.com\/wp-content\/uploads\/2020\/01\/kicillof-charla.jpg?resize=350%2C200","width":350,"height":200,"srcset":"https:\/\/i0.wp.com\/www.24baires.com\/wp-content\/uploads\/2020\/01\/kicillof-charla.jpg?resize=350%2C200 1x, https:\/\/i0.wp.com\/www.24baires.com\/wp-content\/uploads\/2020\/01\/kicillof-charla.jpg?resize=525%2C300 1.5x"},"classes":[]},{"id":113694,"url":"https:\/\/www.24baires.com\/?p=113694","url_meta":{"origin":113692,"position":3},"title":"El gobierno bonaerense modific\u00f3 el proyecto de ley impositiva","author":"GB","date":"07\/01\/2020","format":false,"excerpt":"El gobierno de la provincia de Buenos Aires modific\u00f3, tras intensas negociaciones, el proyecto de la Ley Impositiva 2020, que ahora contemplar\u00eda un mayor tributo para propiedades de m\u00e1s de 300.000 d\u00f3lares de valor real, y conf\u00eda en que \"la oposici\u00f3n entienda lo necesario de esta ley\" y habilite su\u2026","rel":"","context":"En \u00abProvincia\u00bb","block_context":{"text":"Provincia","link":"https:\/\/www.24baires.com\/?cat=40"},"img":{"alt_text":"","src":"https:\/\/i0.wp.com\/www.24baires.com\/wp-content\/uploads\/2019\/11\/kicillof.jpg?resize=350%2C200","width":350,"height":200,"srcset":"https:\/\/i0.wp.com\/www.24baires.com\/wp-content\/uploads\/2019\/11\/kicillof.jpg?resize=350%2C200 1x, https:\/\/i0.wp.com\/www.24baires.com\/wp-content\/uploads\/2019\/11\/kicillof.jpg?resize=525%2C300 1.5x"},"classes":[]},{"id":113581,"url":"https:\/\/www.24baires.com\/?p=113581","url_meta":{"origin":113692,"position":4},"title":"La Legislatura trata la ley impositiva 2020 que envi\u00f3 Kicillof","author":"GB","date":"26\/12\/2019","format":false,"excerpt":"El gobernador busca sostener la recaudaci\u00f3n bonaerense para evitar que la crisis contin\u00faa asfixiando a los sectores m\u00e1s vulnerables. Los legisladores se preparan para discutir la ley impositiva que ingres\u00f3, este martes, el gobernador Axel Kicillof, que incluye un incremento promedio del 54,6% de la presi\u00f3n impositiva, en el marco\u2026","rel":"","context":"En \u00abProvincia\u00bb","block_context":{"text":"Provincia","link":"https:\/\/www.24baires.com\/?cat=40"},"img":{"alt_text":"","src":"https:\/\/i0.wp.com\/www.24baires.com\/wp-content\/uploads\/2019\/12\/diputados-bonaerenses.jpg?resize=350%2C200","width":350,"height":200,"srcset":"https:\/\/i0.wp.com\/www.24baires.com\/wp-content\/uploads\/2019\/12\/diputados-bonaerenses.jpg?resize=350%2C200 1x, https:\/\/i0.wp.com\/www.24baires.com\/wp-content\/uploads\/2019\/12\/diputados-bonaerenses.jpg?resize=525%2C300 1.5x"},"classes":[]},{"id":111662,"url":"https:\/\/www.24baires.com\/?p=111662","url_meta":{"origin":113692,"position":5},"title":"Vidal anunciar\u00e1 un paquete de medidas orientadas a la clase media y las Pymes","author":"GB","date":"16\/08\/2019","format":false,"excerpt":"La gobernadora analiza otorgar un bono para los empleados estatales, sacar nuevas l\u00edneas de cr\u00e9dito para las pymes, actualizar los programas sociales y ajustar el salario docente La gobernadora de la provincia de Buenos Aires, Mar\u00eda Eugenia Vidal, anunciar\u00e1 el martes pr\u00f3ximo un paquete de medidas econ\u00f3micas orientadas a la\u2026","rel":"","context":"En \u00abProvincia\u00bb","block_context":{"text":"Provincia","link":"https:\/\/www.24baires.com\/?cat=40"},"img":{"alt_text":"","src":"https:\/\/i0.wp.com\/www.24baires.com\/wp-content\/uploads\/2019\/08\/vidal.jpg?resize=350%2C200","width":350,"height":200,"srcset":"https:\/\/i0.wp.com\/www.24baires.com\/wp-content\/uploads\/2019\/08\/vidal.jpg?resize=350%2C200 1x, https:\/\/i0.wp.com\/www.24baires.com\/wp-content\/uploads\/2019\/08\/vidal.jpg?resize=525%2C300 1.5x"},"classes":[]}],"jetpack_sharing_enabled":true,"jetpack_likes_enabled":true,"jetpack_featured_media_url":"","_links":{"self":[{"href":"https:\/\/www.24baires.com\/index.php?rest_route=\/wp\/v2\/posts\/113692","targetHints":{"allow":["GET"]}}],"collection":[{"href":"https:\/\/www.24baires.com\/index.php?rest_route=\/wp\/v2\/posts"}],"about":[{"href":"https:\/\/www.24baires.com\/index.php?rest_route=\/wp\/v2\/types\/post"}],"author":[{"embeddable":true,"href":"https:\/\/www.24baires.com\/index.php?rest_route=\/wp\/v2\/users\/4"}],"replies":[{"embeddable":true,"href":"https:\/\/www.24baires.com\/index.php?rest_route=%2Fwp%2Fv2%2Fcomments&post=113692"}],"version-history":[{"count":1,"href":"https:\/\/www.24baires.com\/index.php?rest_route=\/wp\/v2\/posts\/113692\/revisions"}],"predecessor-version":[{"id":113693,"href":"https:\/\/www.24baires.com\/index.php?rest_route=\/wp\/v2\/posts\/113692\/revisions\/113693"}],"wp:attachment":[{"href":"https:\/\/www.24baires.com\/index.php?rest_route=%2Fwp%2Fv2%2Fmedia&parent=113692"}],"wp:term":[{"taxonomy":"category","embeddable":true,"href":"https:\/\/www.24baires.com\/index.php?rest_route=%2Fwp%2Fv2%2Fcategories&post=113692"},{"taxonomy":"post_tag","embeddable":true,"href":"https:\/\/www.24baires.com\/index.php?rest_route=%2Fwp%2Fv2%2Ftags&post=113692"}],"curies":[{"name":"wp","href":"https:\/\/api.w.org\/{rel}","templated":true}]}}