{"id":113636,"date":"2019-12-30T21:11:25","date_gmt":"2019-12-31T00:11:25","guid":{"rendered":"http:\/\/www.24baires.com\/?p=113636"},"modified":"2019-12-30T21:11:25","modified_gmt":"2019-12-31T00:11:25","slug":"extendieron-un-mes-mas-el-congelamiento-de-las-cuotas-de-los-creditos-hipotecarios-uva","status":"publish","type":"post","link":"https:\/\/www.24baires.com\/?p=113636","title":{"rendered":"Extendieron un mes m\u00e1s el congelamiento de las cuotas de los cr\u00e9ditos hipotecarios UVA"},"content":{"rendered":"<p><img data-recalc-dims=\"1\" loading=\"lazy\" decoding=\"async\" src=\"https:\/\/i0.wp.com\/www.24baires.com\/wp-content\/uploads\/2019\/03\/protesta-creditos-uva.jpg?resize=560%2C349\" alt=\"\" width=\"560\" height=\"349\" class=\"aligncenter size-full wp-image-107448\" srcset=\"https:\/\/i0.wp.com\/www.24baires.com\/wp-content\/uploads\/2019\/03\/protesta-creditos-uva.jpg?w=560&amp;ssl=1 560w, https:\/\/i0.wp.com\/www.24baires.com\/wp-content\/uploads\/2019\/03\/protesta-creditos-uva.jpg?resize=300%2C187&amp;ssl=1 300w\" sizes=\"auto, (max-width: 560px) 100vw, 560px\" \/>A la espera de que el Gobierno encuentre una soluci\u00f3n al drama de los hipotecados UVA, el Banco Central prorrog\u00f3 la medida adoptada en campa\u00f1a por el ex presidente Mauricio Macri.<!--more--><\/p>\n<p>El Banco Central de la Rep\u00fabluca Argentina (BCRA) inform\u00f3 este lunes a trav\u00e9s de una circular que acord\u00f3 con el ministerio de Desarrollo Territorial y H\u00e1bitat a cargo de Mar\u00eda Eugenia Bielsa, la entensi\u00f3n por un mes m\u00e1s del congelamiento de las cuotas que pagan los \u00abhipotecados UVA\u00bb.<\/p>\n<p>El BCRA resolvi\u00f3 \u00abextender durante el mes de enero de 2020 los beneficios que se pusieron en marcha en el marco de la crisis econ\u00f3mica que atraviesa la Argentina, para compensar el aumento en las cuotas de los tomadores de cr\u00e9ditos con garant\u00eda hipotecaria ajustables por Unidad de Valor Adquisitivo (UVA)\u00bb.<\/p>\n<p>El congelamiento de las cuotas fue dispuesto por el ex presidente Mauricio Macri por decreto en el marco de la campa\u00f1a presidencial luego de meses de desoir el reclamo de los hipotecados por una soluci\u00f3n a su drama.<\/p>\n<p>\u00abEl beneficio que se extiende es una cobertura extraordinaria y una compensaci\u00f3n extraordinaria: el mantenimiento de la cuota al valor de agosto y que ten\u00eda fecha de vencimiento el 31 de diciembre\u00bb.<\/p>\n<p>El Banco Central tambi\u00e9n inform\u00f3 que \u00abse conformar\u00e1 una comisi\u00f3n para evaluar el desempe\u00f1o y las consecuencias del sistema de pr\u00e9stamos ajustables por UVA para la adquisici\u00f3n de viviendas, sus consecuencias sociales y econ\u00f3micas, atendiendo al criterio del esfuerzo compartido entre acreedor y deudor\u00bb.<\/p>\n<p>Los cr\u00e9ditos hipotecarios UVA se convirtieron en una trampa para las miles de familias que los tomaron y que luego de dos a\u00f1os de haber pagado religiosamente sus cuotas (a pesar de su disparada merced de la inflaci\u00f3n) no solo no vieron reducirse el capital adeudado si no que por el contrario deben el doble que antes. Es decir llevan dos a\u00f1os pagando y deben el doble que antes.<\/p>\n","protected":false},"excerpt":{"rendered":"<p>A la espera de que el Gobierno encuentre una soluci\u00f3n al drama de los hipotecados UVA, el Banco Central prorrog\u00f3 la medida adoptada en campa\u00f1a por el ex presidente Mauricio Macri.<\/p>\n","protected":false},"author":4,"featured_media":0,"comment_status":"open","ping_status":"open","sticky":false,"template":"","format":"standard","meta":{"_jetpack_newsletter_access":"","_jetpack_dont_email_post_to_subs":false,"_jetpack_newsletter_tier_id":0,"_jetpack_memberships_contains_paywalled_content":false,"_jetpack_memberships_contains_paid_content":false,"footnotes":""},"categories":[45],"tags":[],"class_list":["post-113636","post","type-post","status-publish","format-standard","hentry","category-economia"],"jetpack_featured_media_url":"","jetpack_shortlink":"https:\/\/wp.me\/p2JWE0-tyQ","jetpack-related-posts":[{"id":113656,"url":"https:\/\/www.24baires.com\/?p=113656","url_meta":{"origin":113636,"position":0},"title":"Cr\u00e9ditos UVA: oficializaron el congelamiento de las cuotas por 30 d\u00edas","author":"GB","date":"02\/01\/2020","format":false,"excerpt":"El Gobierno prorrog\u00f3 durante todo enero las cuotas, mientras eval\u00faa c\u00f3mo se modificar\u00e1 el sistema para compensar el aumento en las cuotas de los tomadores de cr\u00e9ditos con garant\u00eda hipotecaria ajustables por Unidades de Valor Adquisitivo. As\u00ed los deudores pagar\u00e1n el mismo monto que hab\u00edan abonado en agosto de 2019\u2026","rel":"","context":"En \u00abPol\u00edtica\u00bb","block_context":{"text":"Pol\u00edtica","link":"https:\/\/www.24baires.com\/?cat=51"},"img":{"alt_text":"","src":"https:\/\/i0.wp.com\/www.24baires.com\/wp-content\/uploads\/2020\/01\/creditos-uva.jpg?resize=350%2C200","width":350,"height":200,"srcset":"https:\/\/i0.wp.com\/www.24baires.com\/wp-content\/uploads\/2020\/01\/creditos-uva.jpg?resize=350%2C200 1x, https:\/\/i0.wp.com\/www.24baires.com\/wp-content\/uploads\/2020\/01\/creditos-uva.jpg?resize=525%2C300 1.5x"},"classes":[]},{"id":93534,"url":"https:\/\/www.24baires.com\/?p=93534","url_meta":{"origin":113636,"position":1},"title":"Desde hoy, pueden gestionarse cr\u00e9ditos hipotecarios a 30 a\u00f1os","author":"AF","date":"03\/04\/2017","format":false,"excerpt":"Los bancos Naci\u00f3n, Provincia y Ciudad comenzaron este lunes a ofrecer cr\u00e9ditos hipotecarios a 30 a\u00f1os de plazo, que se rigen por la Unidad de Valor Adquisitivo (UVA). Los bancos Naci\u00f3n, Provincia y Ciudad comenzaron este lunes a ofrecer cr\u00e9ditos hipotecarios a 30 a\u00f1os de plazo, que se rigen por\u2026","rel":"","context":"En \u00abSociedad\u00bb","block_context":{"text":"Sociedad","link":"https:\/\/www.24baires.com\/?cat=1"},"img":{"alt_text":"","src":"https:\/\/i0.wp.com\/www.24baires.com\/wp-content\/uploads\/2014\/05\/banco-naci%C3%B3n2.jpg?resize=350%2C200","width":350,"height":200,"srcset":"https:\/\/i0.wp.com\/www.24baires.com\/wp-content\/uploads\/2014\/05\/banco-naci%C3%B3n2.jpg?resize=350%2C200 1x, https:\/\/i0.wp.com\/www.24baires.com\/wp-content\/uploads\/2014\/05\/banco-naci%C3%B3n2.jpg?resize=525%2C300 1.5x"},"classes":[]},{"id":107794,"url":"https:\/\/www.24baires.com\/?p=107794","url_meta":{"origin":113636,"position":2},"title":"Vidal sigue a Macri: congela la tarifa de luz y pone tope a los cr\u00e9ditos UVA","author":"GB","date":"24\/04\/2019","format":false,"excerpt":"La gobernadora anunciar\u00e1 este mi\u00e9rcoles una serie de medidas econ\u00f3micas con las que busca paliar la inflaci\u00f3n y reactivar la econom\u00eda en la Provincia. La gobernadora bonaerense Mar\u00eda Eugenia Vidal anunciar\u00e1 este mi\u00e9rcoles el congelamiento de las tarifas de luz en la Provincia, un tope en las cuotas de los\u2026","rel":"","context":"En \u00abProvincia\u00bb","block_context":{"text":"Provincia","link":"https:\/\/www.24baires.com\/?cat=40"},"img":{"alt_text":"","src":"https:\/\/i0.wp.com\/www.24baires.com\/wp-content\/uploads\/2019\/03\/vidal.jpg?resize=350%2C200","width":350,"height":200,"srcset":"https:\/\/i0.wp.com\/www.24baires.com\/wp-content\/uploads\/2019\/03\/vidal.jpg?resize=350%2C200 1x, https:\/\/i0.wp.com\/www.24baires.com\/wp-content\/uploads\/2019\/03\/vidal.jpg?resize=525%2C300 1.5x"},"classes":[]},{"id":111659,"url":"https:\/\/www.24baires.com\/?p=111659","url_meta":{"origin":113636,"position":3},"title":"El gobierno anunci\u00f3 que congelar\u00e1 hasta fin de a\u00f1o las cuotas de cr\u00e9ditos UVA","author":"GB","date":"16\/08\/2019","format":false,"excerpt":"El Gobierno nacional anunci\u00f3 la suspensi\u00f3n de los ajustes por inflaci\u00f3n de los cr\u00e9ditos UVA hasta fin de a\u00f1o y su reemplazo por el \u00cdndice de Variaci\u00f3n Salarial. El anuncio, que hab\u00eda sido adelantado este mediod\u00eda, consiste en el reemplazo, hasta diciembre, del ajuste por inflaci\u00f3n de los cr\u00e9ditos UVA\u2026","rel":"","context":"En \u00abPol\u00edtica\u00bb","block_context":{"text":"Pol\u00edtica","link":"https:\/\/www.24baires.com\/?cat=51"},"img":{"alt_text":"","src":"https:\/\/i0.wp.com\/www.24baires.com\/wp-content\/uploads\/2018\/09\/uva.jpg?resize=350%2C200","width":350,"height":200,"srcset":"https:\/\/i0.wp.com\/www.24baires.com\/wp-content\/uploads\/2018\/09\/uva.jpg?resize=350%2C200 1x, https:\/\/i0.wp.com\/www.24baires.com\/wp-content\/uploads\/2018\/09\/uva.jpg?resize=525%2C300 1.5x"},"classes":[]},{"id":107447,"url":"https:\/\/www.24baires.com\/?p=107447","url_meta":{"origin":113636,"position":4},"title":"Hipotecados UVA protestaron contra la incesante suba de los cr\u00e9ditos","author":"GB","date":"31\/03\/2019","format":false,"excerpt":"Afectados por la devaluaci\u00f3n y el consecuente incremento de la inflaci\u00f3n, los cr\u00e9ditos UVA se convirtieron en impagables para las familias. Desde su creaci\u00f3n en 2016 la suba del UVA acumula 143%, ya que la cuota que en mayo era de 2016 era de 6153 pesos, costar\u00e1 en abril 14556\u2026","rel":"","context":"En \u00abPol\u00edtica\u00bb","block_context":{"text":"Pol\u00edtica","link":"https:\/\/www.24baires.com\/?cat=51"},"img":{"alt_text":"","src":"https:\/\/i0.wp.com\/www.24baires.com\/wp-content\/uploads\/2019\/03\/protesta-creditos-uva.jpg?resize=350%2C200","width":350,"height":200,"srcset":"https:\/\/i0.wp.com\/www.24baires.com\/wp-content\/uploads\/2019\/03\/protesta-creditos-uva.jpg?resize=350%2C200 1x, https:\/\/i0.wp.com\/www.24baires.com\/wp-content\/uploads\/2019\/03\/protesta-creditos-uva.jpg?resize=525%2C300 1.5x"},"classes":[]},{"id":92911,"url":"https:\/\/www.24baires.com\/?p=92911","url_meta":{"origin":113636,"position":5},"title":"El Banco Naci\u00f3n lanza cr\u00e9ditos hipotecarios a 30 a\u00f1os","author":"GB","date":"08\/03\/2017","format":false,"excerpt":"Una de las caracter\u00edsticas principales de este nuevo cr\u00e9dito es que arrancar\u00e1 de una cuota muy baja, sin duda la menor del mercado Desde el Banco Naci\u00f3n se anunci\u00f3 la primera l\u00ednea de cr\u00e9ditos hipotecarios a 30 a\u00f1os. El directorio de la entidad est\u00e1 terminando de discutir los detalles, pero\u2026","rel":"","context":"En \u00abEconom\u00eda\u00bb","block_context":{"text":"Econom\u00eda","link":"https:\/\/www.24baires.com\/?cat=45"},"img":{"alt_text":"","src":"https:\/\/i0.wp.com\/www.24baires.com\/wp-content\/uploads\/2013\/12\/banco-central.jpg?resize=350%2C200","width":350,"height":200,"srcset":"https:\/\/i0.wp.com\/www.24baires.com\/wp-content\/uploads\/2013\/12\/banco-central.jpg?resize=350%2C200 1x, https:\/\/i0.wp.com\/www.24baires.com\/wp-content\/uploads\/2013\/12\/banco-central.jpg?resize=525%2C300 1.5x"},"classes":[]}],"jetpack_sharing_enabled":true,"jetpack_likes_enabled":true,"_links":{"self":[{"href":"https:\/\/www.24baires.com\/index.php?rest_route=\/wp\/v2\/posts\/113636","targetHints":{"allow":["GET"]}}],"collection":[{"href":"https:\/\/www.24baires.com\/index.php?rest_route=\/wp\/v2\/posts"}],"about":[{"href":"https:\/\/www.24baires.com\/index.php?rest_route=\/wp\/v2\/types\/post"}],"author":[{"embeddable":true,"href":"https:\/\/www.24baires.com\/index.php?rest_route=\/wp\/v2\/users\/4"}],"replies":[{"embeddable":true,"href":"https:\/\/www.24baires.com\/index.php?rest_route=%2Fwp%2Fv2%2Fcomments&post=113636"}],"version-history":[{"count":1,"href":"https:\/\/www.24baires.com\/index.php?rest_route=\/wp\/v2\/posts\/113636\/revisions"}],"predecessor-version":[{"id":113637,"href":"https:\/\/www.24baires.com\/index.php?rest_route=\/wp\/v2\/posts\/113636\/revisions\/113637"}],"wp:attachment":[{"href":"https:\/\/www.24baires.com\/index.php?rest_route=%2Fwp%2Fv2%2Fmedia&parent=113636"}],"wp:term":[{"taxonomy":"category","embeddable":true,"href":"https:\/\/www.24baires.com\/index.php?rest_route=%2Fwp%2Fv2%2Fcategories&post=113636"},{"taxonomy":"post_tag","embeddable":true,"href":"https:\/\/www.24baires.com\/index.php?rest_route=%2Fwp%2Fv2%2Ftags&post=113636"}],"curies":[{"name":"wp","href":"https:\/\/api.w.org\/{rel}","templated":true}]}}