{"id":11362,"date":"2013-01-06T12:58:56","date_gmt":"2013-01-06T15:58:56","guid":{"rendered":"http:\/\/www.24baires.com\/?p=11362"},"modified":"2013-01-07T14:44:06","modified_gmt":"2013-01-07T17:44:06","slug":"llegada-de-la-fragata-la-presidenta-encabezara-el-acto-de-recibimiento","status":"publish","type":"post","link":"https:\/\/www.24baires.com\/?p=11362","title":{"rendered":"Llegada de la Fragata: la Presidenta encabezar\u00e1 el acto de recibimiento"},"content":{"rendered":"<p style=\"text-align: left;\"><strong><a href=\"http:\/\/www.24baires.com\/sociedad\/10624-se-quiso-parodiar-el-19-y-20-de-diciembre-cuando-el-pais-realmente-se-incendiaba\/attachment\/c-fernandez\/\" rel=\"attachment wp-att-10625\"><img data-recalc-dims=\"1\" loading=\"lazy\" decoding=\"async\" class=\"size-full wp-image-10625 aligncenter\" alt=\"c fern\u00e1ndez\" src=\"https:\/\/i0.wp.com\/www.24baires.com\/wp-content\/uploads\/2012\/12\/c-fern%C3%A1ndez.jpg?resize=510%2C340\" width=\"510\" height=\"340\" srcset=\"https:\/\/i0.wp.com\/www.24baires.com\/wp-content\/uploads\/2012\/12\/c-fern%C3%A1ndez.jpg?w=510&amp;ssl=1 510w, https:\/\/i0.wp.com\/www.24baires.com\/wp-content\/uploads\/2012\/12\/c-fern%C3%A1ndez.jpg?resize=300%2C200&amp;ssl=1 300w\" sizes=\"auto, (max-width: 510px) 100vw, 510px\" \/><\/a><\/strong><\/p>\n<p style=\"text-align: left;\"><strong>MAR DEL PLATA &#8211;<\/strong> Cristina Fern\u00e1ndez de Kirchner encabezar\u00e1 el mi\u00e9rcoles 9 el acto de recibimiento a la Fragata ARA Libertad que arribar\u00e1 al puerto de Mar del Plata procedente de Ghana.<!--more--><\/p>\n<p>Los detalles de c\u00f3mo ser\u00e1 la recepci\u00f3n de la embarcaci\u00f3n insignia de la armada argentina se terminar\u00e1n de ultimar en los pr\u00f3ximos d\u00edas, pero ya trascendi\u00f3 que habr\u00e1n m\u00faltiples presentaciones art\u00edsticas como complemento de la jornada.<\/p>\n<p>Adem\u00e1s, unas 150 embarcaciones de los clubes n\u00e1uticos de la ciudad balnearia escoltar\u00e1n a la Fragata Libertad en su navegaci\u00f3n desde la altura de Parque Camet hasta su ingreso al puerto de la ciudad, seg\u00fan anunci\u00f3 la presidenta del Club N\u00e1utico Mar del Plata, Susana Salerno.<\/p>\n<p>Seg\u00fan explic\u00f3, los barcos del Yatch Club Argentino, el Club de Moton\u00e1utica, el Yatch Club Centro Naval y el N\u00e1utico, realizar\u00e1n un desfile por todo el frente costero de Mar del Plata.<\/p>\n<p>Para ello, los propietarios de las embarcaciones \u201cse est\u00e1n anotando en cada uno de sus clubes para armar una lista que se env\u00eda a Prefectura Naval Argentina (PNA)\u201d<\/p>\n<p>El titular de la Prefectura de Mar del Plata, prefecto Carlos Barrios Cardozo, estim\u00f3 que \u201cel buque de la Armada arribar\u00eda el mi\u00e9rcoles 9, entre las 17 y 18 horas, mientras que el acto se llevar\u00eda a cabo a las 20&#8243;.<\/p>\n<p>El prefecto precis\u00f3 que se est\u00e1 \u201ccoordinando la actividad n\u00e1utica deportiva, y consensuando pautas de seguridad al momento de la aproximaci\u00f3n de las embarcaciones hacia la Fragata, de la toma del canal acceso al Puerto y el momento del amarre\u201d.<\/p>\n<p>Ma\u00f1ana a las 10.30, se brindar\u00e1 una conferencia de prensa donde se dar\u00e1n detalles del desfile n\u00e1utico y dem\u00e1s actividades que se realizar\u00e1n para el recibimiento de la nave insignia argentina.<\/p>\n<p>La Fragata ARA Libertad, buque escuela de la Armada Argentina, parti\u00f3 el 19 de diciembre a las 13.20 (hora argentina) del puerto de Tema con 143 marineros a bordo tras haber estado 78 d\u00edas retenida en Ghana, donde la justicia local hab\u00eda ordenado su detenci\u00f3n respondiendo a un reclamo judicial impulsado por el fondo buitre NML de los Estados Unidos.<\/p>\n<p>El 2 de octubre fue el d\u00eda en que la justicia ghanesa hizo lugar al pedido de los fondos buitre y orden\u00f3 retener la Fragata.<\/p>\n<p>La decisi\u00f3n judicial que hab\u00eda generado la retenci\u00f3n de la Fragata en aguas africanas fue revertida el 15 de diciembre cuando el Tribunal Internacional del Derechos del Mar orden\u00f3 a Ghana la liberaci\u00f3n \u201cinmediata\u201d e \u201cincondicional\u201d del buque de guerra.<\/p>\n<p>Para llegar a Mar del Plata, la Fragata tendr\u00e1 que recorrer unos 8.000 kil\u00f3metros.<\/p>\n<p>La decisi\u00f3n de que arribara a la Costa Atl\u00e1ntica fue tomada por la presidenta Cristina Fern\u00e1ndez de Kirchner de modo que puedan verla las cientos de miles de personas que veranean cada a\u00f1o a la costa argentina.<\/p>\n<p>En el marco del regreso de la Fragata a la Argentina, el 2 de enero el gobierno nacional difundi\u00f3 un spot en el que los tripulantes anuncian su pronta llagada y env\u00edan saludos por el nuevo a\u00f1o a sus familias y a todos los argentinos.<\/p>\n<p>Todos los miembros de la tripulaci\u00f3n que intervienen en el video, que dura poco m\u00e1s de dos minutos, destacan el \u201corgullo de volver a casa\u201d con la Fragata.<\/p>\n<p>Entre quienes aparecen en el video hay operadores de la consola de m\u00e1quinas, integrantes del taller de electricidad, del equipo de cocineros y del sector de comunicaci\u00f3n.<\/p>\n<p>El spot, titulado \u00abPrimeras im\u00e1genes desde la Fragata Libertad en su regreso a la Argentina\u00bb, puede apreciarse a trav\u00e9s del sitio YouTube en \u00abCasa Rosada\u00bb, canal oficial de la Casa de Gobierno.<\/p>\n<p>&nbsp;<\/p>\n<p>&nbsp;<\/p>\n<p>&nbsp;<\/p>\n<p>&nbsp;<\/p>\n<p>&nbsp;<\/p>\n<p>&nbsp;<\/p>\n<p>&nbsp;<\/p>\n<p>&nbsp;<\/p>\n<p>&nbsp;<\/p>\n<p>&nbsp;<\/p>\n<p>&nbsp;<\/p>\n<p>&nbsp;<\/p>\n<p>&nbsp;<\/p>\n<p>&nbsp;<\/p>\n<p>&nbsp;<\/p>\n<p>&nbsp;<\/p>\n<p>&nbsp;<\/p>\n<p>&nbsp;<\/p>\n<p>&nbsp;<\/p>\n<p>&nbsp;<\/p>\n<p>&nbsp;<\/p>\n<p>&nbsp;<\/p>\n<p>&nbsp;<\/p>\n<p>&nbsp;<\/p>\n<p>&nbsp;<\/p>\n<p>&nbsp;<\/p>\n<p>&nbsp;<\/p>\n<p>&nbsp;<\/p>\n<p>&nbsp;<\/p>\n<p>&nbsp;<\/p>\n","protected":false},"excerpt":{"rendered":"<p>MAR DEL PLATA &#8211; Cristina Fern\u00e1ndez de Kirchner encabezar\u00e1 el mi\u00e9rcoles 9 el acto de recibimiento a la Fragata ARA Libertad que arribar\u00e1 al puerto de Mar del Plata procedente de Ghana.<\/p>\n","protected":false},"author":4,"featured_media":0,"comment_status":"open","ping_status":"open","sticky":false,"template":"","format":"standard","meta":{"_jetpack_newsletter_access":"","_jetpack_dont_email_post_to_subs":false,"_jetpack_newsletter_tier_id":0,"_jetpack_memberships_contains_paywalled_content":false,"_jetpack_memberships_contains_paid_content":false,"footnotes":""},"categories":[1],"tags":[],"class_list":["post-11362","post","type-post","status-publish","format-standard","hentry","category-sociedad"],"jetpack_featured_media_url":"","jetpack_shortlink":"https:\/\/wp.me\/p2JWE0-2Xg","jetpack-related-posts":[{"id":11455,"url":"https:\/\/www.24baires.com\/?p=11455","url_meta":{"origin":11362,"position":0},"title":"Ya navega en aguas argentinas la Fragata Libertad","author":"Grupo Sierra","date":"07\/01\/2013","format":false,"excerpt":"La cartera de Defensa, que encabeza Arturo Puricelli, precis\u00f3 que la Fragata Libertad a las 03.32 de la madrugada de hoy cruz\u00f3 el l\u00edmite lateral mar\u00edtimo e ingres\u00f3 en aguas de jurisdicci\u00f3n argentina. Reiter\u00f3 que se espera su arribo a la Base Naval Mar del Plata el mi\u00e9rcoles a la\u2026","rel":"","context":"En \u00abSociedad\u00bb","block_context":{"text":"Sociedad","link":"https:\/\/www.24baires.com\/?cat=1"},"img":{"alt_text":"fragata libertad","src":"https:\/\/i0.wp.com\/www.24baires.com\/wp-content\/uploads\/2012\/12\/fragata-libertad.jpg?resize=350%2C200","width":350,"height":200,"srcset":"https:\/\/i0.wp.com\/www.24baires.com\/wp-content\/uploads\/2012\/12\/fragata-libertad.jpg?resize=350%2C200 1x, https:\/\/i0.wp.com\/www.24baires.com\/wp-content\/uploads\/2012\/12\/fragata-libertad.jpg?resize=525%2C300 1.5x"},"classes":[]},{"id":11679,"url":"https:\/\/www.24baires.com\/?p=11679","url_meta":{"origin":11362,"position":1},"title":"200 mil personas en el acto y cerca de 500 mil en los alrededores","author":"Grupo Sierra","date":"09\/01\/2013","format":false,"excerpt":"Una multitud se congreg\u00f3 frente a la base naval de Mar del Plata para participar del acto del recibimiento de la Fragata Libertad encabezado por la presidenta Cristina Fern\u00e1ndez de Kirchner. En tanto, en los alrededores, unas 500 mil personas siguieron el arribo de la Fragata durante su trayectoria hacia\u2026","rel":"","context":"En \u00abPol\u00edtica\u00bb","block_context":{"text":"Pol\u00edtica","link":"https:\/\/www.24baires.com\/?cat=51"},"img":{"alt_text":"","src":"","width":0,"height":0},"classes":[]},{"id":11651,"url":"https:\/\/www.24baires.com\/?p=11651","url_meta":{"origin":11362,"position":2},"title":"Finalmente atrac\u00f3 la Fragata Libertad en el Puerto de Mar del Plata","author":"Grupo Sierra","date":"09\/01\/2013","format":false,"excerpt":"La Fragata ARA Libertad ingres\u00f3 al puerto de Mar del Plata procedente de Ghana, donde fue retenida ilegalmente por la justicia local a ra\u00edz de una acci\u00f3n interpuesta por un fondo buitre. El acto que encabezar\u00e1 la Presidenta comienza a las 20. Miles de personas cubr\u00edan esta tarde los parques\u2026","rel":"","context":"En \u00abPol\u00edtica\u00bb","block_context":{"text":"Pol\u00edtica","link":"https:\/\/www.24baires.com\/?cat=51"},"img":{"alt_text":"fragata entra","src":"https:\/\/i0.wp.com\/www.24baires.com\/wp-content\/uploads\/2013\/01\/fragata-entra.jpg?resize=350%2C200","width":350,"height":200,"srcset":"https:\/\/i0.wp.com\/www.24baires.com\/wp-content\/uploads\/2013\/01\/fragata-entra.jpg?resize=350%2C200 1x, https:\/\/i0.wp.com\/www.24baires.com\/wp-content\/uploads\/2013\/01\/fragata-entra.jpg?resize=525%2C300 1.5x"},"classes":[]},{"id":10961,"url":"https:\/\/www.24baires.com\/?p=10961","url_meta":{"origin":11362,"position":3},"title":"La Senadora Di Rado propone \u00abuna jornada de celeste y blanco\u00bb para recibir a la Fragata","author":"AF","date":"02\/01\/2013","format":false,"excerpt":"La Fragata Libertad arribar\u00e1 el 9 de enero al puerto de Mar del Plata, tras su viaje desde el puerto de Ghana en el que estuvo retenida. La senadora provincial por el Frente para la Victoria, Cristina Di Rado, dijo que \u201cese d\u00eda todos los marplatenses y los turistas debemos\u2026","rel":"","context":"En \u00abSociedad\u00bb","block_context":{"text":"Sociedad","link":"https:\/\/www.24baires.com\/?cat=1"},"img":{"alt_text":"di rado ok","src":"https:\/\/i0.wp.com\/www.24baires.com\/wp-content\/uploads\/2013\/01\/di-rado-ok.jpg?resize=350%2C200","width":350,"height":200},"classes":[]},{"id":56401,"url":"https:\/\/www.24baires.com\/?p=56401","url_meta":{"origin":11362,"position":4},"title":"La Fragata Libertad ya est\u00e1 en Mar del Plata","author":"Grupo Sierra","date":"01\/11\/2014","format":false,"excerpt":"La nave escuela lleg\u00f3 a la Base de Mar del Plata tras realizar su 44\u00b0 viaje de instrucci\u00f3n, por los mares de Am\u00e9rica Latina, en el marco de una ceremonia de recepci\u00f3n presidida por el ministro de Defensa, Agust\u00edn Rossi. Una multitud de personas recibieron a la fragata y presencian\u2026","rel":"","context":"En \u00abSociedad\u00bb","block_context":{"text":"Sociedad","link":"https:\/\/www.24baires.com\/?cat=1"},"img":{"alt_text":"fragata-libertad_4","src":"https:\/\/i0.wp.com\/www.24baires.com\/wp-content\/uploads\/2012\/12\/fragata-libertad_4.jpg?resize=350%2C200","width":350,"height":200,"srcset":"https:\/\/i0.wp.com\/www.24baires.com\/wp-content\/uploads\/2012\/12\/fragata-libertad_4.jpg?resize=350%2C200 1x, https:\/\/i0.wp.com\/www.24baires.com\/wp-content\/uploads\/2012\/12\/fragata-libertad_4.jpg?resize=525%2C300 1.5x"},"classes":[]},{"id":9721,"url":"https:\/\/www.24baires.com\/?p=9721","url_meta":{"origin":11362,"position":5},"title":"La senadora Di Rado propone un acto popular para recibir a la Fragata en Mar del Plata","author":"Grupo Sierra","date":"19\/12\/2012","format":false,"excerpt":"La senadora provincial Cristina Di Rado celebr\u00f3 la decisi\u00f3n de la Presidenta de la Naci\u00f3n de que la Fragata Libertad arribe al pa\u00eds tocando el puerto de la ciudad de Mar del Plata y reiter\u00f3 su pedido que ese d\u00eda haya actos en cada ciudad de la Rep\u00fablica Argentina. \u201cEstoy\u2026","rel":"","context":"En \u00abPol\u00edtica\u00bb","block_context":{"text":"Pol\u00edtica","link":"https:\/\/www.24baires.com\/?cat=51"},"img":{"alt_text":"DI RADO CRISTINA","src":"https:\/\/i0.wp.com\/www.24baires.com\/wp-content\/uploads\/2012\/12\/DI-RADO-CRISTINA-300x287.jpg?resize=350%2C200","width":350,"height":200},"classes":[]}],"jetpack_sharing_enabled":true,"jetpack_likes_enabled":true,"_links":{"self":[{"href":"https:\/\/www.24baires.com\/index.php?rest_route=\/wp\/v2\/posts\/11362","targetHints":{"allow":["GET"]}}],"collection":[{"href":"https:\/\/www.24baires.com\/index.php?rest_route=\/wp\/v2\/posts"}],"about":[{"href":"https:\/\/www.24baires.com\/index.php?rest_route=\/wp\/v2\/types\/post"}],"author":[{"embeddable":true,"href":"https:\/\/www.24baires.com\/index.php?rest_route=\/wp\/v2\/users\/4"}],"replies":[{"embeddable":true,"href":"https:\/\/www.24baires.com\/index.php?rest_route=%2Fwp%2Fv2%2Fcomments&post=11362"}],"version-history":[{"count":3,"href":"https:\/\/www.24baires.com\/index.php?rest_route=\/wp\/v2\/posts\/11362\/revisions"}],"predecessor-version":[{"id":11364,"href":"https:\/\/www.24baires.com\/index.php?rest_route=\/wp\/v2\/posts\/11362\/revisions\/11364"}],"wp:attachment":[{"href":"https:\/\/www.24baires.com\/index.php?rest_route=%2Fwp%2Fv2%2Fmedia&parent=11362"}],"wp:term":[{"taxonomy":"category","embeddable":true,"href":"https:\/\/www.24baires.com\/index.php?rest_route=%2Fwp%2Fv2%2Fcategories&post=11362"},{"taxonomy":"post_tag","embeddable":true,"href":"https:\/\/www.24baires.com\/index.php?rest_route=%2Fwp%2Fv2%2Ftags&post=11362"}],"curies":[{"name":"wp","href":"https:\/\/api.w.org\/{rel}","templated":true}]}}