{"id":113581,"date":"2019-12-26T11:46:13","date_gmt":"2019-12-26T14:46:13","guid":{"rendered":"http:\/\/www.24baires.com\/?p=113581"},"modified":"2019-12-26T11:46:13","modified_gmt":"2019-12-26T14:46:13","slug":"la-legislatura-trata-la-ley-impositiva-2020-que-envio-kicillof","status":"publish","type":"post","link":"https:\/\/www.24baires.com\/?p=113581","title":{"rendered":"La Legislatura trata la ley impositiva 2020 que envi\u00f3 Kicillof"},"content":{"rendered":"<p><img data-recalc-dims=\"1\" loading=\"lazy\" decoding=\"async\" src=\"https:\/\/i0.wp.com\/www.24baires.com\/wp-content\/uploads\/2019\/12\/diputados-bonaerenses.jpg?resize=560%2C349\" alt=\"\" width=\"560\" height=\"349\" class=\"aligncenter size-full wp-image-113522\" srcset=\"https:\/\/i0.wp.com\/www.24baires.com\/wp-content\/uploads\/2019\/12\/diputados-bonaerenses.jpg?w=560&amp;ssl=1 560w, https:\/\/i0.wp.com\/www.24baires.com\/wp-content\/uploads\/2019\/12\/diputados-bonaerenses.jpg?resize=300%2C187&amp;ssl=1 300w\" sizes=\"auto, (max-width: 560px) 100vw, 560px\" \/>El gobernador busca sostener la recaudaci\u00f3n bonaerense para evitar que la crisis contin\u00faa asfixiando a los sectores m\u00e1s vulnerables.<!--more--><\/p>\n<p>Los legisladores se preparan para discutir la ley impositiva que ingres\u00f3, este martes, el gobernador Axel Kicillof, que incluye un incremento promedio del 54,6% de la presi\u00f3n impositiva, en el marco de una negociaci\u00f3n pol\u00edtica que incluye la designaci\u00f3n de representantes de la oposici\u00f3n en el directorio de empresas y entes del Estado.<\/p>\n<p>En ese marco, el Ministro de Hacienda y Finanzas de la Provincia de Buenos Aires, Pablo L\u00f3pez, utitiliz\u00f3 su cuenta personal de Twitter para dar algunos detalles.<br \/>\n\u00abEl proyecto de Ley Impositiva 2020 busca sostener la recaudaci\u00f3n tributaria para atender la emergencia que atraviesa la Provincia, y a la vez dotar de mayor progresividad a la estructura tributaria\u00bb, expres\u00f3.<\/p>\n<p>Y aclar\u00f3 que \u00aben el caso del Impuesto Inmobiliario Rural y Urbano, el principio que gu\u00eda la propuesta es, precisamente, la progresividad tributaria, lo que se logra mediante topes segmentados a las variaciones\u00bb.<\/p>\n<p>En tanto, se\u00f1al\u00f3 que \u00aben el Urbano, adem\u00e1s de estar exentos aquellos que poseen una \u00fanica vivienda peque\u00f1a, la gran mayor\u00eda de los contribuyentes -en particular aquellos que poseen propiedades de menor valuaci\u00f3n- afrontar\u00e1n aumentos sensiblemente por debajo de la inflaci\u00f3n\u00bb.<\/p>\n<p>Mientras que en el rural \u00abadem\u00e1s de una serie de exenciones a propiedades peque\u00f1as de producci\u00f3n agropecuaria, en especial la tambera, se estableci\u00f3 un esquema de segmentaci\u00f3n que beneficia a peque\u00f1as y medianos productores partiendo de un 15% para las propiedades de menor valor\u00bb.<\/p>\n<p>Es decir que \u00aba m\u00e1s de la mitad de los propietarios rurales se les aplicar\u00e1 una actualizaci\u00f3n por debajo de la inflaci\u00f3n 2019, a lo cual adem\u00e1s se suma el descuento del 20% por pago en una cuota\u00bb, explic\u00f3 el titular de la cartera de de Hacienda y Finanzas\u00bb.<\/p>\n<p>Sin m\u00e1s rodeos, cerr\u00f3: \u00abEste proyecto de Ley se suma a las medidas de est\u00edmulo planteadas en la Ley de Emergencia, y es una herramienta m\u00e1s que necesitamos para atender las necesidades de los m\u00e1s vulnerables y apuntalar la producci\u00f3n y el trabajo\u00bb.<\/p>\n","protected":false},"excerpt":{"rendered":"<p>El gobernador busca sostener la recaudaci\u00f3n bonaerense para evitar que la crisis contin\u00faa asfixiando a los sectores m\u00e1s vulnerables.<\/p>\n","protected":false},"author":8,"featured_media":0,"comment_status":"open","ping_status":"open","sticky":false,"template":"","format":"standard","meta":{"_jetpack_newsletter_access":"","_jetpack_dont_email_post_to_subs":false,"_jetpack_newsletter_tier_id":0,"_jetpack_memberships_contains_paywalled_content":false,"_jetpack_memberships_contains_paid_content":false,"footnotes":""},"categories":[40],"tags":[],"class_list":["post-113581","post","type-post","status-publish","format-standard","hentry","category-provincia"],"jetpack_shortlink":"https:\/\/wp.me\/p2JWE0-txX","jetpack-related-posts":[{"id":113738,"url":"https:\/\/www.24baires.com\/?p=113738","url_meta":{"origin":113581,"position":0},"title":"Provincia confirm\u00f3 bono a estatales","author":"GB","date":"09\/01\/2020","format":false,"excerpt":"El gobierno bonaerense expres\u00f3 la intenci\u00f3n de aplicar el aumento a los gremios, pero con las modificaciones que impuso la oposici\u00f3n a la ley impositiva deber\u00e1 hacer las cuentas nuevamente. La sanci\u00f3n de la ley impositiva 2020 con los cambios impuestos por parte de la oposici\u00f3n ya comenz\u00f3 a hacer\u2026","rel":"","context":"En \u00abLocales\u00bb","block_context":{"text":"Locales","link":"https:\/\/www.24baires.com\/?cat=38"},"img":{"alt_text":"","src":"","width":0,"height":0},"classes":[]},{"id":120810,"url":"https:\/\/www.24baires.com\/?p=120810","url_meta":{"origin":113581,"position":1},"title":"Axel Kicillof celebr\u00f3 la aprobaci\u00f3n de la Ley Impositiva y el endeudamiento","author":"GB","date":"29\/12\/2023","format":false,"excerpt":"El gobernador bonaerense, Axel Kicillof, emiti\u00f3 un mensaje luego de que la Legislatura Bonaerense aprobara la Ley Impositiva 2024 y el pedido de endeudamiento. a Legislatura Bonaerense aprob\u00f3 dos iniciativas fundamentales para el gobierno de Axel Kicillof: la Ley Impositiva 2024 y el endeudamiento. El mandatario celebr\u00f3 el visto bueno\u2026","rel":"","context":"En \u00abProvincia\u00bb","block_context":{"text":"Provincia","link":"https:\/\/www.24baires.com\/?cat=40"},"img":{"alt_text":"","src":"https:\/\/i0.wp.com\/www.24baires.com\/wp-content\/uploads\/2023\/12\/axel-rosas.webp?resize=350%2C200","width":350,"height":200,"srcset":"https:\/\/i0.wp.com\/www.24baires.com\/wp-content\/uploads\/2023\/12\/axel-rosas.webp?resize=350%2C200 1x, https:\/\/i0.wp.com\/www.24baires.com\/wp-content\/uploads\/2023\/12\/axel-rosas.webp?resize=525%2C300 1.5x, https:\/\/i0.wp.com\/www.24baires.com\/wp-content\/uploads\/2023\/12\/axel-rosas.webp?resize=700%2C400 2x"},"classes":[]},{"id":113612,"url":"https:\/\/www.24baires.com\/?p=113612","url_meta":{"origin":113581,"position":2},"title":"Kicillof tild\u00f3 de \u201cirresponsable\u201d a la oposici\u00f3n","author":"AF","date":"27\/12\/2019","format":false,"excerpt":"\u201cEste Gobernador no va a aceptar extorsiones para aprobar leyes, menos todav\u00eda mentiras\", sostuvo en conferencia de prensa tras la ca\u00edda de Ley Impositiva. Luego de que se cayera el tratamiento la Ley Impositiva y de la conferencia de prensa de legisladores e intendentes de la oposici\u00f3n, el gobernador Axel\u2026","rel":"","context":"En \u00abProvincia\u00bb","block_context":{"text":"Provincia","link":"https:\/\/www.24baires.com\/?cat=40"},"img":{"alt_text":"","src":"https:\/\/i0.wp.com\/www.24baires.com\/wp-content\/uploads\/2019\/11\/kicillof.jpg?resize=350%2C200","width":350,"height":200,"srcset":"https:\/\/i0.wp.com\/www.24baires.com\/wp-content\/uploads\/2019\/11\/kicillof.jpg?resize=350%2C200 1x, https:\/\/i0.wp.com\/www.24baires.com\/wp-content\/uploads\/2019\/11\/kicillof.jpg?resize=525%2C300 1.5x"},"classes":[]},{"id":113624,"url":"https:\/\/www.24baires.com\/?p=113624","url_meta":{"origin":113581,"position":3},"title":"Kicillof: \u201cNo aprobar la Impositiva es nocivo para los intendentes\u201d","author":"GB","date":"30\/12\/2019","format":false,"excerpt":"En busca de conseguir recursos para afrontar la emergencia en la provincia, el gobernador cruz\u00f3 a la oposici\u00f3n por no tener un interlocutor en pos de negociar los alcances de la ley. El gobernador bonaerense Axel Kicillof les avis\u00f3 a los intendentes de la provincia el riesgo que corren por\u2026","rel":"","context":"En \u00abProvincia\u00bb","block_context":{"text":"Provincia","link":"https:\/\/www.24baires.com\/?cat=40"},"img":{"alt_text":"","src":"https:\/\/i0.wp.com\/www.24baires.com\/wp-content\/uploads\/2019\/11\/kicillof.jpg?resize=350%2C200","width":350,"height":200,"srcset":"https:\/\/i0.wp.com\/www.24baires.com\/wp-content\/uploads\/2019\/11\/kicillof.jpg?resize=350%2C200 1x, https:\/\/i0.wp.com\/www.24baires.com\/wp-content\/uploads\/2019\/11\/kicillof.jpg?resize=525%2C300 1.5x"},"classes":[]},{"id":113765,"url":"https:\/\/www.24baires.com\/?p=113765","url_meta":{"origin":113581,"position":4},"title":"Alfons\u00edn: \u00abSi yo hubiera sido gobernador hubiera presentado un proyecto como el de Kicillof\u00bb","author":"AF","date":"10\/01\/2020","format":false,"excerpt":"El referente del radicalismo cuestion\u00f3 que legisladores de su partido hayan reclamado modificaciones al proyecto que le terminaron quitando equidad a la propuesta. El ex diputado nacional radical Ricardo Alfons\u00edn asegur\u00f3 este viernes que si \u00e9l fuera gobernador bonaerense \"hubiera presentado un proyecto de ley impositiva como el que present\u00f3\u2026","rel":"","context":"En \u00abProvincia\u00bb","block_context":{"text":"Provincia","link":"https:\/\/www.24baires.com\/?cat=40"},"img":{"alt_text":"","src":"https:\/\/i0.wp.com\/www.24baires.com\/wp-content\/uploads\/2013\/09\/alfonsin.jpg?resize=350%2C200","width":350,"height":200,"srcset":"https:\/\/i0.wp.com\/www.24baires.com\/wp-content\/uploads\/2013\/09\/alfonsin.jpg?resize=350%2C200 1x, https:\/\/i0.wp.com\/www.24baires.com\/wp-content\/uploads\/2013\/09\/alfonsin.jpg?resize=525%2C300 1.5x"},"classes":[]},{"id":113694,"url":"https:\/\/www.24baires.com\/?p=113694","url_meta":{"origin":113581,"position":5},"title":"El gobierno bonaerense modific\u00f3 el proyecto de ley impositiva","author":"GB","date":"07\/01\/2020","format":false,"excerpt":"El gobierno de la provincia de Buenos Aires modific\u00f3, tras intensas negociaciones, el proyecto de la Ley Impositiva 2020, que ahora contemplar\u00eda un mayor tributo para propiedades de m\u00e1s de 300.000 d\u00f3lares de valor real, y conf\u00eda en que \"la oposici\u00f3n entienda lo necesario de esta ley\" y habilite su\u2026","rel":"","context":"En \u00abProvincia\u00bb","block_context":{"text":"Provincia","link":"https:\/\/www.24baires.com\/?cat=40"},"img":{"alt_text":"","src":"https:\/\/i0.wp.com\/www.24baires.com\/wp-content\/uploads\/2019\/11\/kicillof.jpg?resize=350%2C200","width":350,"height":200,"srcset":"https:\/\/i0.wp.com\/www.24baires.com\/wp-content\/uploads\/2019\/11\/kicillof.jpg?resize=350%2C200 1x, https:\/\/i0.wp.com\/www.24baires.com\/wp-content\/uploads\/2019\/11\/kicillof.jpg?resize=525%2C300 1.5x"},"classes":[]}],"jetpack_sharing_enabled":true,"jetpack_likes_enabled":true,"jetpack_featured_media_url":"","_links":{"self":[{"href":"https:\/\/www.24baires.com\/index.php?rest_route=\/wp\/v2\/posts\/113581","targetHints":{"allow":["GET"]}}],"collection":[{"href":"https:\/\/www.24baires.com\/index.php?rest_route=\/wp\/v2\/posts"}],"about":[{"href":"https:\/\/www.24baires.com\/index.php?rest_route=\/wp\/v2\/types\/post"}],"author":[{"embeddable":true,"href":"https:\/\/www.24baires.com\/index.php?rest_route=\/wp\/v2\/users\/8"}],"replies":[{"embeddable":true,"href":"https:\/\/www.24baires.com\/index.php?rest_route=%2Fwp%2Fv2%2Fcomments&post=113581"}],"version-history":[{"count":1,"href":"https:\/\/www.24baires.com\/index.php?rest_route=\/wp\/v2\/posts\/113581\/revisions"}],"predecessor-version":[{"id":113583,"href":"https:\/\/www.24baires.com\/index.php?rest_route=\/wp\/v2\/posts\/113581\/revisions\/113583"}],"wp:attachment":[{"href":"https:\/\/www.24baires.com\/index.php?rest_route=%2Fwp%2Fv2%2Fmedia&parent=113581"}],"wp:term":[{"taxonomy":"category","embeddable":true,"href":"https:\/\/www.24baires.com\/index.php?rest_route=%2Fwp%2Fv2%2Fcategories&post=113581"},{"taxonomy":"post_tag","embeddable":true,"href":"https:\/\/www.24baires.com\/index.php?rest_route=%2Fwp%2Fv2%2Ftags&post=113581"}],"curies":[{"name":"wp","href":"https:\/\/api.w.org\/{rel}","templated":true}]}}