{"id":11351,"date":"2013-01-06T11:00:30","date_gmt":"2013-01-06T14:00:30","guid":{"rendered":"http:\/\/www.24baires.com\/?p=11351"},"modified":"2013-01-06T11:57:35","modified_gmt":"2013-01-06T14:57:35","slug":"la-cautelar-es-un-bochorno-historico-sentencio-anibal-fernandez","status":"publish","type":"post","link":"https:\/\/www.24baires.com\/?p=11351","title":{"rendered":"\u00abLa cautelar es un bochorno hist\u00f3rico\u00bb, sentenci\u00f3 An\u00edbal Fern\u00e1ndez"},"content":{"rendered":"<p><a href=\"http:\/\/www.24baires.com\/economia\/5266-preferimos-restringir-la-compra-de-dolares-antes-que-devaluar\/attachment\/fernandez-anibal2\/\" rel=\"attachment wp-att-5267\"><img data-recalc-dims=\"1\" loading=\"lazy\" decoding=\"async\" class=\"alignleft size-medium wp-image-5267\" alt=\"fern\u00e1ndez an\u00edbal2\" src=\"https:\/\/i0.wp.com\/www.24baires.com\/wp-content\/uploads\/2012\/11\/fern%C3%A1ndez-an%C3%ADbal2.jpg?resize=300%2C193\" width=\"300\" height=\"193\" srcset=\"https:\/\/i0.wp.com\/www.24baires.com\/wp-content\/uploads\/2012\/11\/fern%C3%A1ndez-an%C3%ADbal2.jpg?resize=300%2C193&amp;ssl=1 300w, https:\/\/i0.wp.com\/www.24baires.com\/wp-content\/uploads\/2012\/11\/fern%C3%A1ndez-an%C3%ADbal2.jpg?w=560&amp;ssl=1 560w\" sizes=\"auto, (max-width: 300px) 100vw, 300px\" \/><\/a>El senador del FPV critic\u00f3 duramente a la C\u00e1mara Civil y Comercial por fallar a favor de la Sociedad Rural, aunque no se mostr\u00f3 sorprendido: \u00abEra impensado que esta C\u00e1mara fallara de otra manera que no fuera a favor de las corporaciones\u00bb.<!--more--><br \/>\n\u00abLa cautelar es un bochorno hist\u00f3rico\u00bb, sentenci\u00f3 Fern\u00e1ndez en una entrevista con el diario P\u00e1gina 12, y confirm\u00f3 que el Gobierno apelar\u00e1 ante la Corte Suprema. Sin embargo, no se mostr\u00f3 sorprendido por la decisi\u00f3n de los jueces de ese tribunal, el mismo que le extendi\u00f3 la cautelar al Grupo Clar\u00edn para evitar cumplir con dos art\u00edculos de la Ley de Servicios de Comunicaci\u00f3n Audiovisual: \u00abEra impensado que esta C\u00e1mara fallara de otra manera que no fuera a favor de las corporaciones\u00bb.<\/p>\n<p>El senador cuestion\u00f3 adem\u00e1s que la C\u00e1mara falle en una cuesti\u00f3n que deber\u00eda corresponder al fuero Contencioso Administrativo (por tratarse de un bien del Estado): \u00abLo m\u00e1s jodido y preocupante es que se arroga competencias que no le son propias\u00bb.<\/p>\n<p>\u00abLo segundo -continu\u00f3- es que hay un juez federal que es competente que ya ha analizado la causa (Sergio Torres), que ha procesado a funcionarios y miembros de la SRA. Da la sensaci\u00f3n de que les importa poco lo que dice la Justicia en el fondo, si hubo o no robo al Estado y los tipos como si nada\u00bb.<\/p>\n<p>En cuanto a la causa propiamente dicha, el ex Jefe de Gabinete sostuvo que \u00abel vicio en la compra es manifiesto\u00bb y entendi\u00f3 que \u00abpuede interpretarse que la Sociedad Rural lo conoc\u00eda\u00bb. \u00abNo es necesario iniciar una acci\u00f3n de lesividad. Est\u00e1 perfectamente bien hecho lo que hizo el Estado, demostrado el delito como est\u00e1, es suficiente. Esto es un desprop\u00f3sito, una locura\u00bb, sentenci\u00f3.<\/p>\n<p>Tambi\u00e9n aprovech\u00f3 para referirse a la Ley de Medios, que el Grupo Clar\u00edn no cumple en su totalidad desde hace tres a\u00f1os gracias a las decisiones de la mencionada C\u00e1mara. \u00abEl Grupo Clar\u00edn hizo todas las tropel\u00edas habidas y por haber para frenar la ley, nosotros conquistamos que la primera instancia tomara una decisi\u00f3n y declarara constitucional el tema y diera por tierra la medida cautelar, que es un bochorno que s\u00f3lo en Argentina se sostiene\u00bb, indic\u00f3.<\/p>\n<p>\u00abEra impensado que esta C\u00e1mara fallara de otra manera que no fuera a favor de las corporaciones\u00bb<\/p>\n<p>En ese sentido, agreg\u00f3: \u00abLa C\u00e1mara dio la apelaci\u00f3n y por supuesto, como toda apelaci\u00f3n, se otorga con efectos suspensivos. Se intent\u00f3 el per saltum, la Corte dijo lo suyo y la realidad es que tambi\u00e9n inst\u00f3 a la C\u00e1mara a que tomara la decisi\u00f3n y dictara sentencia. Sea como fuere seguramente una de las partes va a terminar recurriendo a la Corte\u00bb.<\/p>\n<p>Fern\u00e1ndez clar\u00f3 que \u00abpor lo que se ha visto hasta ahora, la C\u00e1mara va a rechazar porque forman parte del viejo tren de la alegr\u00eda de Clar\u00edn\u00bb. Sin embargo, se\u00f1al\u00f3: \u00abYo sigo creyendo que m\u00e1s temprano que tarde la ley se va a aplicar. Aceptar que existan oligopolios que complican la vida del resto es un desprop\u00f3sito\u00bb.<\/p>\n<p>&nbsp;<\/p>\n<p>&nbsp;<\/p>\n<p>&nbsp;<\/p>\n<p>&nbsp;<\/p>\n<p>&nbsp;<\/p>\n<p>&nbsp;<\/p>\n<p>&nbsp;<\/p>\n<p>&nbsp;<\/p>\n<p>&nbsp;<\/p>\n<p>&nbsp;<\/p>\n<p>&nbsp;<\/p>\n<p>&nbsp;<\/p>\n<p>&nbsp;<\/p>\n<p>&nbsp;<\/p>\n<p>&nbsp;<\/p>\n<p>&nbsp;<\/p>\n<p>&nbsp;<\/p>\n<p>&nbsp;<\/p>\n<p>&nbsp;<\/p>\n<p>&nbsp;<\/p>\n<p>&nbsp;<\/p>\n<p>&nbsp;<\/p>\n<p>&nbsp;<\/p>\n<p>&nbsp;<\/p>\n<p>&nbsp;<\/p>\n<p>&nbsp;<\/p>\n<p>&nbsp;<\/p>\n<p>&nbsp;<\/p>\n<p>&nbsp;<\/p>\n<p>&nbsp;<\/p>\n<p>&nbsp;<\/p>\n","protected":false},"excerpt":{"rendered":"<p>El senador del FPV critic\u00f3 duramente a la C\u00e1mara Civil y Comercial por fallar a favor de la Sociedad Rural, aunque no se mostr\u00f3 sorprendido: \u00abEra impensado que esta C\u00e1mara fallara de otra manera que no fuera a favor de las corporaciones\u00bb.<\/p>\n","protected":false},"author":4,"featured_media":0,"comment_status":"open","ping_status":"open","sticky":false,"template":"","format":"standard","meta":{"_jetpack_newsletter_access":"","_jetpack_dont_email_post_to_subs":false,"_jetpack_newsletter_tier_id":0,"_jetpack_memberships_contains_paywalled_content":false,"_jetpack_memberships_contains_paid_content":false,"footnotes":""},"categories":[54],"tags":[],"class_list":["post-11351","post","type-post","status-publish","format-standard","hentry","category-medios"],"jetpack_featured_media_url":"","jetpack_shortlink":"https:\/\/wp.me\/p2JWE0-2X5","jetpack-related-posts":[{"id":119656,"url":"https:\/\/www.24baires.com\/?p=119656","url_meta":{"origin":11351,"position":0},"title":"Alberto Fern\u00e1ndez acatar\u00e1 el fallo de la Corte Suprema","author":"GB","date":"26\/12\/2022","format":false,"excerpt":"Si bien el presidente de la Naci\u00f3n, Alberto Fern\u00e1ndez, volvi\u00f3 a criticar la sentencia, anunci\u00f3 que acatar\u00e1 el fallo de la Corte y que recusar\u00e1 a los jueces. Por medio de un extenso hilo de Twitter, el presidente de la Naci\u00f3n, Alberto Fern\u00e1ndez, afirm\u00f3 que acatar\u00e1 fallo de coparticipaci\u00f3n en\u2026","rel":"","context":"En \u00abPol\u00edtica\u00bb","block_context":{"text":"Pol\u00edtica","link":"https:\/\/www.24baires.com\/?cat=51"},"img":{"alt_text":"","src":"https:\/\/i0.wp.com\/www.24baires.com\/wp-content\/uploads\/2022\/09\/alberto.jpg?resize=350%2C200","width":350,"height":200,"srcset":"https:\/\/i0.wp.com\/www.24baires.com\/wp-content\/uploads\/2022\/09\/alberto.jpg?resize=350%2C200 1x, https:\/\/i0.wp.com\/www.24baires.com\/wp-content\/uploads\/2022\/09\/alberto.jpg?resize=525%2C300 1.5x, https:\/\/i0.wp.com\/www.24baires.com\/wp-content\/uploads\/2022\/09\/alberto.jpg?resize=700%2C400 2x"},"classes":[]},{"id":8154,"url":"https:\/\/www.24baires.com\/?p=8154","url_meta":{"origin":11351,"position":1},"title":"Verg\u00fcenza Ajena: La C\u00e1mara recusada por el Gobierno extendi\u00f3 la cautelar al Grupo Clar\u00edn","author":"Grupo Sierra","date":"06\/12\/2012","format":false,"excerpt":"La C\u00e1mara en lo Civil y Comercial Federal favoreci\u00f3 al Grupo Clar\u00edn extendi\u00e9ndole la medida cautelar \"hasta que se dicte sentencia definitiva\". La decisi\u00f3n impide que se le aplique de forma plena la Ley de Medios al grupo period\u00edstico hasta que se resuelva la cuesti\u00f3n de la constitucionalidad del art\u00edculo\u2026","rel":"","context":"En \u00abMedios\u00bb","block_context":{"text":"Medios","link":"https:\/\/www.24baires.com\/?cat=54"},"img":{"alt_text":"","src":"","width":0,"height":0},"classes":[]},{"id":119607,"url":"https:\/\/www.24baires.com\/?p=119607","url_meta":{"origin":11351,"position":2},"title":"La Justicia habilit\u00f3 la exploraci\u00f3n petrolera offshore","author":"GB","date":"05\/12\/2022","format":false,"excerpt":"La C\u00e1mara Federal de Apelaciones de Mar del Plata permiti\u00f3 que avance el proyecto Argerich aunque con \"condiciones especiales Finalmente, los jueces que integran la C\u00e1mara Federal de Apelaciones de Mar del Plata ordenaron levantar la medida cautelar interpuesta a pedido de organizaciones ambientalistas y el intendente local, Guillermo Montenegro.\u2026","rel":"","context":"En \u00abPol\u00edtica\u00bb","block_context":{"text":"Pol\u00edtica","link":"https:\/\/www.24baires.com\/?cat=51"},"img":{"alt_text":"","src":"https:\/\/i0.wp.com\/www.24baires.com\/wp-content\/uploads\/2022\/12\/petroleo-malvinas-dosjpgwebp.png?resize=350%2C200","width":350,"height":200,"srcset":"https:\/\/i0.wp.com\/www.24baires.com\/wp-content\/uploads\/2022\/12\/petroleo-malvinas-dosjpgwebp.png?resize=350%2C200 1x, https:\/\/i0.wp.com\/www.24baires.com\/wp-content\/uploads\/2022\/12\/petroleo-malvinas-dosjpgwebp.png?resize=525%2C300 1.5x, https:\/\/i0.wp.com\/www.24baires.com\/wp-content\/uploads\/2022\/12\/petroleo-malvinas-dosjpgwebp.png?resize=700%2C400 2x"},"classes":[]},{"id":110984,"url":"https:\/\/www.24baires.com\/?p=110984","url_meta":{"origin":11351,"position":3},"title":"Paro y movilizaci\u00f3n de los docentes municipales","author":"GB","date":"28\/06\/2019","format":false,"excerpt":"La medida de fuerza es en rechazo a la quita de la bonificaci\u00f3n por parte del Ejecutivo. Los docentes municipales realizan este viernes un paro y movilizaci\u00f3n en rechazo a la quita de la bonificaci\u00f3n por parte del Ejecutivo,luego del asueto decretado por el intendente Carlos Arroyo para el jueves.\u2026","rel":"","context":"En \u00abMunicipios\u00bb","block_context":{"text":"Municipios","link":"https:\/\/www.24baires.com\/?cat=44"},"img":{"alt_text":"","src":"https:\/\/i0.wp.com\/www.24baires.com\/wp-content\/uploads\/2017\/04\/municipales-mdp.jpg?resize=350%2C200","width":350,"height":200,"srcset":"https:\/\/i0.wp.com\/www.24baires.com\/wp-content\/uploads\/2017\/04\/municipales-mdp.jpg?resize=350%2C200 1x, https:\/\/i0.wp.com\/www.24baires.com\/wp-content\/uploads\/2017\/04\/municipales-mdp.jpg?resize=525%2C300 1.5x"},"classes":[]},{"id":9207,"url":"https:\/\/www.24baires.com\/?p=9207","url_meta":{"origin":11351,"position":4},"title":"\u00abEl fallo de Alfonso repara la aberraci\u00f3n de la C\u00e1mara\u00bb, asegur\u00f3 Raimundi","author":"AF","date":"15\/12\/2012","format":false,"excerpt":"A trav\u00e9s de un comunicado, el diputado nacional por Nuevo Encuentro, Carlos Raimundi, se refiri\u00f3 al fallo que declar\u00f3 la constitucionalidad de los art\u00edculos de la Ley de Medios que cuestionara el Grupo Clar\u00edn. El legislador Carlos Raimundi record\u00f3 que la ley votada por amplia mayor\u00eda del Congreso hace tres\u2026","rel":"","context":"En \u00abMedios\u00bb","block_context":{"text":"Medios","link":"https:\/\/www.24baires.com\/?cat=54"},"img":{"alt_text":"raimundi","src":"https:\/\/i0.wp.com\/www.24baires.com\/wp-content\/uploads\/2012\/12\/raimundi-300x200.jpg?resize=350%2C200","width":350,"height":200},"classes":[]},{"id":104037,"url":"https:\/\/www.24baires.com\/?p=104037","url_meta":{"origin":11351,"position":5},"title":"La Justicia anul\u00f3 los 357 despidos de T\u00e9lam","author":"AF","date":"22\/08\/2018","format":false,"excerpt":"La Sala V de la C\u00e1mara Nacional de Apelaciones del Trabajo ratific\u00f3 el fallo que hab\u00eda ordenado la reinstalaci\u00f3n de cinco trabajadores y que hab\u00eda declarado obligatorio el tr\u00e1mite del procedimiento de crisis ante el Ministerio de Trabajo. La Sala V de la C\u00e1mara Nacional de Apelaciones del Trabajo dio\u2026","rel":"","context":"En \u00abSociedad\u00bb","block_context":{"text":"Sociedad","link":"https:\/\/www.24baires.com\/?cat=1"},"img":{"alt_text":"","src":"https:\/\/i0.wp.com\/www.24baires.com\/wp-content\/uploads\/2018\/07\/t%C3%A9lam.jpg?resize=350%2C200","width":350,"height":200,"srcset":"https:\/\/i0.wp.com\/www.24baires.com\/wp-content\/uploads\/2018\/07\/t%C3%A9lam.jpg?resize=350%2C200 1x, https:\/\/i0.wp.com\/www.24baires.com\/wp-content\/uploads\/2018\/07\/t%C3%A9lam.jpg?resize=525%2C300 1.5x"},"classes":[]}],"jetpack_sharing_enabled":true,"jetpack_likes_enabled":true,"_links":{"self":[{"href":"https:\/\/www.24baires.com\/index.php?rest_route=\/wp\/v2\/posts\/11351","targetHints":{"allow":["GET"]}}],"collection":[{"href":"https:\/\/www.24baires.com\/index.php?rest_route=\/wp\/v2\/posts"}],"about":[{"href":"https:\/\/www.24baires.com\/index.php?rest_route=\/wp\/v2\/types\/post"}],"author":[{"embeddable":true,"href":"https:\/\/www.24baires.com\/index.php?rest_route=\/wp\/v2\/users\/4"}],"replies":[{"embeddable":true,"href":"https:\/\/www.24baires.com\/index.php?rest_route=%2Fwp%2Fv2%2Fcomments&post=11351"}],"version-history":[{"count":2,"href":"https:\/\/www.24baires.com\/index.php?rest_route=\/wp\/v2\/posts\/11351\/revisions"}],"predecessor-version":[{"id":11353,"href":"https:\/\/www.24baires.com\/index.php?rest_route=\/wp\/v2\/posts\/11351\/revisions\/11353"}],"wp:attachment":[{"href":"https:\/\/www.24baires.com\/index.php?rest_route=%2Fwp%2Fv2%2Fmedia&parent=11351"}],"wp:term":[{"taxonomy":"category","embeddable":true,"href":"https:\/\/www.24baires.com\/index.php?rest_route=%2Fwp%2Fv2%2Fcategories&post=11351"},{"taxonomy":"post_tag","embeddable":true,"href":"https:\/\/www.24baires.com\/index.php?rest_route=%2Fwp%2Fv2%2Ftags&post=11351"}],"curies":[{"name":"wp","href":"https:\/\/api.w.org\/{rel}","templated":true}]}}