{"id":113467,"date":"2019-12-17T13:21:38","date_gmt":"2019-12-17T16:21:38","guid":{"rendered":"http:\/\/www.24baires.com\/?p=113467"},"modified":"2019-12-17T12:22:51","modified_gmt":"2019-12-17T15:22:51","slug":"la-compra-de-dolares-para-ahorro-tambien-tendra-el-recargo-del-30","status":"publish","type":"post","link":"https:\/\/www.24baires.com\/?p=113467","title":{"rendered":"La compra de d\u00f3lares para ahorro tambi\u00e9n tendr\u00e1 el recargo del 30%"},"content":{"rendered":"<p><img data-recalc-dims=\"1\" loading=\"lazy\" decoding=\"async\" src=\"https:\/\/i0.wp.com\/www.24baires.com\/wp-content\/uploads\/2018\/07\/d%C3%B3lar.jpg?resize=560%2C314\" alt=\"\" width=\"560\" height=\"314\" class=\"aligncenter size-full wp-image-103255\" srcset=\"https:\/\/i0.wp.com\/www.24baires.com\/wp-content\/uploads\/2018\/07\/d%C3%B3lar.jpg?w=560&amp;ssl=1 560w, https:\/\/i0.wp.com\/www.24baires.com\/wp-content\/uploads\/2018\/07\/d%C3%B3lar.jpg?resize=300%2C168&amp;ssl=1 300w\" sizes=\"auto, (max-width: 560px) 100vw, 560px\" \/>Al tope de 200 d\u00f3lares por mes, habr\u00e1 que adicionarle el impuesto. Los dep\u00f3sitos en pesos, en cambio, dejar\u00e1n de pagar renta financiera.<!--more--><\/p>\n<p>El ministro de Econom\u00eda, Mart\u00edn Guzm\u00e1n, anunci\u00f3 este martes que la compra de d\u00f3lares para ahorro tendr\u00e1 un recargo del 30%, a la vez que ratific\u00f3 el l\u00edmite m\u00e1ximo de US$200 por mes por persona, en caso que la operaci\u00f3n se haga a trav\u00e9s de los canales online.<\/p>\n<p>\u00abNecesitamos desalentar el ahorro en una divisa que no generamos. Se cobrar\u00e1 un impuesto del 30% a la compra de divisas para atesoramiento, y el 70% de la recaudaci\u00f3n de ese impuesto estar\u00e1 destinada a la seguridad social, que fue da\u00f1ada en estos a\u00f1os\u00bb, confirm\u00f3 Guzm\u00e1n en conferencia de prensa.<\/p>\n<p>Y el 30% restante \u00aba obras de infraestructura y vivienda\u00bb, complet\u00f3. Y si bien no habl\u00f3 sobre la posibilidad de deducir de Ganancias el recargo del 30%, pr\u00e1cticamente qued\u00f3 descartado cuando dijo que lo recaudado se destinar\u00e1 a mejorar la situaci\u00f3n de los sectores m\u00e1s vulnerables y para avanzar con el gran problema habitacional que sufren los argentinos en su gran mayor\u00eda.<\/p>\n<p>Esto es una diferencia con respecto al d\u00f3lar turista de la segunda gesti\u00f3n de Cristina Kirchner, cuando el recargo era tomado a cuenta del Impuesto a las Ganancias, y quienes estaban alcanzados por ese tributo recib\u00edan el reintegro por sus compras en d\u00f3lares. Quienes no pagaban Ganancias recibieron el reintegro por parte de la AFIP reci\u00e9n en 2016.<\/p>\n<p>Por otra parte, el funcionario confirm\u00f3 que \u00abno habr\u00e1 cambios en el cepo cambiario\u00bb, que actualmente permite comprar US$200 mensuales.<\/p>\n<p>Ante la consulta de los periodistas de cu\u00e1ndo entrar\u00e1 en vigencia el paquete de medidas comunicado, Guzm\u00e1n remarc\u00f3 que debe ser aprobado por el Congreso y luego reglamentado por el Poder Ejecutivo, pero advirti\u00f3 que el Estado \u00abtiene la potestad\u00bb de hacer implementaciones si lo consideran, v\u00eda DNU.<\/p>\n","protected":false},"excerpt":{"rendered":"<p>Al tope de 200 d\u00f3lares por mes, habr\u00e1 que adicionarle el impuesto. Los dep\u00f3sitos en pesos, en cambio, dejar\u00e1n de pagar renta financiera.<\/p>\n","protected":false},"author":8,"featured_media":0,"comment_status":"open","ping_status":"open","sticky":false,"template":"","format":"standard","meta":{"_jetpack_newsletter_access":"","_jetpack_dont_email_post_to_subs":false,"_jetpack_newsletter_tier_id":0,"_jetpack_memberships_contains_paywalled_content":false,"_jetpack_memberships_contains_paid_content":false,"footnotes":""},"categories":[45],"tags":[],"class_list":["post-113467","post","type-post","status-publish","format-standard","hentry","category-economia"],"jetpack_featured_media_url":"","jetpack_shortlink":"https:\/\/wp.me\/p2JWE0-tw7","jetpack-related-posts":[{"id":115961,"url":"https:\/\/www.24baires.com\/?p=115961","url_meta":{"origin":113467,"position":0},"title":"Aclaran que no habr\u00e1 cambios en la venta oficial de d\u00f3lares","author":"GB","date":"16\/08\/2020","format":false,"excerpt":"El presidente apunt\u00f3 a la compra de d\u00f3lares por parte de peque\u00f1os ahorristas y se\u00f1al\u00f3 que es \"un problema\". Desde el Ministerio de Econom\u00eda salieron a tranquilizar. El presidente Alberto Fern\u00e1ndez hab\u00eda sembrado dudas en el mercado de divisas cuando esta tarde se\u00f1al\u00f3 que estudiaban endurecer el cepo y no\u2026","rel":"","context":"En \u00abEconom\u00eda\u00bb","block_context":{"text":"Econom\u00eda","link":"https:\/\/www.24baires.com\/?cat=45"},"img":{"alt_text":"","src":"https:\/\/i0.wp.com\/www.24baires.com\/wp-content\/uploads\/2020\/08\/alberto-guzman.jpg?resize=350%2C200","width":350,"height":200,"srcset":"https:\/\/i0.wp.com\/www.24baires.com\/wp-content\/uploads\/2020\/08\/alberto-guzman.jpg?resize=350%2C200 1x, https:\/\/i0.wp.com\/www.24baires.com\/wp-content\/uploads\/2020\/08\/alberto-guzman.jpg?resize=525%2C300 1.5x"},"classes":[]},{"id":121912,"url":"https:\/\/www.24baires.com\/?p=121912","url_meta":{"origin":113467,"position":1},"title":"Adi\u00f3s Impuesto PA\u00cdS","author":"GB","date":"23\/12\/2024","format":false,"excerpt":"Con esta medida, se espera una baja en el d\u00f3lar tarjeta, mientras se mantienen ciertas percepciones en compras y ahorro en divisas. Desde este lunes, deja de regir el Impuesto Para una Argentina Inclusiva y Solidaria (PAIS), implementado el 19 de diciembre de 2019 durante el gobierno de Alberto Fern\u00e1ndez.\u2026","rel":"","context":"En \u00abEconom\u00eda\u00bb","block_context":{"text":"Econom\u00eda","link":"https:\/\/www.24baires.com\/?cat=45"},"img":{"alt_text":"","src":"https:\/\/i0.wp.com\/www.24baires.com\/wp-content\/uploads\/2024\/12\/dolar-tarjeta.webp?resize=350%2C200","width":350,"height":200,"srcset":"https:\/\/i0.wp.com\/www.24baires.com\/wp-content\/uploads\/2024\/12\/dolar-tarjeta.webp?resize=350%2C200 1x, https:\/\/i0.wp.com\/www.24baires.com\/wp-content\/uploads\/2024\/12\/dolar-tarjeta.webp?resize=525%2C300 1.5x, https:\/\/i0.wp.com\/www.24baires.com\/wp-content\/uploads\/2024\/12\/dolar-tarjeta.webp?resize=700%2C400 2x"},"classes":[]},{"id":119316,"url":"https:\/\/www.24baires.com\/?p=119316","url_meta":{"origin":113467,"position":2},"title":"El Banco Central compr\u00f3 US$ 426 millones","author":"AF","date":"08\/09\/2022","format":false,"excerpt":"Las compras se dan luego de que Econom\u00eda oficializara un tipo de cambio de 200 pesos por d\u00f3lar para las exportaciones de soja, una medida acordada con los principales complejos exportadores, que se comprometieron a liquidar soja y derivados por, al menos, 5.000 millones de d\u00f3lares. El Banco Central (BCRA)\u2026","rel":"","context":"En \u00abEconom\u00eda\u00bb","block_context":{"text":"Econom\u00eda","link":"https:\/\/www.24baires.com\/?cat=45"},"img":{"alt_text":"","src":"https:\/\/i0.wp.com\/www.24baires.com\/wp-content\/uploads\/2019\/08\/d%C3%B3lar.jpg?resize=350%2C200","width":350,"height":200,"srcset":"https:\/\/i0.wp.com\/www.24baires.com\/wp-content\/uploads\/2019\/08\/d%C3%B3lar.jpg?resize=350%2C200 1x, https:\/\/i0.wp.com\/www.24baires.com\/wp-content\/uploads\/2019\/08\/d%C3%B3lar.jpg?resize=525%2C300 1.5x, https:\/\/i0.wp.com\/www.24baires.com\/wp-content\/uploads\/2019\/08\/d%C3%B3lar.jpg?resize=700%2C400 2x"},"classes":[]},{"id":116238,"url":"https:\/\/www.24baires.com\/?p=116238","url_meta":{"origin":113467,"position":3},"title":"Anuncian nuevas medidas para el d\u00f3lar y las pautas del Presupuesto","author":"AF","date":"15\/09\/2020","format":false,"excerpt":"Despu\u00e9s de una reuni\u00f3n de directorio para fijar los \u00faltimos detalles, las autoridades del Banco Central dar\u00e1n a conocer nuevas medidas de regulaci\u00f3n para la compra de d\u00f3lares ahorro y el manejo del mercado de cambios. En paralelo, Econom\u00eda presenta todas las pautas y objetivos del Presupuesto 2021 para dejar\u2026","rel":"","context":"En \u00abEconom\u00eda\u00bb","block_context":{"text":"Econom\u00eda","link":"https:\/\/www.24baires.com\/?cat=45"},"img":{"alt_text":"","src":"https:\/\/i0.wp.com\/www.24baires.com\/wp-content\/uploads\/2013\/12\/banco-central.jpg?resize=350%2C200","width":350,"height":200,"srcset":"https:\/\/i0.wp.com\/www.24baires.com\/wp-content\/uploads\/2013\/12\/banco-central.jpg?resize=350%2C200 1x, https:\/\/i0.wp.com\/www.24baires.com\/wp-content\/uploads\/2013\/12\/banco-central.jpg?resize=525%2C300 1.5x"},"classes":[]},{"id":113551,"url":"https:\/\/www.24baires.com\/?p=113551","url_meta":{"origin":113467,"position":4},"title":"Entr\u00f3 en vigencia la Ley de Solidaridad Social y Reactivaci\u00f3n Productiva","author":"AF","date":"23\/12\/2019","format":false,"excerpt":"Este lunes, pasadas las 17, el megapaquete de leyes econ\u00f3micas fue publicado en el Bolet\u00edn Oficial. Finalmente se public\u00f3 este lunes, pasadas las 17 horas, en el Bolet\u00edn Oficial la \"Ley de Solidaridad Social y Reactivaci\u00f3n Productiva\" y as\u00ed entr\u00f3 en vigencia. Entre otras medidas que comenzaron a regir a\u2026","rel":"","context":"En \u00abSociedad\u00bb","block_context":{"text":"Sociedad","link":"https:\/\/www.24baires.com\/?cat=1"},"img":{"alt_text":"","src":"https:\/\/i0.wp.com\/www.24baires.com\/wp-content\/uploads\/2016\/09\/ollas-populares.jpg?resize=350%2C200","width":350,"height":200,"srcset":"https:\/\/i0.wp.com\/www.24baires.com\/wp-content\/uploads\/2016\/09\/ollas-populares.jpg?resize=350%2C200 1x, https:\/\/i0.wp.com\/www.24baires.com\/wp-content\/uploads\/2016\/09\/ollas-populares.jpg?resize=525%2C300 1.5x"},"classes":[]},{"id":116542,"url":"https:\/\/www.24baires.com\/?p=116542","url_meta":{"origin":113467,"position":5},"title":"El gobierno lanza una \u00abmegalicitaci\u00f3n\u00bb de bonos para frenar el precio del d\u00f3lar","author":"GB","date":"26\/10\/2020","format":false,"excerpt":"El objetivo del ministro de Econom\u00eda es absorber liquidez del mercado y as\u00ed quitarle presi\u00f3n a la moneda norteamericana Este martes el Ministerio de Econom\u00eda llamar\u00e1 a licitaci\u00f3n para la colocaci\u00f3n de varios t\u00edtulos p\u00fablicos en pesos, con el objetivo de absorber liquidez del mercado y frenar la demanda de\u2026","rel":"","context":"En \u00abEconom\u00eda\u00bb","block_context":{"text":"Econom\u00eda","link":"https:\/\/www.24baires.com\/?cat=45"},"img":{"alt_text":"","src":"https:\/\/i0.wp.com\/www.24baires.com\/wp-content\/uploads\/2020\/05\/guzman-1.jpg?resize=350%2C200","width":350,"height":200,"srcset":"https:\/\/i0.wp.com\/www.24baires.com\/wp-content\/uploads\/2020\/05\/guzman-1.jpg?resize=350%2C200 1x, https:\/\/i0.wp.com\/www.24baires.com\/wp-content\/uploads\/2020\/05\/guzman-1.jpg?resize=525%2C300 1.5x"},"classes":[]}],"jetpack_sharing_enabled":true,"jetpack_likes_enabled":true,"_links":{"self":[{"href":"https:\/\/www.24baires.com\/index.php?rest_route=\/wp\/v2\/posts\/113467","targetHints":{"allow":["GET"]}}],"collection":[{"href":"https:\/\/www.24baires.com\/index.php?rest_route=\/wp\/v2\/posts"}],"about":[{"href":"https:\/\/www.24baires.com\/index.php?rest_route=\/wp\/v2\/types\/post"}],"author":[{"embeddable":true,"href":"https:\/\/www.24baires.com\/index.php?rest_route=\/wp\/v2\/users\/8"}],"replies":[{"embeddable":true,"href":"https:\/\/www.24baires.com\/index.php?rest_route=%2Fwp%2Fv2%2Fcomments&post=113467"}],"version-history":[{"count":1,"href":"https:\/\/www.24baires.com\/index.php?rest_route=\/wp\/v2\/posts\/113467\/revisions"}],"predecessor-version":[{"id":113468,"href":"https:\/\/www.24baires.com\/index.php?rest_route=\/wp\/v2\/posts\/113467\/revisions\/113468"}],"wp:attachment":[{"href":"https:\/\/www.24baires.com\/index.php?rest_route=%2Fwp%2Fv2%2Fmedia&parent=113467"}],"wp:term":[{"taxonomy":"category","embeddable":true,"href":"https:\/\/www.24baires.com\/index.php?rest_route=%2Fwp%2Fv2%2Fcategories&post=113467"},{"taxonomy":"post_tag","embeddable":true,"href":"https:\/\/www.24baires.com\/index.php?rest_route=%2Fwp%2Fv2%2Ftags&post=113467"}],"curies":[{"name":"wp","href":"https:\/\/api.w.org\/{rel}","templated":true}]}}