{"id":113441,"date":"2019-12-16T11:30:20","date_gmt":"2019-12-16T14:30:20","guid":{"rendered":"http:\/\/www.24baires.com\/?p=113441"},"modified":"2019-12-16T11:58:08","modified_gmt":"2019-12-16T14:58:08","slug":"el-gobierno-confirmo-que-el-denominado-dolar-turista-pagara-en-recargo-del-30","status":"publish","type":"post","link":"https:\/\/www.24baires.com\/?p=113441","title":{"rendered":"El Gobierno confirm\u00f3 que el denominado &#8216;d\u00f3lar turista&#8217; pagar\u00e1 en recargo del 30%"},"content":{"rendered":"<p><img data-recalc-dims=\"1\" loading=\"lazy\" decoding=\"async\" src=\"https:\/\/i0.wp.com\/www.24baires.com\/wp-content\/uploads\/2019\/12\/santiago-cafiero.jpg?resize=560%2C349\" alt=\"\" width=\"560\" height=\"349\" class=\"aligncenter size-full wp-image-113442\" srcset=\"https:\/\/i0.wp.com\/www.24baires.com\/wp-content\/uploads\/2019\/12\/santiago-cafiero.jpg?w=560&amp;ssl=1 560w, https:\/\/i0.wp.com\/www.24baires.com\/wp-content\/uploads\/2019\/12\/santiago-cafiero.jpg?resize=300%2C187&amp;ssl=1 300w\" sizes=\"auto, (max-width: 560px) 100vw, 560px\" \/>Lo dijo el Jefe de Gabinete de Ministros, Santiago Cafiero. El funcionario explic\u00f3 que la medida busca \u00abcuidar los d\u00f3lares del Banco Central\u00bb, resalt\u00f3 que \u00abno hay ninguna restricci\u00f3n para viajar\u00bb y dijo que tambi\u00e9n beneficia el turismo interno, \u00abque genera empleo\u00bb.<!--more--><\/p>\n<p>El Jefe de Gabinete de ministros, Santiago Cafiero, confirm\u00f3 hoy que el porcentaje del tributo al consumo de argentino en d\u00f3lares, ser\u00e1 un 30%, 10% m\u00e1s que lo que originalmente se hab\u00eda informado en el d\u00eda de ayer<\/p>\n<p>Se trata, en los hechos, del denominado por los medios \u201cd\u00f3lar turista\u201d que tienen que pagar quien viaje al exterior, y consuma en el extranjero.<\/p>\n<p>En declaraciones a Radio Diez, el jefe de los ministros de Alberto Fern\u00e1ndez, dijo hace instante que responde \u201ca una l\u00f3gica solidaria\u201d en las contribuciones.<\/p>\n<p>\u201cEs una l\u00f3gica de que los argentinos que tengan la posibilidad de viajar al extranjeros, que puedan hacer compras en el extranjeros, que despu\u00e9s se pagan con d\u00f3lares del Banco Central, y a esos d\u00f3lares hay que cuidarlos\u201d, asegur\u00f3 Cafiero.<\/p>\n<p>Aclar\u00f3, sin embargo, que el Gobierno \u201cno pone ninguna restricci\u00f3n para que los que puedan viajar lo hagan y disfruten, pero s\u00ed necesitamos recaudar esa diferencia entre los gastos en tarjeta de cr\u00e9ditos, que despu\u00e9s se paga en pesos ac\u00e1\u201d.<\/p>\n<p>Adem\u00e1s, explic\u00f3 que ese tipo de medidas, adem\u00e1s de cuidar los d\u00f3lares \u2013que faltan- \u201clo que se est\u00e1 haciendo es beneficiar al turismo local, porque es una actividad din\u00e1mica que genera empleo estacional\u201d<\/p>\n","protected":false},"excerpt":{"rendered":"<p>Lo dijo el Jefe de Gabinete de Ministros, Santiago Cafiero. El funcionario explic\u00f3 que la medida busca \u00abcuidar los d\u00f3lares del Banco Central\u00bb, resalt\u00f3 que \u00abno hay ninguna restricci\u00f3n para viajar\u00bb y dijo que tambi\u00e9n beneficia el turismo interno, \u00abque genera empleo\u00bb.<\/p>\n","protected":false},"author":8,"featured_media":0,"comment_status":"open","ping_status":"open","sticky":false,"template":"","format":"standard","meta":{"_jetpack_newsletter_access":"","_jetpack_dont_email_post_to_subs":false,"_jetpack_newsletter_tier_id":0,"_jetpack_memberships_contains_paywalled_content":false,"_jetpack_memberships_contains_paid_content":false,"footnotes":""},"categories":[45],"tags":[],"class_list":["post-113441","post","type-post","status-publish","format-standard","hentry","category-economia"],"jetpack_featured_media_url":"","jetpack_shortlink":"https:\/\/wp.me\/p2JWE0-tvH","jetpack-related-posts":[{"id":113538,"url":"https:\/\/www.24baires.com\/?p=113538","url_meta":{"origin":113441,"position":0},"title":"El Gobierno prepara un ajuste en el \u00abgasto pol\u00edtico\u00bb","author":"AF","date":"21\/12\/2019","format":false,"excerpt":"Santiago Cafiero destac\u00f3, adem\u00e1s, la sanci\u00f3n de la ley de Solidaridad Social y Reactivaci\u00f3n Productiva. Asegur\u00f3 que los jubilados se ver\u00e1n favorecidos con los aumentos. \"La medida puede ser antip\u00e1tica, pero necesitamos un esfuerzo\", dijo en torno al d\u00f3lar turista. El jefe de Gabinete, Santiago Cafiero, anunci\u00f3 hoy que el\u2026","rel":"","context":"En \u00abPol\u00edtica\u00bb","block_context":{"text":"Pol\u00edtica","link":"https:\/\/www.24baires.com\/?cat=51"},"img":{"alt_text":"","src":"https:\/\/i0.wp.com\/www.24baires.com\/wp-content\/uploads\/2019\/12\/santiago-cafiero.jpg?resize=350%2C200","width":350,"height":200,"srcset":"https:\/\/i0.wp.com\/www.24baires.com\/wp-content\/uploads\/2019\/12\/santiago-cafiero.jpg?resize=350%2C200 1x, https:\/\/i0.wp.com\/www.24baires.com\/wp-content\/uploads\/2019\/12\/santiago-cafiero.jpg?resize=525%2C300 1.5x"},"classes":[]},{"id":116335,"url":"https:\/\/www.24baires.com\/?p=116335","url_meta":{"origin":113441,"position":1},"title":"Cafiero le pidi\u00f3 a la oposici\u00f3n que \u00abdeje de hacer pol\u00edtica en formato de trolls\u00bb","author":"AF","date":"26\/09\/2020","format":false,"excerpt":"El jefe de Gabinete de Ministros afirm\u00f3 que su declaraci\u00f3n jurada \"est\u00e1 en pesos\" y record\u00f3 que varios funcionarios de Cambiemos \"pusieron su dinero en el exterior mientras endeudaban al pa\u00eds y sus patrimonios crec\u00edan\". El jefe de Gabinete de Ministros, Santiago Cafiero, afirm\u00f3 que su declaraci\u00f3n jurada \"est\u00e1 en\u2026","rel":"","context":"En \u00abPol\u00edtica\u00bb","block_context":{"text":"Pol\u00edtica","link":"https:\/\/www.24baires.com\/?cat=51"},"img":{"alt_text":"","src":"https:\/\/i0.wp.com\/www.24baires.com\/wp-content\/uploads\/2020\/07\/cafiero.jpg?resize=350%2C200","width":350,"height":200,"srcset":"https:\/\/i0.wp.com\/www.24baires.com\/wp-content\/uploads\/2020\/07\/cafiero.jpg?resize=350%2C200 1x, https:\/\/i0.wp.com\/www.24baires.com\/wp-content\/uploads\/2020\/07\/cafiero.jpg?resize=525%2C300 1.5x"},"classes":[]},{"id":117553,"url":"https:\/\/www.24baires.com\/?p=117553","url_meta":{"origin":113441,"position":2},"title":"Cafiero: \u00abMientras los argentinos se arriesgan, otros aprovechan sus privilegios en Miami\u00bb","author":"AF","date":"11\/05\/2021","format":false,"excerpt":"El Jefe de Gabinete critic\u00f3 de este modo al ex presidente Mauricio Macri al poner en marcha una planta de tratamiento de residuos cloacales que cost\u00f3 79,6 millones de d\u00f3lares en Chaco. El jefe de Gabinete de Ministros, Santiago Cafiero, asegur\u00f3 este martes que \"mientras los argentinos se arriesgan combatiendo\u2026","rel":"","context":"En \u00abSociedad\u00bb","block_context":{"text":"Sociedad","link":"https:\/\/www.24baires.com\/?cat=1"},"img":{"alt_text":"","src":"https:\/\/i0.wp.com\/www.24baires.com\/wp-content\/uploads\/2021\/05\/609ace614d0e9_1004x565.jpg?resize=350%2C200","width":350,"height":200,"srcset":"https:\/\/i0.wp.com\/www.24baires.com\/wp-content\/uploads\/2021\/05\/609ace614d0e9_1004x565.jpg?resize=350%2C200 1x, https:\/\/i0.wp.com\/www.24baires.com\/wp-content\/uploads\/2021\/05\/609ace614d0e9_1004x565.jpg?resize=525%2C300 1.5x"},"classes":[]},{"id":117799,"url":"https:\/\/www.24baires.com\/?p=117799","url_meta":{"origin":113441,"position":3},"title":"El Gobierno confirm\u00f3 que se incrementar\u00e1 el salario m\u00ednimo, vital y m\u00f3vil","author":"GB","date":"04\/07\/2021","format":false,"excerpt":"Tras una reuni\u00f3n del gabinete econ\u00f3mico encabezada por Santiago Cafiero, desde el ejecutivo confirmaron el incremento que comenzar\u00e1 a regir en las pr\u00f3ximas semanas. Una nueva reuni\u00f3n del gabinete econ\u00f3mico que encabeza el jefe de Gabinete de Ministros de la Naci\u00f3n, Santiago Cafiero, se llev\u00f3 a cabo esta ma\u00f1ana en\u2026","rel":"","context":"En \u00abLocales\u00bb","block_context":{"text":"Locales","link":"https:\/\/www.24baires.com\/?cat=38"},"img":{"alt_text":"","src":"https:\/\/i0.wp.com\/www.24baires.com\/wp-content\/uploads\/2020\/04\/albeto.cafiero.jpg?resize=350%2C200","width":350,"height":200,"srcset":"https:\/\/i0.wp.com\/www.24baires.com\/wp-content\/uploads\/2020\/04\/albeto.cafiero.jpg?resize=350%2C200 1x, https:\/\/i0.wp.com\/www.24baires.com\/wp-content\/uploads\/2020\/04\/albeto.cafiero.jpg?resize=525%2C300 1.5x"},"classes":[]},{"id":117212,"url":"https:\/\/www.24baires.com\/?p=117212","url_meta":{"origin":113441,"position":4},"title":"El Presidente pidi\u00f3 la renuncia de Gin\u00e9s Gonz\u00e1lez Garc\u00eda","author":"AF","date":"19\/02\/2021","format":false,"excerpt":"Alberto Fern\u00e1ndez instruy\u00f3 al jefe de Gabinete, Santiago Cafiero, que solicite la renuncia del ministro de Salud, Gin\u00e9s Gonz\u00e1lez Garc\u00eda. El presidente Alberto Fern\u00e1ndez le pidi\u00f3 esta tarde la renuncia al ministro de Salud, Gin\u00e9s Gonz\u00e1lez Garc\u00eda, informaron fuentes oficiales. El mandatario instruy\u00f3 al jefe de Gabinete, Santiago Cafiero, para\u2026","rel":"","context":"En \u00abLocales\u00bb","block_context":{"text":"Locales","link":"https:\/\/www.24baires.com\/?cat=38"},"img":{"alt_text":"","src":"https:\/\/i0.wp.com\/www.24baires.com\/wp-content\/uploads\/2020\/11\/santiago-cafiero-y-gines-gonzalez-garcia-lanzan-un-programa-la-salud.jpg?resize=350%2C200","width":350,"height":200,"srcset":"https:\/\/i0.wp.com\/www.24baires.com\/wp-content\/uploads\/2020\/11\/santiago-cafiero-y-gines-gonzalez-garcia-lanzan-un-programa-la-salud.jpg?resize=350%2C200 1x, https:\/\/i0.wp.com\/www.24baires.com\/wp-content\/uploads\/2020\/11\/santiago-cafiero-y-gines-gonzalez-garcia-lanzan-un-programa-la-salud.jpg?resize=525%2C300 1.5x"},"classes":[]},{"id":116136,"url":"https:\/\/www.24baires.com\/?p=116136","url_meta":{"origin":113441,"position":5},"title":"Cafiero: \u00abSi hay abusos de las fuerzas de seguridad, estaremos del lado de las v\u00edctimas\u00bb","author":"AF","date":"03\/09\/2020","format":false,"excerpt":"El jefe de Gabinete se refiri\u00f3 al caso de Facundo Astudillo Castro y coincidi\u00f3 con los dichos del presidente Alberto Fern\u00e1ndez: \"Queremos saber qu\u00e9 pas\u00f3\". El jefe de Gabinete, Santiago Cafiero asever\u00f3 este jueves que \"si surgen evidencias de que hay abusos por parte de las fuerzas de seguridad, estaremos\u2026","rel":"","context":"En \u00abSociedad\u00bb","block_context":{"text":"Sociedad","link":"https:\/\/www.24baires.com\/?cat=1"},"img":{"alt_text":"","src":"https:\/\/i0.wp.com\/www.24baires.com\/wp-content\/uploads\/2020\/08\/busqeda-facundo.jpg?resize=350%2C200","width":350,"height":200,"srcset":"https:\/\/i0.wp.com\/www.24baires.com\/wp-content\/uploads\/2020\/08\/busqeda-facundo.jpg?resize=350%2C200 1x, https:\/\/i0.wp.com\/www.24baires.com\/wp-content\/uploads\/2020\/08\/busqeda-facundo.jpg?resize=525%2C300 1.5x"},"classes":[]}],"jetpack_sharing_enabled":true,"jetpack_likes_enabled":true,"_links":{"self":[{"href":"https:\/\/www.24baires.com\/index.php?rest_route=\/wp\/v2\/posts\/113441","targetHints":{"allow":["GET"]}}],"collection":[{"href":"https:\/\/www.24baires.com\/index.php?rest_route=\/wp\/v2\/posts"}],"about":[{"href":"https:\/\/www.24baires.com\/index.php?rest_route=\/wp\/v2\/types\/post"}],"author":[{"embeddable":true,"href":"https:\/\/www.24baires.com\/index.php?rest_route=\/wp\/v2\/users\/8"}],"replies":[{"embeddable":true,"href":"https:\/\/www.24baires.com\/index.php?rest_route=%2Fwp%2Fv2%2Fcomments&post=113441"}],"version-history":[{"count":1,"href":"https:\/\/www.24baires.com\/index.php?rest_route=\/wp\/v2\/posts\/113441\/revisions"}],"predecessor-version":[{"id":113443,"href":"https:\/\/www.24baires.com\/index.php?rest_route=\/wp\/v2\/posts\/113441\/revisions\/113443"}],"wp:attachment":[{"href":"https:\/\/www.24baires.com\/index.php?rest_route=%2Fwp%2Fv2%2Fmedia&parent=113441"}],"wp:term":[{"taxonomy":"category","embeddable":true,"href":"https:\/\/www.24baires.com\/index.php?rest_route=%2Fwp%2Fv2%2Fcategories&post=113441"},{"taxonomy":"post_tag","embeddable":true,"href":"https:\/\/www.24baires.com\/index.php?rest_route=%2Fwp%2Fv2%2Ftags&post=113441"}],"curies":[{"name":"wp","href":"https:\/\/api.w.org\/{rel}","templated":true}]}}