{"id":113430,"date":"2019-12-14T11:30:58","date_gmt":"2019-12-14T14:30:58","guid":{"rendered":"http:\/\/www.24baires.com\/?p=113430"},"modified":"2019-12-14T10:14:46","modified_gmt":"2019-12-14T13:14:46","slug":"el-gobierno-cambio-el-esquema-de-retenciones-al-campo","status":"publish","type":"post","link":"https:\/\/www.24baires.com\/?p=113430","title":{"rendered":"El Gobierno cambi\u00f3 el esquema de retenciones al campo"},"content":{"rendered":"<p><img data-recalc-dims=\"1\" loading=\"lazy\" decoding=\"async\" src=\"https:\/\/i0.wp.com\/www.24baires.com\/wp-content\/uploads\/2018\/02\/campo-seco.jpeg?resize=300%2C200\" alt=\"\" width=\"300\" height=\"200\" class=\"alignleft size-medium wp-image-100483\" srcset=\"https:\/\/i0.wp.com\/www.24baires.com\/wp-content\/uploads\/2018\/02\/campo-seco.jpeg?resize=300%2C200&amp;ssl=1 300w, https:\/\/i0.wp.com\/www.24baires.com\/wp-content\/uploads\/2018\/02\/campo-seco.jpeg?w=540&amp;ssl=1 540w\" sizes=\"auto, (max-width: 300px) 100vw, 300px\" \/>La medida fue dispuesta por un decreto publicado este s\u00e1bado en el Bolet\u00edn Oficial. Adem\u00e1s se cierra el registro de exportaciones el pr\u00f3ximo lunes.<!--more--><\/p>\n<p>El Gobierno decidi\u00f3 cerrar el registro para declarar las exportaciones de granos y subproductos y aumentar las retenciones. La medida fue publicada este s\u00e1bado en el Bolet\u00edn Oficial.<\/p>\n<p>De acuerdo con la norma 196, \u201cconsiderando que el Gobierno Nacional ha adoptado la decisi\u00f3n de proceder a modificar algunos de los derechos de exportaci\u00f3n\u201d y ante la \u201cnecesidad de preservar la transparencia del mercado mientras se procede a adoptar dicha medida\u201d, torna recomendable la suspensi\u00f3n temporaria del Registro de Declaraciones Juradas de Venta al Exterior (DJVE)\u00bb.<\/p>\n","protected":false},"excerpt":{"rendered":"<p>La medida fue dispuesta por un decreto publicado este s\u00e1bado en el Bolet\u00edn Oficial. Adem\u00e1s se cierra el registro de exportaciones el pr\u00f3ximo lunes.<\/p>\n","protected":false},"author":8,"featured_media":0,"comment_status":"open","ping_status":"open","sticky":false,"template":"","format":"standard","meta":{"_jetpack_newsletter_access":"","_jetpack_dont_email_post_to_subs":false,"_jetpack_newsletter_tier_id":0,"_jetpack_memberships_contains_paywalled_content":false,"_jetpack_memberships_contains_paid_content":false,"footnotes":""},"categories":[45],"tags":[],"class_list":["post-113430","post","type-post","status-publish","format-standard","hentry","category-economia"],"jetpack_featured_media_url":"","jetpack_shortlink":"https:\/\/wp.me\/p2JWE0-tvw","jetpack-related-posts":[{"id":108029,"url":"https:\/\/www.24baires.com\/?p=108029","url_meta":{"origin":113430,"position":0},"title":"El gobierno nacional oficializ\u00f3 la quita de retenciones a las pymes","author":"GB","date":"08\/05\/2019","format":false,"excerpt":"El Poder Ejecutivo dict\u00f3 la resoluci\u00f3n y la public\u00f3 en el Bolet\u00edn Oficial donde elimina los derechos de exportaci\u00f3n a empresas que hayan vendido por m\u00e1s de 50 millones de d\u00f3lares. El gobierno nacional oficializ\u00f3 la eliminaci\u00f3n de los derechos de exportaci\u00f3n para las micro, peque\u00f1as y medianas empresas que\u2026","rel":"","context":"En \u00abPol\u00edtica\u00bb","block_context":{"text":"Pol\u00edtica","link":"https:\/\/www.24baires.com\/?cat=51"},"img":{"alt_text":"","src":"https:\/\/i0.wp.com\/www.24baires.com\/wp-content\/uploads\/2017\/10\/pyme-1.jpg?resize=350%2C200","width":350,"height":200,"srcset":"https:\/\/i0.wp.com\/www.24baires.com\/wp-content\/uploads\/2017\/10\/pyme-1.jpg?resize=350%2C200 1x, https:\/\/i0.wp.com\/www.24baires.com\/wp-content\/uploads\/2017\/10\/pyme-1.jpg?resize=525%2C300 1.5x"},"classes":[]},{"id":91262,"url":"https:\/\/www.24baires.com\/?p=91262","url_meta":{"origin":113430,"position":1},"title":"Oficializan la reducci\u00f3n gradual de las retenciones a las exportaciones de soja","author":"AF","date":"02\/01\/2017","format":false,"excerpt":"El Gobierno oficializ\u00f3 su decisi\u00f3n de reducir en forma gradual las retenciones a las exportaciones de soja a partir de enero de 2018 hasta diciembre de 2019, anunciada por el presidente Mauricio Macri en octubre pasado. As\u00ed lo dispuso mediante el Decreto 1343\/2016, publicado hoy en el Bolet\u00edn Oficial, que\u2026","rel":"","context":"En \u00abLocales\u00bb","block_context":{"text":"Locales","link":"https:\/\/www.24baires.com\/?cat=38"},"img":{"alt_text":"","src":"https:\/\/i0.wp.com\/www.24baires.com\/wp-content\/uploads\/2013\/02\/soja2.jpg?resize=350%2C200","width":350,"height":200,"srcset":"https:\/\/i0.wp.com\/www.24baires.com\/wp-content\/uploads\/2013\/02\/soja2.jpg?resize=350%2C200 1x, https:\/\/i0.wp.com\/www.24baires.com\/wp-content\/uploads\/2013\/02\/soja2.jpg?resize=525%2C300 1.5x"},"classes":[]},{"id":102381,"url":"https:\/\/www.24baires.com\/?p=102381","url_meta":{"origin":113430,"position":2},"title":"El Gobierno aument\u00f3 las retenciones al biodiesel en un 15%","author":"GB","date":"28\/05\/2018","format":false,"excerpt":"Seg\u00fan un decreto publicado en el Bolet\u00edn Oficial se dispone un aumento en las retenciones para \"continuar propiciando la convergencia\" entre los derechos de exportaci\u00f3n del aceite de soja y el del biodi\u00e9sel. A comienzos del 2018, Estados Unidos confirm\u00f3 los aranceles a la importaci\u00f3n del biocombustible argentino pese a\u2026","rel":"","context":"En \u00abEconom\u00eda\u00bb","block_context":{"text":"Econom\u00eda","link":"https:\/\/www.24baires.com\/?cat=45"},"img":{"alt_text":"","src":"https:\/\/i0.wp.com\/www.24baires.com\/wp-content\/uploads\/2018\/05\/bio-disel.jpg?resize=350%2C200","width":350,"height":200,"srcset":"https:\/\/i0.wp.com\/www.24baires.com\/wp-content\/uploads\/2018\/05\/bio-disel.jpg?resize=350%2C200 1x, https:\/\/i0.wp.com\/www.24baires.com\/wp-content\/uploads\/2018\/05\/bio-disel.jpg?resize=525%2C300 1.5x"},"classes":[]},{"id":88251,"url":"https:\/\/www.24baires.com\/?p=88251","url_meta":{"origin":113430,"position":3},"title":"El Gobierno cit\u00f3 a las entidades del campo","author":"GB","date":"03\/10\/2016","format":false,"excerpt":"Desde Coninagro adelantaron que Macri podr\u00eda anunciar que mantendr\u00e1 la retenci\u00f3n para exportar soja en 30 por ciento. El recorte del 5 por ciento ser\u00eda solo para los productores del norte. El Gobierno nacional cit\u00f3 para esta tarde a las cuatro principales entidades del campo a quienes, seg\u00fan trascendi\u00f3, anunciar\u00e1\u2026","rel":"","context":"En \u00abPol\u00edtica\u00bb","block_context":{"text":"Pol\u00edtica","link":"https:\/\/www.24baires.com\/?cat=51"},"img":{"alt_text":"macri-campo","src":"https:\/\/i0.wp.com\/www.24baires.com\/wp-content\/uploads\/2016\/10\/macri-campo.jpg?resize=350%2C200","width":350,"height":200,"srcset":"https:\/\/i0.wp.com\/www.24baires.com\/wp-content\/uploads\/2016\/10\/macri-campo.jpg?resize=350%2C200 1x, https:\/\/i0.wp.com\/www.24baires.com\/wp-content\/uploads\/2016\/10\/macri-campo.jpg?resize=525%2C300 1.5x"},"classes":[]},{"id":118647,"url":"https:\/\/www.24baires.com\/?p=118647","url_meta":{"origin":113430,"position":4},"title":"Inflaci\u00f3n sin control: el gobierno prepara medidas","author":"GB","date":"16\/03\/2022","format":false,"excerpt":"Ampliaci\u00f3n de fideicomisos, regulaci\u00f3n de productos frescos y precios fijos ser\u00edan algunas las medidas que tomar\u00e1 el Gobierno. Luego de que el Indec informara este martes que la inflaci\u00f3n de febrero fue de 4,7% con fuerte impacto en los precios de los alimentos, el Gobierno analiza una bater\u00eda de medidas\u2026","rel":"","context":"En \u00abPol\u00edtica\u00bb","block_context":{"text":"Pol\u00edtica","link":"https:\/\/www.24baires.com\/?cat=51"},"img":{"alt_text":"","src":"https:\/\/i0.wp.com\/www.24baires.com\/wp-content\/uploads\/2020\/04\/supermercado.jpg?resize=350%2C200","width":350,"height":200,"srcset":"https:\/\/i0.wp.com\/www.24baires.com\/wp-content\/uploads\/2020\/04\/supermercado.jpg?resize=350%2C200 1x, https:\/\/i0.wp.com\/www.24baires.com\/wp-content\/uploads\/2020\/04\/supermercado.jpg?resize=525%2C300 1.5x"},"classes":[]},{"id":104167,"url":"https:\/\/www.24baires.com\/?p=104167","url_meta":{"origin":113430,"position":5},"title":"El Gobierno le perdon\u00f3 a Molinos el pago de 70 millones de d\u00f3lares","author":"GB","date":"29\/08\/2018","format":false,"excerpt":"A trav\u00e9s de un decreto presidencial el Ministerio de Agroindustria perdon\u00f3 a la empresa alimenticia Molinos R\u00edo de la Plata de la familia P\u00e9rez Companc el pago de la abultada cifra en d\u00f3lares producto de una deuda generada con Aduana por el pago de grav\u00e1menes en ventas al exterior El\u2026","rel":"","context":"En \u00abEconom\u00eda\u00bb","block_context":{"text":"Econom\u00eda","link":"https:\/\/www.24baires.com\/?cat=45"},"img":{"alt_text":"","src":"https:\/\/i0.wp.com\/www.24baires.com\/wp-content\/uploads\/2018\/08\/macriii.jpg?resize=350%2C200","width":350,"height":200,"srcset":"https:\/\/i0.wp.com\/www.24baires.com\/wp-content\/uploads\/2018\/08\/macriii.jpg?resize=350%2C200 1x, https:\/\/i0.wp.com\/www.24baires.com\/wp-content\/uploads\/2018\/08\/macriii.jpg?resize=525%2C300 1.5x"},"classes":[]}],"jetpack_sharing_enabled":true,"jetpack_likes_enabled":true,"_links":{"self":[{"href":"https:\/\/www.24baires.com\/index.php?rest_route=\/wp\/v2\/posts\/113430","targetHints":{"allow":["GET"]}}],"collection":[{"href":"https:\/\/www.24baires.com\/index.php?rest_route=\/wp\/v2\/posts"}],"about":[{"href":"https:\/\/www.24baires.com\/index.php?rest_route=\/wp\/v2\/types\/post"}],"author":[{"embeddable":true,"href":"https:\/\/www.24baires.com\/index.php?rest_route=\/wp\/v2\/users\/8"}],"replies":[{"embeddable":true,"href":"https:\/\/www.24baires.com\/index.php?rest_route=%2Fwp%2Fv2%2Fcomments&post=113430"}],"version-history":[{"count":1,"href":"https:\/\/www.24baires.com\/index.php?rest_route=\/wp\/v2\/posts\/113430\/revisions"}],"predecessor-version":[{"id":113432,"href":"https:\/\/www.24baires.com\/index.php?rest_route=\/wp\/v2\/posts\/113430\/revisions\/113432"}],"wp:attachment":[{"href":"https:\/\/www.24baires.com\/index.php?rest_route=%2Fwp%2Fv2%2Fmedia&parent=113430"}],"wp:term":[{"taxonomy":"category","embeddable":true,"href":"https:\/\/www.24baires.com\/index.php?rest_route=%2Fwp%2Fv2%2Fcategories&post=113430"},{"taxonomy":"post_tag","embeddable":true,"href":"https:\/\/www.24baires.com\/index.php?rest_route=%2Fwp%2Fv2%2Ftags&post=113430"}],"curies":[{"name":"wp","href":"https:\/\/api.w.org\/{rel}","templated":true}]}}