{"id":113405,"date":"2019-12-13T10:00:43","date_gmt":"2019-12-13T13:00:43","guid":{"rendered":"http:\/\/www.24baires.com\/?p=113405"},"modified":"2019-12-13T10:00:43","modified_gmt":"2019-12-13T13:00:43","slug":"el-gobierno-acordo-con-supermercados-una-lista-navidena-y-la-prorroga-de-precios-cuidados","status":"publish","type":"post","link":"https:\/\/www.24baires.com\/?p=113405","title":{"rendered":"El gobierno acord\u00f3 con supermercados una \u201clista navide\u00f1a\u201d y la pr\u00f3rroga de Precios Cuidados"},"content":{"rendered":"<p><img data-recalc-dims=\"1\" loading=\"lazy\" decoding=\"async\" src=\"https:\/\/i0.wp.com\/www.24baires.com\/wp-content\/uploads\/2018\/08\/supermercado.jpg?resize=560%2C313\" alt=\"\" width=\"560\" height=\"313\" class=\"aligncenter size-full wp-image-103910\" srcset=\"https:\/\/i0.wp.com\/www.24baires.com\/wp-content\/uploads\/2018\/08\/supermercado.jpg?w=560&amp;ssl=1 560w, https:\/\/i0.wp.com\/www.24baires.com\/wp-content\/uploads\/2018\/08\/supermercado.jpg?resize=300%2C168&amp;ssl=1 300w\" sizes=\"auto, (max-width: 560px) 100vw, 560px\" \/>Tras encuentro entre las partes, adelantaron que conformar\u00e1n una \u201cmesa t\u00e9cnica\u201d que analice la conformaci\u00f3n de los precios<!--more--><\/p>\n<p>El ministro de Desarrollo Productivo, Mat\u00edas Kulfas, acord\u00f3 con las principales cadenas de supermercados la elaboraci\u00f3n de una \u201clista navide\u00f1a\u201d con hasta seis productos a bajos precios y la extensi\u00f3n del programa de Precios Cuidados con marcas de primera l\u00ednea. Adem\u00e1s, evaluar\u00e1n la suba de algunos productos.<\/p>\n<p>El funcionario mantuvo una reuni\u00f3n con la Asociaci\u00f3n de Supermercados Unidos (ASU),  la secretaria Paula Espa\u00f1ol y los responsables de Defensa del Consumidor, Laura Goldberg y de la Subsecretar\u00eda de Mercados Internos. Seg\u00fan public\u00f3 T\u00e9lam, el primer acuerdo fue armar una \u201clista de Navidad\u201d con una serie de productos que cada supermercados pondr\u00e1 en oferta para estas fiestas.<\/p>\n<p>Asimismo, afirmaron que no habr\u00e1 una \u201ccanasta navide\u00f1a\u201d, pero ofrecer\u00e1n a partir de la semana que viene entre cinco o seis productos, que estar\u00e1n identificados por carteles. Adem\u00e1s, acordaron prorrogar el programa de Precios Cuidados, que vence en la primera semana de enero. En ese aspecto, se incorporan productos de \u201cprimera marca\u201d.<\/p>\n<p>Kulfas puso la mirada en la suba de algunos precios en los \u00faltimos seis meses, incluso por encima de cualquier otra variaci\u00f3n, y los supermercadistas dijeron que s\u00f3lo se limitaron a mantener los m\u00e1rgenes de ganancia. Entonces, se acord\u00f3 la integraci\u00f3n de una \u201cmesa t\u00e9cnica\u201d que analice la conformaci\u00f3n de los precios de esos productos, agregaron las fuentes oficiales.<\/p>\n<p>Por ASU asistieron Alfredo Coto (Coto), Federico Braun (La An\u00f3nima), Dolores Fern\u00e1ndez Lobbe (Walmart), Joaqu\u00edn Santa Coloma (Cencosud), Jean Christophe Tijeras (Libertad), St\u00e9phane Maquaire (Carrefour), Federico Coron (Dia) y Juan Vasco Mart\u00ednez (director ejecutivo ASU), adem\u00e1s de asesores de la c\u00e1mara.<\/p>\n","protected":false},"excerpt":{"rendered":"<p>Tras encuentro entre las partes, adelantaron que conformar\u00e1n una \u201cmesa t\u00e9cnica\u201d que analice la conformaci\u00f3n de los precios<\/p>\n","protected":false},"author":8,"featured_media":0,"comment_status":"open","ping_status":"open","sticky":false,"template":"","format":"standard","meta":{"_jetpack_newsletter_access":"","_jetpack_dont_email_post_to_subs":false,"_jetpack_newsletter_tier_id":0,"_jetpack_memberships_contains_paywalled_content":false,"_jetpack_memberships_contains_paid_content":false,"footnotes":""},"categories":[45],"tags":[],"class_list":["post-113405","post","type-post","status-publish","format-standard","hentry","category-economia"],"jetpack_featured_media_url":"","jetpack_shortlink":"https:\/\/wp.me\/p2JWE0-tv7","jetpack-related-posts":[{"id":57495,"url":"https:\/\/www.24baires.com\/?p=57495","url_meta":{"origin":113405,"position":0},"title":"Precios Cuidados lanz\u00f3 una canasta navide\u00f1a que costar\u00e1 43, 50 pesos","author":"GB","date":"21\/11\/2014","format":false,"excerpt":"Fue presentada por el Secretario de Comercio Augusto Costa. Estar\u00e1 integrada por seis productos y a partir del lunes pr\u00f3ximo se ofrecer\u00e1 en las principales cadenas de supermercados. El secretario de Comercio, Augusto Costa, inform\u00f3 hoy que la canasta navide\u00f1a de productos a Precios Cuidados comenzar\u00e1 a ser ofrecida a\u2026","rel":"","context":"En \u00abEconom\u00eda\u00bb","block_context":{"text":"Econom\u00eda","link":"https:\/\/www.24baires.com\/?cat=45"},"img":{"alt_text":"navidad","src":"https:\/\/i0.wp.com\/www.24baires.com\/wp-content\/uploads\/2014\/11\/navidad.jpg?resize=350%2C200","width":350,"height":200,"srcset":"https:\/\/i0.wp.com\/www.24baires.com\/wp-content\/uploads\/2014\/11\/navidad.jpg?resize=350%2C200 1x, https:\/\/i0.wp.com\/www.24baires.com\/wp-content\/uploads\/2014\/11\/navidad.jpg?resize=525%2C300 1.5x"},"classes":[]},{"id":36796,"url":"https:\/\/www.24baires.com\/?p=36796","url_meta":{"origin":113405,"position":1},"title":"Anunciaron una canasta navide\u00f1a que no supera los $39","author":"GB","date":"13\/12\/2013","format":false,"excerpt":"El acuerdo fue logrado por el jefe de Gabinete y el ministro de Econom\u00eda en la reuni\u00f3n que mantuvieron con los supermercadistas. Una canasta navide\u00f1a de seis productos se ofrecer\u00e1 desde el lunes en los supermercados a menos de 39 pesos, seg\u00fan lo acordado por el jefe de Gabinete y\u2026","rel":"","context":"En \u00abEconom\u00eda\u00bb","block_context":{"text":"Econom\u00eda","link":"https:\/\/www.24baires.com\/?cat=45"},"img":{"alt_text":"","src":"","width":0,"height":0},"classes":[]},{"id":113963,"url":"https:\/\/www.24baires.com\/?p=113963","url_meta":{"origin":113405,"position":2},"title":"Los supermercados chinos se suman a Precios Cuidados con una lista de 200 productos","author":"GB","date":"30\/01\/2020","format":false,"excerpt":"La semana pr\u00f3ximas lanzar\u00e1n la adhesi\u00f3n a la iniciativa que intenta combatir la inflaci\u00f3n. El director de la C\u00e1mara de Autoservicios y Supermercados de Residentes Chinos (Casrech), Eduardo Gonz\u00e1lez, confirm\u00f3 que avanzaron en detalles para lanzar su adhesi\u00f3n al programa Precios Cuidados la semana pr\u00f3xima. La inclusi\u00f3n en la iniciativa\u2026","rel":"","context":"En \u00abEconom\u00eda\u00bb","block_context":{"text":"Econom\u00eda","link":"https:\/\/www.24baires.com\/?cat=45"},"img":{"alt_text":"","src":"https:\/\/i0.wp.com\/www.24baires.com\/wp-content\/uploads\/2013\/12\/super-chino.jpg?resize=350%2C200","width":350,"height":200,"srcset":"https:\/\/i0.wp.com\/www.24baires.com\/wp-content\/uploads\/2013\/12\/super-chino.jpg?resize=350%2C200 1x, https:\/\/i0.wp.com\/www.24baires.com\/wp-content\/uploads\/2013\/12\/super-chino.jpg?resize=525%2C300 1.5x"},"classes":[]},{"id":104332,"url":"https:\/\/www.24baires.com\/?p=104332","url_meta":{"origin":113405,"position":3},"title":"El gobierno renov\u00f3 Precios Cuidados con m\u00e1s de 550 productos","author":"GB","date":"07\/09\/2018","format":false,"excerpt":"Luego de arduas negociaciones con las c\u00e1maras empresarias, anunciaron la renovaci\u00f3n del programa con la incorporaci\u00f3n de 127 alimentos y bebidas de la canasta b\u00e1sica. La medida se da en el marco de la crisis econ\u00f3mica que afecta al poder adquisitivo de los trabajadores. La crisis econ\u00f3mica oblig\u00f3 al gobierno\u2026","rel":"","context":"En \u00abConsumidores\u00bb","block_context":{"text":"Consumidores","link":"https:\/\/www.24baires.com\/?cat=78"},"img":{"alt_text":"","src":"https:\/\/i0.wp.com\/www.24baires.com\/wp-content\/uploads\/2018\/09\/precios-cuidados.jpg?resize=350%2C200","width":350,"height":200,"srcset":"https:\/\/i0.wp.com\/www.24baires.com\/wp-content\/uploads\/2018\/09\/precios-cuidados.jpg?resize=350%2C200 1x, https:\/\/i0.wp.com\/www.24baires.com\/wp-content\/uploads\/2018\/09\/precios-cuidados.jpg?resize=525%2C300 1.5x"},"classes":[]},{"id":40516,"url":"https:\/\/www.24baires.com\/?p=40516","url_meta":{"origin":113405,"position":4},"title":"Unidos y Organizados promovi\u00f3 el programa \u00abPrecios Cuidados\u00bb en los supermercados","author":"Grupo Sierra","date":"15\/02\/2014","format":false,"excerpt":"Militantes de distintos lugares del pa\u00eds, nucleados en el espacio pol\u00edtico Unidos y Organizados, se acercaron a la puerta de los supermercados de las cadenas incluidas en el programa Precios Cuidados para informar a los consumidores sobre los precios que los comercios est\u00e1n obligados a cumplir. Los j\u00f3venes de distintas\u2026","rel":"","context":"En \u00abSociedad\u00bb","block_context":{"text":"Sociedad","link":"https:\/\/www.24baires.com\/?cat=1"},"img":{"alt_text":"","src":"","width":0,"height":0},"classes":[]},{"id":76792,"url":"https:\/\/www.24baires.com\/?p=76792","url_meta":{"origin":113405,"position":5},"title":"Los principales supermercados ofrecen una canasta navide\u00f1a a $54","author":"AF","date":"23\/12\/2015","format":false,"excerpt":"La canasta est\u00e1 disponible en todo el pa\u00eds y es una suerte de \"combo electr\u00f3nico\" de seis productos que se deben comprar en conjunto, y si se adquieren de manera separada el precio es mayor, seg\u00fan se aclar\u00f3. Las principales cadenas de supermercados del pa\u00eds ofrecen una canasta navide\u00f1a de\u2026","rel":"","context":"En \u00abEconom\u00eda\u00bb","block_context":{"text":"Econom\u00eda","link":"https:\/\/www.24baires.com\/?cat=45"},"img":{"alt_text":"super navidad","src":"https:\/\/i0.wp.com\/www.24baires.com\/wp-content\/uploads\/2015\/12\/super-navidad.jpg?resize=350%2C200","width":350,"height":200,"srcset":"https:\/\/i0.wp.com\/www.24baires.com\/wp-content\/uploads\/2015\/12\/super-navidad.jpg?resize=350%2C200 1x, https:\/\/i0.wp.com\/www.24baires.com\/wp-content\/uploads\/2015\/12\/super-navidad.jpg?resize=525%2C300 1.5x"},"classes":[]}],"jetpack_sharing_enabled":true,"jetpack_likes_enabled":true,"_links":{"self":[{"href":"https:\/\/www.24baires.com\/index.php?rest_route=\/wp\/v2\/posts\/113405","targetHints":{"allow":["GET"]}}],"collection":[{"href":"https:\/\/www.24baires.com\/index.php?rest_route=\/wp\/v2\/posts"}],"about":[{"href":"https:\/\/www.24baires.com\/index.php?rest_route=\/wp\/v2\/types\/post"}],"author":[{"embeddable":true,"href":"https:\/\/www.24baires.com\/index.php?rest_route=\/wp\/v2\/users\/8"}],"replies":[{"embeddable":true,"href":"https:\/\/www.24baires.com\/index.php?rest_route=%2Fwp%2Fv2%2Fcomments&post=113405"}],"version-history":[{"count":1,"href":"https:\/\/www.24baires.com\/index.php?rest_route=\/wp\/v2\/posts\/113405\/revisions"}],"predecessor-version":[{"id":113407,"href":"https:\/\/www.24baires.com\/index.php?rest_route=\/wp\/v2\/posts\/113405\/revisions\/113407"}],"wp:attachment":[{"href":"https:\/\/www.24baires.com\/index.php?rest_route=%2Fwp%2Fv2%2Fmedia&parent=113405"}],"wp:term":[{"taxonomy":"category","embeddable":true,"href":"https:\/\/www.24baires.com\/index.php?rest_route=%2Fwp%2Fv2%2Fcategories&post=113405"},{"taxonomy":"post_tag","embeddable":true,"href":"https:\/\/www.24baires.com\/index.php?rest_route=%2Fwp%2Fv2%2Ftags&post=113405"}],"curies":[{"name":"wp","href":"https:\/\/api.w.org\/{rel}","templated":true}]}}