{"id":113395,"date":"2019-12-12T20:33:26","date_gmt":"2019-12-12T23:33:26","guid":{"rendered":"http:\/\/www.24baires.com\/?p=113395"},"modified":"2019-12-12T20:33:26","modified_gmt":"2019-12-12T23:33:26","slug":"la-inflacion-de-noviembre-fue-del-43-segun-el-indec","status":"publish","type":"post","link":"https:\/\/www.24baires.com\/?p=113395","title":{"rendered":"La inflaci\u00f3n de noviembre fue del 4,3% seg\u00fan el INDEC"},"content":{"rendered":"<p><img data-recalc-dims=\"1\" loading=\"lazy\" decoding=\"async\" src=\"https:\/\/i0.wp.com\/www.24baires.com\/wp-content\/uploads\/2018\/08\/supermercado.jpg?resize=560%2C313\" alt=\"\" width=\"560\" height=\"313\" class=\"alignleft size-full wp-image-103910\" srcset=\"https:\/\/i0.wp.com\/www.24baires.com\/wp-content\/uploads\/2018\/08\/supermercado.jpg?w=560&amp;ssl=1 560w, https:\/\/i0.wp.com\/www.24baires.com\/wp-content\/uploads\/2018\/08\/supermercado.jpg?resize=300%2C168&amp;ssl=1 300w\" sizes=\"auto, (max-width: 560px) 100vw, 560px\" \/>En lo que va del a\u00f1o, el aumento de precios avanz\u00f3 48,3 por ciento. La comparaci\u00f3n interanual lleg\u00f3 al 52,1 por ciento.<!--more--><\/p>\n<p>Los precios al consumidor (IPC) subieron 4,3% en noviembre de 2019 respecto de octubre pasado, lo que suma un 52,1% interanual (al mismo mes pero de 2018), informaron desde el Instituto Nacional de Estad\u00edstica y Censos (INDEC).<\/p>\n<p>De acuerdo al informe publicado este jueves, el rubro que m\u00e1s aument\u00f3 de octubre a noviembre fue el de comunicaci\u00f3n, con un 7,4% de incremento, que incluye \u00edtems como la telefon\u00eda celular.<\/p>\n<p>El segundo rubro que m\u00e1s se encareci\u00f3 fue el de la salud, que incluye a las prepagas y los medicamentos, con un 6,3% de aumento.<\/p>\n<p>La Patagonia, la regi\u00f3n Pampeana y la de Cuyo fueron las \u00e1reas del pa\u00eds donde se registraron los porcentajes m\u00e1s altos de incrementos en precios con una inflaci\u00f3n del 4,5% entre octubre y noviembre.<\/p>\n<p>En lo que va del a\u00f1o los precios subieron un 48,3% en todo el pa\u00eds y un 52,1% desde noviembre de 2018.<\/p>\n<p>La salud, una vez m\u00e1s, fue lo que m\u00e1s se encareci\u00f3 en 2019 con un incremento del 63% acumulado desde que arranc\u00f3 el a\u00f1o, y un 71,6% interanual.<\/p>\n","protected":false},"excerpt":{"rendered":"<p>En lo que va del a\u00f1o, el aumento de precios avanz\u00f3 48,3 por ciento. La comparaci\u00f3n interanual lleg\u00f3 al 52,1 por ciento.<\/p>\n","protected":false},"author":4,"featured_media":0,"comment_status":"open","ping_status":"open","sticky":false,"template":"","format":"standard","meta":{"_jetpack_newsletter_access":"","_jetpack_dont_email_post_to_subs":false,"_jetpack_newsletter_tier_id":0,"_jetpack_memberships_contains_paywalled_content":false,"_jetpack_memberships_contains_paid_content":false,"footnotes":""},"categories":[45],"tags":[],"class_list":["post-113395","post","type-post","status-publish","format-standard","hentry","category-economia"],"jetpack_featured_media_url":"","jetpack_shortlink":"https:\/\/wp.me\/p2JWE0-tuX","jetpack-related-posts":[{"id":91755,"url":"https:\/\/www.24baires.com\/?p=91755","url_meta":{"origin":113395,"position":0},"title":"El INDEC ratifica que se estanc\u00f3 el consumo frente a la fuerte inflaci\u00f3n","author":"AF","date":"20\/01\/2017","format":false,"excerpt":"A pesar de que durante el mes de noviembre las ventas en supermercados y shoppings crecieron, se not\u00f3 la contracci\u00f3n del consumo debido al 41 % de inflaci\u00f3n generado durante todo el 2016. La facturaci\u00f3n por las ventas en los supermercados creci\u00f3 durante noviembre el 22,5 por ciento en relaci\u00f3n\u2026","rel":"","context":"En \u00abEconom\u00eda\u00bb","block_context":{"text":"Econom\u00eda","link":"https:\/\/www.24baires.com\/?cat=45"},"img":{"alt_text":"","src":"https:\/\/i0.wp.com\/www.24baires.com\/wp-content\/uploads\/2016\/05\/supermercado-vac%C3%ADo.jpg?resize=350%2C200","width":350,"height":200,"srcset":"https:\/\/i0.wp.com\/www.24baires.com\/wp-content\/uploads\/2016\/05\/supermercado-vac%C3%ADo.jpg?resize=350%2C200 1x, https:\/\/i0.wp.com\/www.24baires.com\/wp-content\/uploads\/2016\/05\/supermercado-vac%C3%ADo.jpg?resize=525%2C300 1.5x"},"classes":[]},{"id":92944,"url":"https:\/\/www.24baires.com\/?p=92944","url_meta":{"origin":113395,"position":1},"title":"La inflaci\u00f3n en febrero fue de 2,5%","author":"GB","date":"09\/03\/2017","format":false,"excerpt":"En sinton\u00eda con las mediciones privadas y la de las centrales obreras, el INDEC dio a conocer el el \u00cdndice de Precios al Consumidor (IPC). En lo que va del a\u00f1o es de 3,8%. Los rubros que m\u00e1s impactaron fueron educaci\u00f3n, que aument\u00f3 4%; y transporte y comunicaciones, que tuvieron\u2026","rel":"","context":"En \u00abEconom\u00eda\u00bb","block_context":{"text":"Econom\u00eda","link":"https:\/\/www.24baires.com\/?cat=45"},"img":{"alt_text":"","src":"https:\/\/i0.wp.com\/www.24baires.com\/wp-content\/uploads\/2016\/05\/supermercado-vac%C3%ADo-300x178.jpg?resize=350%2C200","width":350,"height":200},"classes":[]},{"id":110787,"url":"https:\/\/www.24baires.com\/?p=110787","url_meta":{"origin":113395,"position":2},"title":"La inflaci\u00f3n de mayo es de 3,1% y ya alcanza al 57,3% interanual","author":"AF","date":"13\/06\/2019","format":false,"excerpt":"As\u00ed lo inform\u00f3 el INDEC. El Indice de Precios al Consumidor (IPC) registr\u00f3 un incremento interanual que signific\u00f3 el nivel m\u00e1s alto desde la salida de la hiperinflaci\u00f3n de 1991. Argentina duplic\u00f3 su inflaci\u00f3n desde que recurri\u00f3 al FMI. Los precios minoristas registraron en mayo \u00faltimo un aumento del 3,1%\u2026","rel":"","context":"En \u00abEconom\u00eda\u00bb","block_context":{"text":"Econom\u00eda","link":"https:\/\/www.24baires.com\/?cat=45"},"img":{"alt_text":"","src":"https:\/\/i0.wp.com\/www.24baires.com\/wp-content\/uploads\/2018\/08\/supermercado.jpg?resize=350%2C200","width":350,"height":200,"srcset":"https:\/\/i0.wp.com\/www.24baires.com\/wp-content\/uploads\/2018\/08\/supermercado.jpg?resize=350%2C200 1x, https:\/\/i0.wp.com\/www.24baires.com\/wp-content\/uploads\/2018\/08\/supermercado.jpg?resize=525%2C300 1.5x"},"classes":[]},{"id":120466,"url":"https:\/\/www.24baires.com\/?p=120466","url_meta":{"origin":113395,"position":3},"title":"La inflaci\u00f3n de agosto fue del 12,4%","author":"AF","date":"13\/09\/2023","format":false,"excerpt":"El IPC del INDEC fue el m\u00e1s alto en 30 a\u00f1os, con Alimentos y Bebidas con suba de 15,6. La carne tuvo un alza de m\u00e1s de 25 puntos. Prepagas y regulados tambi\u00e9n empujaron. La inflaci\u00f3n del mes de agosto quebr\u00f3 la barrera psicol\u00f3gica y salt\u00f3 a dos digitos en\u2026","rel":"","context":"En \u00abEconom\u00eda\u00bb","block_context":{"text":"Econom\u00eda","link":"https:\/\/www.24baires.com\/?cat=45"},"img":{"alt_text":"","src":"https:\/\/i0.wp.com\/www.24baires.com\/wp-content\/uploads\/2023\/06\/supermercado.jpg?resize=350%2C200","width":350,"height":200,"srcset":"https:\/\/i0.wp.com\/www.24baires.com\/wp-content\/uploads\/2023\/06\/supermercado.jpg?resize=350%2C200 1x, https:\/\/i0.wp.com\/www.24baires.com\/wp-content\/uploads\/2023\/06\/supermercado.jpg?resize=525%2C300 1.5x, https:\/\/i0.wp.com\/www.24baires.com\/wp-content\/uploads\/2023\/06\/supermercado.jpg?resize=700%2C400 2x"},"classes":[]},{"id":106412,"url":"https:\/\/www.24baires.com\/?p=106412","url_meta":{"origin":113395,"position":4},"title":"La inflaci\u00f3n mayorista fue del 73,5% durante 2018","author":"AF","date":"17\/01\/2019","format":false,"excerpt":"Al comp\u00e1s de la megadevaluaci\u00f3n del a\u00f1o pasado, los precios mayoristas superaron el \u00edndice de inflaci\u00f3n minorista (47,6 por ciento). El petr\u00f3leo crudo y el gas aumentaron 105,5 por ciento, y los veh\u00edculos automotores, carrocer\u00edas y repuestos un 90,6 por ciento. Los precios de los productos importados se incrementaron un\u2026","rel":"","context":"En \u00abEconom\u00eda\u00bb","block_context":{"text":"Econom\u00eda","link":"https:\/\/www.24baires.com\/?cat=45"},"img":{"alt_text":"","src":"https:\/\/i0.wp.com\/www.24baires.com\/wp-content\/uploads\/2015\/12\/autos-0km.jpg?resize=350%2C200","width":350,"height":200,"srcset":"https:\/\/i0.wp.com\/www.24baires.com\/wp-content\/uploads\/2015\/12\/autos-0km.jpg?resize=350%2C200 1x, https:\/\/i0.wp.com\/www.24baires.com\/wp-content\/uploads\/2015\/12\/autos-0km.jpg?resize=525%2C300 1.5x"},"classes":[]},{"id":103291,"url":"https:\/\/www.24baires.com\/?p=103291","url_meta":{"origin":113395,"position":5},"title":"La suba de precios en junio fue del 3,5%","author":"AF","date":"11\/07\/2018","format":false,"excerpt":"El registro de inflaci\u00f3n del mes pasado es el m\u00e1s alto en los \u00faltimos dos a\u00f1os, ya que hay que remontarse hasta mayo de 2016 para encontrar un alza superior. El relevamiento de la UMET arroja una suba interanual del 29,5 por ciento. La suba de precios de junio fue\u2026","rel":"","context":"En \u00abEconom\u00eda\u00bb","block_context":{"text":"Econom\u00eda","link":"https:\/\/www.24baires.com\/?cat=45"},"img":{"alt_text":"","src":"https:\/\/i0.wp.com\/www.24baires.com\/wp-content\/uploads\/2013\/03\/supermercado2.jpg?resize=350%2C200","width":350,"height":200,"srcset":"https:\/\/i0.wp.com\/www.24baires.com\/wp-content\/uploads\/2013\/03\/supermercado2.jpg?resize=350%2C200 1x, https:\/\/i0.wp.com\/www.24baires.com\/wp-content\/uploads\/2013\/03\/supermercado2.jpg?resize=525%2C300 1.5x"},"classes":[]}],"jetpack_sharing_enabled":true,"jetpack_likes_enabled":true,"_links":{"self":[{"href":"https:\/\/www.24baires.com\/index.php?rest_route=\/wp\/v2\/posts\/113395","targetHints":{"allow":["GET"]}}],"collection":[{"href":"https:\/\/www.24baires.com\/index.php?rest_route=\/wp\/v2\/posts"}],"about":[{"href":"https:\/\/www.24baires.com\/index.php?rest_route=\/wp\/v2\/types\/post"}],"author":[{"embeddable":true,"href":"https:\/\/www.24baires.com\/index.php?rest_route=\/wp\/v2\/users\/4"}],"replies":[{"embeddable":true,"href":"https:\/\/www.24baires.com\/index.php?rest_route=%2Fwp%2Fv2%2Fcomments&post=113395"}],"version-history":[{"count":1,"href":"https:\/\/www.24baires.com\/index.php?rest_route=\/wp\/v2\/posts\/113395\/revisions"}],"predecessor-version":[{"id":113399,"href":"https:\/\/www.24baires.com\/index.php?rest_route=\/wp\/v2\/posts\/113395\/revisions\/113399"}],"wp:attachment":[{"href":"https:\/\/www.24baires.com\/index.php?rest_route=%2Fwp%2Fv2%2Fmedia&parent=113395"}],"wp:term":[{"taxonomy":"category","embeddable":true,"href":"https:\/\/www.24baires.com\/index.php?rest_route=%2Fwp%2Fv2%2Fcategories&post=113395"},{"taxonomy":"post_tag","embeddable":true,"href":"https:\/\/www.24baires.com\/index.php?rest_route=%2Fwp%2Fv2%2Ftags&post=113395"}],"curies":[{"name":"wp","href":"https:\/\/api.w.org\/{rel}","templated":true}]}}