{"id":113367,"date":"2019-12-12T10:30:26","date_gmt":"2019-12-12T13:30:26","guid":{"rendered":"http:\/\/www.24baires.com\/?p=113367"},"modified":"2019-12-12T10:25:53","modified_gmt":"2019-12-12T13:25:53","slug":"baradel-celebro-que-vuelva-la-paritaria-nacional-docente","status":"publish","type":"post","link":"https:\/\/www.24baires.com\/?p=113367","title":{"rendered":"Baradel celebr\u00f3 que vuelva la paritaria nacional docente"},"content":{"rendered":"<p><img data-recalc-dims=\"1\" loading=\"lazy\" decoding=\"async\" src=\"https:\/\/i0.wp.com\/www.24baires.com\/wp-content\/uploads\/2018\/09\/baradel.jpg?resize=560%2C315\" alt=\"\" width=\"560\" height=\"315\" class=\"aligncenter size-full wp-image-104436\" srcset=\"https:\/\/i0.wp.com\/www.24baires.com\/wp-content\/uploads\/2018\/09\/baradel.jpg?w=560&amp;ssl=1 560w, https:\/\/i0.wp.com\/www.24baires.com\/wp-content\/uploads\/2018\/09\/baradel.jpg?resize=300%2C169&amp;ssl=1 300w\" sizes=\"auto, (max-width: 560px) 100vw, 560px\" \/>El secretario general del Sindicato \u00danico de Trabajadores de la Educaci\u00f3n de Buenos Aires (Suteba), Roberto Baradel, celebr\u00f3 hoy que el gobierno nacional restituya la paritaria nacional docente, una instancia de negociaci\u00f3n con fuerza de ley que fue clausurada por decreto durante la administraci\u00f3n de Mauricio Macri.<!--more--><\/p>\n<p>El dirigente gremial dijo que ese anuncio, que fue formulado ayer por el ministro de Educaci\u00f3n nacional, Nicol\u00e1s Trotta, \u00abes la respuesta al reclamo que ven\u00edamos haciendo los docentes\u00bb.<\/p>\n<p>Evalu\u00f3 que si bien hasta diciembre el sector cobrar\u00e1 aumentos por cl\u00e1usula gatillo ajustable por inflaci\u00f3n, \u00ablo ideal ser\u00eda reunirnos cuando antes\u00bb con el gobierno bonaerense para discutir salarios, condiciones laborales e infraestructura escolar, tres aspectos de la paritaria provincial<\/p>\n<p>\u00abReci\u00e9n est\u00e1n asumiendo. Pero le vamos a pedir una reuni\u00f3n a la nueva administraci\u00f3n para comenzar a charlar sobre todo esto\u00bb, apunt\u00f3.<\/p>\n","protected":false},"excerpt":{"rendered":"<p>El secretario general del Sindicato \u00danico de Trabajadores de la Educaci\u00f3n de Buenos Aires (Suteba), Roberto Baradel, celebr\u00f3 hoy que el gobierno nacional restituya la paritaria nacional docente, una instancia de negociaci\u00f3n con fuerza de ley que fue clausurada por decreto durante la administraci\u00f3n de Mauricio Macri.<\/p>\n","protected":false},"author":8,"featured_media":0,"comment_status":"open","ping_status":"open","sticky":false,"template":"","format":"standard","meta":{"_jetpack_newsletter_access":"","_jetpack_dont_email_post_to_subs":false,"_jetpack_newsletter_tier_id":0,"_jetpack_memberships_contains_paywalled_content":false,"_jetpack_memberships_contains_paid_content":false,"footnotes":""},"categories":[40],"tags":[],"class_list":["post-113367","post","type-post","status-publish","format-standard","hentry","category-provincia"],"jetpack_shortlink":"https:\/\/wp.me\/p2JWE0-tuv","jetpack-related-posts":[{"id":113937,"url":"https:\/\/www.24baires.com\/?p=113937","url_meta":{"origin":113367,"position":0},"title":"Baradel avis\u00f3 que los docentes quieren un aumento que supere la inflaci\u00f3n","author":"GB","date":"28\/01\/2020","format":false,"excerpt":"El titular de Suteba resalt\u00f3 que no pretenden una cifra concreta de aumento, aunque s\u00ed m\u00e1s que la cl\u00e1usula gatillo. El secretario general del Sindicato \u00danico de Trabajadores de la Educaci\u00f3n de la provincia de Buenos Aires (Suteba), Roberto Baradel, destac\u00f3 que los docentes quieren mejoras en el salario b\u00e1sico\u2026","rel":"","context":"En \u00abProvincia\u00bb","block_context":{"text":"Provincia","link":"https:\/\/www.24baires.com\/?cat=40"},"img":{"alt_text":"","src":"https:\/\/i0.wp.com\/www.24baires.com\/wp-content\/uploads\/2018\/10\/baradel.jpg?resize=350%2C200","width":350,"height":200,"srcset":"https:\/\/i0.wp.com\/www.24baires.com\/wp-content\/uploads\/2018\/10\/baradel.jpg?resize=350%2C200 1x, https:\/\/i0.wp.com\/www.24baires.com\/wp-content\/uploads\/2018\/10\/baradel.jpg?resize=525%2C300 1.5x"},"classes":[]},{"id":92496,"url":"https:\/\/www.24baires.com\/?p=92496","url_meta":{"origin":113367,"position":1},"title":"\u00abNosotros no somos los que buscamos conflicto\u00bb, asever\u00f3 Baradel","author":"GB","date":"17\/02\/2017","format":false,"excerpt":"El titular de Suteba volvi\u00f3 a reclamar que Macri convoque a paritarias nacionales y cuestion\u00f3 a Vidal: \"No s\u00e9 qu\u00e9 d\u00edas va a descontar, si todav\u00eda no hicimos paro\", sostuvo. El secretario general de Suteba, Roberto Baradel, ratific\u00f3 hoy el pedido de los docentes para que el Gobierno nacional los\u2026","rel":"","context":"En \u00abPol\u00edtica\u00bb","block_context":{"text":"Pol\u00edtica","link":"https:\/\/www.24baires.com\/?cat=51"},"img":{"alt_text":"","src":"https:\/\/i0.wp.com\/www.24baires.com\/wp-content\/uploads\/2014\/03\/Baradel.jpg?resize=350%2C200","width":350,"height":200},"classes":[]},{"id":100049,"url":"https:\/\/www.24baires.com\/?p=100049","url_meta":{"origin":113367,"position":2},"title":"Gremios docentes advierten que en estas condiciones \u201cno comenzar\u00e1n las clases\u201d","author":"GB","date":"19\/01\/2018","format":false,"excerpt":"As\u00ed lo asegur\u00f3 el secretario General de SUTEBA, quien envi\u00f3 un mensaje al Ejecutivo y ya puso los primeros requerimientos para que el ciclo lectivo inicie a tiempo. En medio del clima de tensi\u00f3n por el decreto de Mauricio Macri que elimina la paritaria nacional docente y quita injerencia a\u2026","rel":"","context":"En \u00abProvincia\u00bb","block_context":{"text":"Provincia","link":"https:\/\/www.24baires.com\/?cat=40"},"img":{"alt_text":"","src":"https:\/\/i0.wp.com\/www.24baires.com\/wp-content\/uploads\/2017\/03\/marcha-federal-docente.jpg?resize=350%2C200","width":350,"height":200,"srcset":"https:\/\/i0.wp.com\/www.24baires.com\/wp-content\/uploads\/2017\/03\/marcha-federal-docente.jpg?resize=350%2C200 1x, https:\/\/i0.wp.com\/www.24baires.com\/wp-content\/uploads\/2017\/03\/marcha-federal-docente.jpg?resize=525%2C300 1.5x"},"classes":[]},{"id":100036,"url":"https:\/\/www.24baires.com\/?p=100036","url_meta":{"origin":113367,"position":3},"title":"Baradel volvi\u00f3 a ser amenazado","author":"AF","date":"18\/01\/2018","format":false,"excerpt":"\u201cDecidiste ser el enemigo, ahora te vamos a hacer desaparecer\", le advirtieron por mail al secretario general del Suteba. El mensaje lleg\u00f3 a su casilla de correo anoche luego de la campa\u00f1a del gobierno bonaerense que promueve la desafiliaci\u00f3n de los maestros y de la eliminaci\u00f3n por decreto de la\u2026","rel":"","context":"En \u00abSociedad\u00bb","block_context":{"text":"Sociedad","link":"https:\/\/www.24baires.com\/?cat=1"},"img":{"alt_text":"","src":"https:\/\/i0.wp.com\/www.24baires.com\/wp-content\/uploads\/2017\/07\/baradel.jpg?resize=350%2C200","width":350,"height":200,"srcset":"https:\/\/i0.wp.com\/www.24baires.com\/wp-content\/uploads\/2017\/07\/baradel.jpg?resize=350%2C200 1x, https:\/\/i0.wp.com\/www.24baires.com\/wp-content\/uploads\/2017\/07\/baradel.jpg?resize=525%2C300 1.5x"},"classes":[]},{"id":92994,"url":"https:\/\/www.24baires.com\/?p=92994","url_meta":{"origin":113367,"position":4},"title":"\u00abSi la Provincia est\u00e1 fundida, la Naci\u00f3n debe auxiliarla\u00bb, consider\u00f3 Baradel","author":"GB","date":"12\/03\/2017","format":false,"excerpt":"Los gremios docentes bonaerenses no asistieron ayer a una nueva reuni\u00f3n con las autoridades provinciales porque les quisieron imponer una conciliaci\u00f3n obligatoria. Habr\u00e1 paro este lunes. La tensi\u00f3n por la paritaria docente se recrudece y esta semana estar\u00e1 signada por nuevos paros y movilizaciones. As\u00ed, los gremios bonaerenses convocaron a\u2026","rel":"","context":"En \u00abProvincia\u00bb","block_context":{"text":"Provincia","link":"https:\/\/www.24baires.com\/?cat=40"},"img":{"alt_text":"","src":"https:\/\/i0.wp.com\/www.24baires.com\/wp-content\/uploads\/2014\/03\/Baradel.jpg?resize=350%2C200","width":350,"height":200},"classes":[]},{"id":106892,"url":"https:\/\/www.24baires.com\/?p=106892","url_meta":{"origin":113367,"position":5},"title":"Los docentes volver\u00e1n a pedir la paritaria nacional","author":"AF","date":"18\/02\/2019","format":false,"excerpt":"Los cuatro gremios con representaci\u00f3n en todo el pa\u00eds se reunir\u00e1n esta tarde con el ministro Alejandro Finocchiaro para participar de la \u201cmesa de convenio marco\u201d, la instancia que cre\u00f3 el Gobierno al eliminar la paritaria nacional. \u201cEl Gobierno deber\u00eda cumplir con la ley, convocando a la paritaria nacional docente\u201d,\u2026","rel":"","context":"En \u00abSociedad\u00bb","block_context":{"text":"Sociedad","link":"https:\/\/www.24baires.com\/?cat=1"},"img":{"alt_text":"","src":"https:\/\/i0.wp.com\/www.24baires.com\/wp-content\/uploads\/2018\/06\/docentes-en-lucha.jpg?resize=350%2C200","width":350,"height":200,"srcset":"https:\/\/i0.wp.com\/www.24baires.com\/wp-content\/uploads\/2018\/06\/docentes-en-lucha.jpg?resize=350%2C200 1x, https:\/\/i0.wp.com\/www.24baires.com\/wp-content\/uploads\/2018\/06\/docentes-en-lucha.jpg?resize=525%2C300 1.5x"},"classes":[]}],"jetpack_sharing_enabled":true,"jetpack_likes_enabled":true,"jetpack_featured_media_url":"","_links":{"self":[{"href":"https:\/\/www.24baires.com\/index.php?rest_route=\/wp\/v2\/posts\/113367","targetHints":{"allow":["GET"]}}],"collection":[{"href":"https:\/\/www.24baires.com\/index.php?rest_route=\/wp\/v2\/posts"}],"about":[{"href":"https:\/\/www.24baires.com\/index.php?rest_route=\/wp\/v2\/types\/post"}],"author":[{"embeddable":true,"href":"https:\/\/www.24baires.com\/index.php?rest_route=\/wp\/v2\/users\/8"}],"replies":[{"embeddable":true,"href":"https:\/\/www.24baires.com\/index.php?rest_route=%2Fwp%2Fv2%2Fcomments&post=113367"}],"version-history":[{"count":1,"href":"https:\/\/www.24baires.com\/index.php?rest_route=\/wp\/v2\/posts\/113367\/revisions"}],"predecessor-version":[{"id":113369,"href":"https:\/\/www.24baires.com\/index.php?rest_route=\/wp\/v2\/posts\/113367\/revisions\/113369"}],"wp:attachment":[{"href":"https:\/\/www.24baires.com\/index.php?rest_route=%2Fwp%2Fv2%2Fmedia&parent=113367"}],"wp:term":[{"taxonomy":"category","embeddable":true,"href":"https:\/\/www.24baires.com\/index.php?rest_route=%2Fwp%2Fv2%2Fcategories&post=113367"},{"taxonomy":"post_tag","embeddable":true,"href":"https:\/\/www.24baires.com\/index.php?rest_route=%2Fwp%2Fv2%2Ftags&post=113367"}],"curies":[{"name":"wp","href":"https:\/\/api.w.org\/{rel}","templated":true}]}}