{"id":113250,"date":"2019-12-04T12:00:21","date_gmt":"2019-12-04T15:00:21","guid":{"rendered":"http:\/\/www.24baires.com\/?p=113250"},"modified":"2019-12-04T09:17:10","modified_gmt":"2019-12-04T12:17:10","slug":"siguen-los-aumentos-en-los-colegios-privados-en-marzo-subira-un-20-la-cuota","status":"publish","type":"post","link":"https:\/\/www.24baires.com\/?p=113250","title":{"rendered":"Siguen los aumentos en los colegios privados: en marzo subir\u00e1 un 20% la cuota"},"content":{"rendered":"<p><img data-recalc-dims=\"1\" loading=\"lazy\" decoding=\"async\" src=\"https:\/\/i0.wp.com\/www.24baires.com\/wp-content\/uploads\/2016\/09\/escuela-privada.jpg?resize=300%2C200\" alt=\"\" width=\"300\" height=\"200\" class=\"alignleft size-medium wp-image-87359\" srcset=\"https:\/\/i0.wp.com\/www.24baires.com\/wp-content\/uploads\/2016\/09\/escuela-privada.jpg?resize=300%2C200&amp;ssl=1 300w, https:\/\/i0.wp.com\/www.24baires.com\/wp-content\/uploads\/2016\/09\/escuela-privada.jpg?w=560&amp;ssl=1 560w\" sizes=\"auto, (max-width: 300px) 100vw, 300px\" \/>Todav\u00eda no termin\u00f3 el 2019 y ya se empiezan a acumular los aumentos para 2020. Ahora lleg\u00f3 el turno de las cuotas de los colegios privados, para las que se acaba de aprobar un nuevo ajuste a partir de marzo del a\u00f1o entrante.<br \/>\n<!--more--><\/p>\n<p>Es el segundo incremento anunciado en un mes, ya que a principios de noviembre \u00faltimo se hab\u00eda dado luz verde a un ajuste de los aranceles para el \u00faltimo tramo del a\u00f1o.<\/p>\n<p>Si bien los incrementos aprobados son en montos fijos, en promedio las actualizaciones de los aranceles de los colegios rondar\u00e1n el 20 por ciento.<\/p>\n<p> Como sucedi\u00f3 en la anterior actualizaci\u00f3n, que hab\u00eda sido aplicada en noviembre pasado, la suba recorre una amplia escala, determinada por el nivel y la modalidad de ense\u00f1anza y por el porcentaje de aporte que percibe cada instituci\u00f3n.<\/p>\n","protected":false},"excerpt":{"rendered":"<p>Todav\u00eda no termin\u00f3 el 2019 y ya se empiezan a acumular los aumentos para 2020. Ahora lleg\u00f3 el turno de las cuotas de los colegios privados, para las que se acaba de aprobar un nuevo ajuste a partir de marzo del a\u00f1o entrante.<\/p>\n","protected":false},"author":8,"featured_media":0,"comment_status":"open","ping_status":"open","sticky":false,"template":"","format":"standard","meta":{"_jetpack_newsletter_access":"","_jetpack_dont_email_post_to_subs":false,"_jetpack_newsletter_tier_id":0,"_jetpack_memberships_contains_paywalled_content":false,"_jetpack_memberships_contains_paid_content":false,"footnotes":""},"categories":[45],"tags":[],"class_list":["post-113250","post","type-post","status-publish","format-standard","hentry","category-economia"],"jetpack_featured_media_url":"","jetpack_shortlink":"https:\/\/wp.me\/p2JWE0-tsC","jetpack-related-posts":[{"id":120122,"url":"https:\/\/www.24baires.com\/?p=120122","url_meta":{"origin":113250,"position":0},"title":"Aumentan los colegios privados","author":"GB","date":"23\/05\/2023","format":false,"excerpt":"El Gobierno bonaerense autoriz\u00f3 un nuevo aumento en las cuotas de los colegios privados. La cifra asciende a un 7,5% promedio a partir de junio de 2023. Gobierno bonaerense autoriz\u00f3 un nuevo aumento en las cuotas de los colegios privados subsidiados total o parcialmente por el Estado para el mes\u2026","rel":"","context":"En \u00abSociedad\u00bb","block_context":{"text":"Sociedad","link":"https:\/\/www.24baires.com\/?cat=1"},"img":{"alt_text":"","src":"https:\/\/i0.wp.com\/www.24baires.com\/wp-content\/uploads\/2015\/03\/colegio-privado.jpg?resize=350%2C200","width":350,"height":200,"srcset":"https:\/\/i0.wp.com\/www.24baires.com\/wp-content\/uploads\/2015\/03\/colegio-privado.jpg?resize=350%2C200 1x, https:\/\/i0.wp.com\/www.24baires.com\/wp-content\/uploads\/2015\/03\/colegio-privado.jpg?resize=525%2C300 1.5x, https:\/\/i0.wp.com\/www.24baires.com\/wp-content\/uploads\/2015\/03\/colegio-privado.jpg?resize=700%2C400 2x"},"classes":[]},{"id":14717,"url":"https:\/\/www.24baires.com\/?p=14717","url_meta":{"origin":113250,"position":1},"title":"Autorizaron aumentos de hasta el 50% en colegios privados de la Provincia","author":"AF","date":"05\/02\/2013","format":false,"excerpt":"La Direcci\u00f3n General de Cultura y Educaci\u00f3n bonaerense autoriz\u00f3 a los colegios privados a incrementar hasta un 50 por ciento el valor de la matr\u00edcula de inscripci\u00f3n para el ciclo lectivo 2013. As\u00ed fue acordado por el gobierno provincial y la c\u00e1mara que nuclea a los colegios privados, confesionales y\u2026","rel":"","context":"En \u00abEconom\u00eda\u00bb","block_context":{"text":"Econom\u00eda","link":"https:\/\/www.24baires.com\/?cat=45"},"img":{"alt_text":"","src":"","width":0,"height":0},"classes":[]},{"id":120700,"url":"https:\/\/www.24baires.com\/?p=120700","url_meta":{"origin":113250,"position":2},"title":"Colegios privados piden poder incrementar sus cuotas","author":"GB","date":"29\/11\/2023","format":false,"excerpt":"Desde el sector piden una respuesta del Ejecutivo bonaerense para oficializar el aumento de las cuotas antes de diciembre y una de las entidades pidi\u00f3 a sus escuelas cobrar igual con aumento \u201ca cuenta\u201d, situaci\u00f3n que no estar\u00eda avalada. Colegios privados contin\u00faan con el pedido al Gobierno de la Provincia\u2026","rel":"","context":"En \u00abProvincia\u00bb","block_context":{"text":"Provincia","link":"https:\/\/www.24baires.com\/?cat=40"},"img":{"alt_text":"","src":"https:\/\/i0.wp.com\/www.24baires.com\/wp-content\/uploads\/2023\/02\/escuelas-colegiosjpeg.jpeg?resize=350%2C200","width":350,"height":200,"srcset":"https:\/\/i0.wp.com\/www.24baires.com\/wp-content\/uploads\/2023\/02\/escuelas-colegiosjpeg.jpeg?resize=350%2C200 1x, https:\/\/i0.wp.com\/www.24baires.com\/wp-content\/uploads\/2023\/02\/escuelas-colegiosjpeg.jpeg?resize=525%2C300 1.5x, https:\/\/i0.wp.com\/www.24baires.com\/wp-content\/uploads\/2023\/02\/escuelas-colegiosjpeg.jpeg?resize=700%2C400 2x"},"classes":[]},{"id":112842,"url":"https:\/\/www.24baires.com\/?p=112842","url_meta":{"origin":113250,"position":3},"title":"Sadop rechaz\u00f3 el nuevo aumento en las cuotas de los colegios privados y reclam\u00f3 por salarios","author":"GB","date":"04\/11\/2019","format":false,"excerpt":"Desde el gremio que aglutina a docentes particulares remarcaron que el nuevo aumento de la cuota se hace con la \u201cexcusa\u201d de mejoras salariales, pero los docentes contin\u00faan ganando menos que lo normal. El gobierno de la provincia de Buenos Aires aprob\u00f3 un aumento del 24 por ciento del arancel\u2026","rel":"","context":"En \u00abProvincia\u00bb","block_context":{"text":"Provincia","link":"https:\/\/www.24baires.com\/?cat=40"},"img":{"alt_text":"","src":"https:\/\/i0.wp.com\/www.24baires.com\/wp-content\/uploads\/2015\/03\/colegio-privado.jpg?resize=350%2C200","width":350,"height":200},"classes":[]},{"id":121027,"url":"https:\/\/www.24baires.com\/?p=121027","url_meta":{"origin":113250,"position":4},"title":"Desde marzo vuelven a aumentar las cuotas de los colegios privados","author":"GB","date":"27\/02\/2024","format":false,"excerpt":"El Gobierno bonaerense autoriz\u00f3 un nuevo aumento en las cuotas de los colegios privados. El incremento ser\u00e1 del 50% a partir de marzo de 2024. El Gobierno de la Provincia de Buenos Aires autoriz\u00f3 un nuevo aumento en las cuotas de los colegios privados. El \u00faltimo aumento se hab\u00eda autorizado\u2026","rel":"","context":"En \u00abProvincia\u00bb","block_context":{"text":"Provincia","link":"https:\/\/www.24baires.com\/?cat=40"},"img":{"alt_text":"","src":"https:\/\/i0.wp.com\/www.24baires.com\/wp-content\/uploads\/2024\/02\/escuela-provada.webp?resize=350%2C200","width":350,"height":200,"srcset":"https:\/\/i0.wp.com\/www.24baires.com\/wp-content\/uploads\/2024\/02\/escuela-provada.webp?resize=350%2C200 1x, https:\/\/i0.wp.com\/www.24baires.com\/wp-content\/uploads\/2024\/02\/escuela-provada.webp?resize=525%2C300 1.5x, https:\/\/i0.wp.com\/www.24baires.com\/wp-content\/uploads\/2024\/02\/escuela-provada.webp?resize=700%2C400 2x"},"classes":[]},{"id":99015,"url":"https:\/\/www.24baires.com\/?p=99015","url_meta":{"origin":113250,"position":5},"title":"En 2018 los colegios privados tendr\u00e1n aumentos de hasta el 8,5%","author":"Grupo Sierra","date":"27\/11\/2017","format":false,"excerpt":"El Gobierno bonaerense anunci\u00f3 un aumento de entre el 8 y el 8,5% en el arancel curricular de los colegios de gesti\u00f3n privada en la provincia que comenzar\u00e1 a regir en 2018. Los topes de las cuotas rondar\u00e1n entre los 672 y los 2902 pesos para escuelas primarias, y entre\u2026","rel":"","context":"En \u00abEducaci\u00f3n\u00bb","block_context":{"text":"Educaci\u00f3n","link":"https:\/\/www.24baires.com\/?cat=327"},"img":{"alt_text":"","src":"https:\/\/i0.wp.com\/www.dib.com.ar\/gestion\/images\/blogmanagement\/noticias\/thumb\/5a1c90fb5b9e41511821563.jpg?resize=350%2C200","width":350,"height":200,"srcset":"https:\/\/i0.wp.com\/www.dib.com.ar\/gestion\/images\/blogmanagement\/noticias\/thumb\/5a1c90fb5b9e41511821563.jpg?resize=350%2C200 1x, https:\/\/i0.wp.com\/www.dib.com.ar\/gestion\/images\/blogmanagement\/noticias\/thumb\/5a1c90fb5b9e41511821563.jpg?resize=525%2C300 1.5x"},"classes":[]}],"jetpack_sharing_enabled":true,"jetpack_likes_enabled":true,"_links":{"self":[{"href":"https:\/\/www.24baires.com\/index.php?rest_route=\/wp\/v2\/posts\/113250","targetHints":{"allow":["GET"]}}],"collection":[{"href":"https:\/\/www.24baires.com\/index.php?rest_route=\/wp\/v2\/posts"}],"about":[{"href":"https:\/\/www.24baires.com\/index.php?rest_route=\/wp\/v2\/types\/post"}],"author":[{"embeddable":true,"href":"https:\/\/www.24baires.com\/index.php?rest_route=\/wp\/v2\/users\/8"}],"replies":[{"embeddable":true,"href":"https:\/\/www.24baires.com\/index.php?rest_route=%2Fwp%2Fv2%2Fcomments&post=113250"}],"version-history":[{"count":1,"href":"https:\/\/www.24baires.com\/index.php?rest_route=\/wp\/v2\/posts\/113250\/revisions"}],"predecessor-version":[{"id":113251,"href":"https:\/\/www.24baires.com\/index.php?rest_route=\/wp\/v2\/posts\/113250\/revisions\/113251"}],"wp:attachment":[{"href":"https:\/\/www.24baires.com\/index.php?rest_route=%2Fwp%2Fv2%2Fmedia&parent=113250"}],"wp:term":[{"taxonomy":"category","embeddable":true,"href":"https:\/\/www.24baires.com\/index.php?rest_route=%2Fwp%2Fv2%2Fcategories&post=113250"},{"taxonomy":"post_tag","embeddable":true,"href":"https:\/\/www.24baires.com\/index.php?rest_route=%2Fwp%2Fv2%2Ftags&post=113250"}],"curies":[{"name":"wp","href":"https:\/\/api.w.org\/{rel}","templated":true}]}}