{"id":113227,"date":"2019-12-03T11:00:05","date_gmt":"2019-12-03T14:00:05","guid":{"rendered":"http:\/\/www.24baires.com\/?p=113227"},"modified":"2019-12-03T11:00:05","modified_gmt":"2019-12-03T14:00:05","slug":"la-tarifa-del-agua-se-define-en-marzo-dijo-frigerio","status":"publish","type":"post","link":"https:\/\/www.24baires.com\/?p=113227","title":{"rendered":"\u00abLa tarifa del agua se define en marzo\u00bb, dijo Frigerio"},"content":{"rendered":"<p><img data-recalc-dims=\"1\" loading=\"lazy\" decoding=\"async\" src=\"https:\/\/i0.wp.com\/www.24baires.com\/wp-content\/uploads\/2018\/11\/dujovne-frigerio.jpg?resize=560%2C315\" alt=\"\" width=\"560\" height=\"315\" class=\"aligncenter size-full wp-image-105235\" srcset=\"https:\/\/i0.wp.com\/www.24baires.com\/wp-content\/uploads\/2018\/11\/dujovne-frigerio.jpg?w=560&amp;ssl=1 560w, https:\/\/i0.wp.com\/www.24baires.com\/wp-content\/uploads\/2018\/11\/dujovne-frigerio.jpg?resize=300%2C169&amp;ssl=1 300w\" sizes=\"auto, (max-width: 560px) 100vw, 560px\" \/>El ministro de Interior afirm\u00f3 que la tarifa tendr\u00e1 que revisarse a principios de 2020 para ajustarla a la inflaci\u00f3n que se registr\u00f3 desde mayo de 2019, cuando se aplic\u00f3 la \u00faltima suba.<!--more--><\/p>\n<p>El ministro del Interior, Obras P\u00fablicas y Vivienda, Rogelio Frigerio, confirm\u00f3 este lunes que Alberto Fern\u00e1ndez deber\u00e1 actualizar la tarifa de los usuarios de AYSA en marzo de 2020.<\/p>\n<p>\u00abEl cuadro tarifario del agua se define en marzo. El nuestro ya se anunci\u00f3 post audiencia y se cumpli\u00f3\u00bb, asegur\u00f3 Frigerio.<\/p>\n<p>La tarifa del agua subi\u00f3 un 27% en mayo de 2019 y desde entonces se mantuvo en ese valor por lo que \u00abla pr\u00f3xima gesti\u00f3n har\u00e1 el c\u00e1lculo de ver cu\u00e1nto fue la inflaci\u00f3n\u00bb entre ese mes y marzo de 2020, consider\u00f3 el funcionario.<\/p>\n<p>En otras palabras, el Presidente electo ya tiene un tarifazo pautado para el inicio de su gesti\u00f3n cortes\u00eda de las subas escalonadas implementadas durante el Gobierno de Mauricio Macri.<\/p>\n<p>Como no existen audiencias p\u00fablicas vinculantes para fijar el pr\u00f3ximo aumento del agua, la gesti\u00f3n de Fern\u00e1ndez podr\u00eda definir alternativas, como un aumento escalonado, o directamente no incrementar el precio del servicio aunque eso provoce un posible atraso tarifario.<\/p>\n<p>El aumento del 27% se aplic\u00f3 el 1\u00b0 de mayo pasado con una inflaci\u00f3n superior al 50%, aunque en Interior se\u00f1alaron que la tarifa est\u00e1 equilibrada, ya que lo que paga el usuario \u00abcubre el 100% del costo operativo\u00bb.<\/p>\n<p>\u00abLa tarifa de agua que se paga en Buenos Aires sigue siendo inferior a lo que se paga en Montevideo o San Pablo\u00bb, afirmaron colaboradores de Frigerio.<\/p>\n<p>Frigerio difundi\u00f3 el balance de su gesti\u00f3n este lunes en un encuentro con la prensa en Casa Rosada. En esta oportunidad se centr\u00f3 en las \u00e1reas de Vivienda y Obra P\u00fablica, luego de que en una anterior reuni\u00f3n se hablara de DNI, Migraciones, Fronteras, Sistema Electoral y Municipios.<\/p>\n<p>El ministro asegur\u00f3 que \u00abun mill\u00f3n de personas se sumaron a la red de agua potable y 1.700.000 a la red de cloacas\u00bb durante sus cuatros a\u00f1os de gesti\u00f3n.<\/p>\n","protected":false},"excerpt":{"rendered":"<p>El ministro de Interior afirm\u00f3 que la tarifa tendr\u00e1 que revisarse a principios de 2020 para ajustarla a la inflaci\u00f3n que se registr\u00f3 desde mayo de 2019, cuando se aplic\u00f3 la \u00faltima suba.<\/p>\n","protected":false},"author":8,"featured_media":0,"comment_status":"open","ping_status":"open","sticky":false,"template":"","format":"standard","meta":{"_jetpack_newsletter_access":"","_jetpack_dont_email_post_to_subs":false,"_jetpack_newsletter_tier_id":0,"_jetpack_memberships_contains_paywalled_content":false,"_jetpack_memberships_contains_paid_content":false,"footnotes":""},"categories":[45],"tags":[],"class_list":["post-113227","post","type-post","status-publish","format-standard","hentry","category-economia"],"jetpack_featured_media_url":"","jetpack_shortlink":"https:\/\/wp.me\/p2JWE0-tsf","jetpack-related-posts":[{"id":101726,"url":"https:\/\/www.24baires.com\/?p=101726","url_meta":{"origin":113227,"position":0},"title":"Frigerio sostuvo que los aumentos continuar\u00edan durante \u00abcuatro o cinco\u00bb a\u00f1os m\u00e1s","author":"AF","date":"20\/04\/2018","format":false,"excerpt":"El ministro del Interior sostuvo que los subsidios a los servicios p\u00fablicos son una forma de \u201cmentirle a la gente\" y pronostic\u00f3 un camino \"gradual\" de aumentos por cuatro o cinco a\u00f1os. \u201cLas tarifas y los servicios b\u00e1sicos tienen un costo y ese costo por supuesto que hay que pagarlo\",\u2026","rel":"","context":"En \u00abSociedad\u00bb","block_context":{"text":"Sociedad","link":"https:\/\/www.24baires.com\/?cat=1"},"img":{"alt_text":"","src":"https:\/\/i0.wp.com\/www.24baires.com\/wp-content\/uploads\/2016\/10\/rogelio-frigerio.jpg?resize=350%2C200","width":350,"height":200,"srcset":"https:\/\/i0.wp.com\/www.24baires.com\/wp-content\/uploads\/2016\/10\/rogelio-frigerio.jpg?resize=350%2C200 1x, https:\/\/i0.wp.com\/www.24baires.com\/wp-content\/uploads\/2016\/10\/rogelio-frigerio.jpg?resize=525%2C300 1.5x"},"classes":[]},{"id":92964,"url":"https:\/\/www.24baires.com\/?p=92964","url_meta":{"origin":113227,"position":1},"title":"\u00abLa situaci\u00f3n social es lo que m\u00e1s nos preocupa\u00bb, indic\u00f3 Frigerio","author":"AF","date":"10\/03\/2017","format":false,"excerpt":"El ministro del Interior asegur\u00f3 que el gobierno est\u00e1 \"monitoreando en forma permanente\" todas las pol\u00edticas que se van tomando con el foco puesto en la \"situaci\u00f3n social\". El ministro del Interior, Rogelio Frigerio, asegur\u00f3 que el equipo de gobierno est\u00e1 \"monitoreando en forma permanente\" todas las pol\u00edticas que se\u2026","rel":"","context":"En \u00abSociedad\u00bb","block_context":{"text":"Sociedad","link":"https:\/\/www.24baires.com\/?cat=1"},"img":{"alt_text":"","src":"https:\/\/i0.wp.com\/www.24baires.com\/wp-content\/uploads\/2016\/02\/frigerio.jpg?resize=350%2C200","width":350,"height":200,"srcset":"https:\/\/i0.wp.com\/www.24baires.com\/wp-content\/uploads\/2016\/02\/frigerio.jpg?resize=350%2C200 1x, https:\/\/i0.wp.com\/www.24baires.com\/wp-content\/uploads\/2016\/02\/frigerio.jpg?resize=525%2C300 1.5x"},"classes":[]},{"id":81979,"url":"https:\/\/www.24baires.com\/?p=81979","url_meta":{"origin":113227,"position":2},"title":"Planean extender la tarjeta Sube a todo el pa\u00eds","author":"AF","date":"27\/04\/2016","format":false,"excerpt":"Adem\u00e1s, hoy anunciaron el aumento de los subsidios al transporte p\u00fablico en el interior. El Gobierno anunci\u00f3 este martes que \"est\u00e1 trabajando\" para implementar el sistema de la tarjeta SUBE en todo el pa\u00eds, y comunic\u00f3 un incremento de los subsidios en las tarifas del transporte p\u00fablico del interior del\u2026","rel":"","context":"En \u00abSociedad\u00bb","block_context":{"text":"Sociedad","link":"https:\/\/www.24baires.com\/?cat=1"},"img":{"alt_text":"sube","src":"https:\/\/i0.wp.com\/www.24baires.com\/wp-content\/uploads\/2015\/07\/sube.jpg?resize=350%2C200","width":350,"height":200,"srcset":"https:\/\/i0.wp.com\/www.24baires.com\/wp-content\/uploads\/2015\/07\/sube.jpg?resize=350%2C200 1x, https:\/\/i0.wp.com\/www.24baires.com\/wp-content\/uploads\/2015\/07\/sube.jpg?resize=525%2C300 1.5x"},"classes":[]},{"id":81311,"url":"https:\/\/www.24baires.com\/?p=81311","url_meta":{"origin":113227,"position":3},"title":"Frigerio adelant\u00f3 que \u00abhabr\u00e1 que revisar la proyecci\u00f3n de la inflaci\u00f3n\u00bb","author":"AF","date":"12\/04\/2016","format":false,"excerpt":"El Minisitro de Interior, Obras P\u00fablicas y Vivienda ratific\u00f3 la previsi\u00f3n del Gobierno nacional de que en el segundo semestre del a\u00f1o \"va a bajar la inflaci\u00f3n\". Adem\u00e1s, asegur\u00f3 que en el \u00e1rea metropolitana \"es donde m\u00e1s fuerte pega el incremento de las tarifas\". \"Estamos convencidos que en algunos pocos\u2026","rel":"","context":"En \u00abEconom\u00eda\u00bb","block_context":{"text":"Econom\u00eda","link":"https:\/\/www.24baires.com\/?cat=45"},"img":{"alt_text":"frigerio","src":"https:\/\/i0.wp.com\/www.24baires.com\/wp-content\/uploads\/2016\/02\/frigerio.jpg?resize=350%2C200","width":350,"height":200,"srcset":"https:\/\/i0.wp.com\/www.24baires.com\/wp-content\/uploads\/2016\/02\/frigerio.jpg?resize=350%2C200 1x, https:\/\/i0.wp.com\/www.24baires.com\/wp-content\/uploads\/2016\/02\/frigerio.jpg?resize=525%2C300 1.5x"},"classes":[]},{"id":102340,"url":"https:\/\/www.24baires.com\/?p=102340","url_meta":{"origin":113227,"position":4},"title":"Los ministros Frigerio y Dujovne ratificaron el rumbo econ\u00f3mico del pa\u00eds","author":"AF","date":"24\/05\/2018","format":false,"excerpt":"En conferencia de prensa, los ministros ratificaron el rumbo de la econom\u00eda aunque reconocieron estar al tanto de la \u201cincertidumbre de la gente\u201d. Sobre los cambios en el gabinete y el nuevo rol del ministro de Hacienda como coordinador del equipo econ\u00f3mico, Dujovne intent\u00f3 despejar las duda: \u201cnadie est\u00e1 por\u2026","rel":"","context":"En \u00abEconom\u00eda\u00bb","block_context":{"text":"Econom\u00eda","link":"https:\/\/www.24baires.com\/?cat=45"},"img":{"alt_text":"","src":"https:\/\/i0.wp.com\/www.24baires.com\/wp-content\/uploads\/2018\/05\/frigerio-dujovne.jpg?resize=350%2C200","width":350,"height":200,"srcset":"https:\/\/i0.wp.com\/www.24baires.com\/wp-content\/uploads\/2018\/05\/frigerio-dujovne.jpg?resize=350%2C200 1x, https:\/\/i0.wp.com\/www.24baires.com\/wp-content\/uploads\/2018\/05\/frigerio-dujovne.jpg?resize=525%2C300 1.5x"},"classes":[]},{"id":92044,"url":"https:\/\/www.24baires.com\/?p=92044","url_meta":{"origin":113227,"position":5},"title":"Seg\u00fan Frigerio, en 2017 la inflaci\u00f3n estar\u00e1 en torno al 17% y en 2018 al 10%","author":"AF","date":"01\/02\/2017","format":false,"excerpt":"El ministro del Interior reiter\u00f3 que la inflaci\u00f3n para 2017 va a estar \"en torno al 17%\" y que \"el a\u00f1o que viene\" ser\u00e1 \"en torno al 10\", al tiempo que sostuvo que el aumento en la tarifa de energ\u00eda el\u00e9ctrica anunciado ayer estaba \"contemplado en la proyecci\u00f3n\" incluida en\u2026","rel":"","context":"En \u00abEconom\u00eda\u00bb","block_context":{"text":"Econom\u00eda","link":"https:\/\/www.24baires.com\/?cat=45"},"img":{"alt_text":"","src":"https:\/\/i0.wp.com\/www.24baires.com\/wp-content\/uploads\/2016\/10\/rogelio-frigerio.jpg?resize=350%2C200","width":350,"height":200,"srcset":"https:\/\/i0.wp.com\/www.24baires.com\/wp-content\/uploads\/2016\/10\/rogelio-frigerio.jpg?resize=350%2C200 1x, https:\/\/i0.wp.com\/www.24baires.com\/wp-content\/uploads\/2016\/10\/rogelio-frigerio.jpg?resize=525%2C300 1.5x"},"classes":[]}],"jetpack_sharing_enabled":true,"jetpack_likes_enabled":true,"_links":{"self":[{"href":"https:\/\/www.24baires.com\/index.php?rest_route=\/wp\/v2\/posts\/113227","targetHints":{"allow":["GET"]}}],"collection":[{"href":"https:\/\/www.24baires.com\/index.php?rest_route=\/wp\/v2\/posts"}],"about":[{"href":"https:\/\/www.24baires.com\/index.php?rest_route=\/wp\/v2\/types\/post"}],"author":[{"embeddable":true,"href":"https:\/\/www.24baires.com\/index.php?rest_route=\/wp\/v2\/users\/8"}],"replies":[{"embeddable":true,"href":"https:\/\/www.24baires.com\/index.php?rest_route=%2Fwp%2Fv2%2Fcomments&post=113227"}],"version-history":[{"count":1,"href":"https:\/\/www.24baires.com\/index.php?rest_route=\/wp\/v2\/posts\/113227\/revisions"}],"predecessor-version":[{"id":113228,"href":"https:\/\/www.24baires.com\/index.php?rest_route=\/wp\/v2\/posts\/113227\/revisions\/113228"}],"wp:attachment":[{"href":"https:\/\/www.24baires.com\/index.php?rest_route=%2Fwp%2Fv2%2Fmedia&parent=113227"}],"wp:term":[{"taxonomy":"category","embeddable":true,"href":"https:\/\/www.24baires.com\/index.php?rest_route=%2Fwp%2Fv2%2Fcategories&post=113227"},{"taxonomy":"post_tag","embeddable":true,"href":"https:\/\/www.24baires.com\/index.php?rest_route=%2Fwp%2Fv2%2Ftags&post=113227"}],"curies":[{"name":"wp","href":"https:\/\/api.w.org\/{rel}","templated":true}]}}